{"id":78887,"date":"2010-12-14T00:12:04","date_gmt":"2010-12-14T00:12:04","guid":{"rendered":"http:\/\/www.fuldaer-nachrichten.de\/?p=78887"},"modified":"2010-12-14T07:55:15","modified_gmt":"2010-12-14T07:55:15","slug":"mediana-akademie-startet-neuen-kurs-zur-zum-praesenzmitarbeiterin-in-der-altenhilfe","status":"publish","type":"post","link":"https:\/\/www.fuldaernachrichten.de\/?p=78887","title":{"rendered":"Mediana Akademie startet neuen Kurs zur \/ zum \u201ePr\u00e4senzmitarbeiter\/in in der Altenhilfe\u201c"},"content":{"rendered":"<p><strong>Fulda. <\/strong>Auch im Jahr 2011 startet die Mediana Akademie einen neuen Lehrgang \u00c2\u00a0\u201ePr\u00e4senzmitarbeiter\/-in in der Altenhilfe\u201c. Der Kurs basiert auf einem Mediana-eigenen Konzept,\u00c2\u00a0 das bereits\u00c2\u00a0 im Jahr 2003 mit dem Quality-Award des Bundesverbandes privater Anbieter sozialer Dienstleistungen (bpa) ausgezeichnet wurde und das eine Antwort auf neue Wohnformen in der Altenhilfe gibt. Die Qualifizierungsma\u00dfnahme umfasst insgesamt 172 Stunden und gliedert sich in Grund-, Aufbau- und Erweiterungsmodule mit praktischen Bestandteilen, die alle berufsbegleitend absolviert werden k\u00f6nnen. Am Ende des Kurses erhalten die Teilnehmer bei erfolgreichem Bestehen der lehrgangsinternen Pr\u00fcfungen ein Zertifikat\u00c2\u00a0 der Industrie- und Handelskammer (IHK). Der n\u00e4chste Kurs beginnt am 28. Januar 2011. N\u00e4here Informationen und Anmeldeunterlagen hierf\u00fcr k\u00f6nnen unter info@mediana-akademie.de \u00c2\u00a0oder unter der Tel.-Nr. 0661 \/ 480 299 120 angefordert werden.<\/p>\n","protected":false},"excerpt":{"rendered":"<div class=\"tmnf_excerpt\"><p>Fulda. Auch im Jahr 2011 startet die Mediana Akademie einen neuen Lehrgang \u00c2\u00a0\u201ePr\u00e4senzmitarbeiter\/-in in der Altenhilfe\u201c. Der Kurs basiert auf einem Mediana-eigenen Konzept,\u00c2\u00a0 das bereits\u00c2\u00a0 im Jahr 2003 mit dem Quality-Award des Bundesverbandes privater Anbieter sozialer Dienstleistungen (bpa) ausgezeichnet wurde und das eine Antwort auf neue Wohnformen in der Altenhilfe gibt. Die Qualifizierungsma\u00dfnahme umfasst insgesamt &hellip;<\/p>\n<\/div>","protected":false},"author":1,"featured_media":0,"comment_status":"closed","ping_status":"closed","sticky":false,"template":"","format":"standard","meta":{"footnotes":""},"categories":[1,51],"tags":[],"class_list":["post-78887","post","type-post","status-publish","format-standard","hentry","category-startseite","category-medizin"],"_links":{"self":[{"href":"https:\/\/www.fuldaernachrichten.de\/index.php?rest_route=\/wp\/v2\/posts\/78887","targetHints":{"allow":["GET"]}}],"collection":[{"href":"https:\/\/www.fuldaernachrichten.de\/index.php?rest_route=\/wp\/v2\/posts"}],"about":[{"href":"https:\/\/www.fuldaernachrichten.de\/index.php?rest_route=\/wp\/v2\/types\/post"}],"author":[{"embeddable":true,"href":"https:\/\/www.fuldaernachrichten.de\/index.php?rest_route=\/wp\/v2\/users\/1"}],"replies":[{"embeddable":true,"href":"https:\/\/www.fuldaernachrichten.de\/index.php?rest_route=%2Fwp%2Fv2%2Fcomments&post=78887"}],"version-history":[{"count":2,"href":"https:\/\/www.fuldaernachrichten.de\/index.php?rest_route=\/wp\/v2\/posts\/78887\/revisions"}],"predecessor-version":[{"id":78895,"href":"https:\/\/www.fuldaernachrichten.de\/index.php?rest_route=\/wp\/v2\/posts\/78887\/revisions\/78895"}],"wp:attachment":[{"href":"https:\/\/www.fuldaernachrichten.de\/index.php?rest_route=%2Fwp%2Fv2%2Fmedia&parent=78887"}],"wp:term":[{"taxonomy":"category","embeddable":true,"href":"https:\/\/www.fuldaernachrichten.de\/index.php?rest_route=%2Fwp%2Fv2%2Fcategories&post=78887"},{"taxonomy":"post_tag","embeddable":true,"href":"https:\/\/www.fuldaernachrichten.de\/index.php?rest_route=%2Fwp%2Fv2%2Ftags&post=78887"}],"curies":[{"name":"wp","href":"https:\/\/api.w.org\/{rel}","templated":true}]}}