{"id":78853,"date":"2010-12-14T00:41:09","date_gmt":"2010-12-14T00:41:09","guid":{"rendered":"http:\/\/www.fuldaer-nachrichten.de\/?p=78853"},"modified":"2010-12-13T16:41:26","modified_gmt":"2010-12-13T16:41:26","slug":"stadtkirche-wurde-zur-lichterkirche-entschleunigung-und-besinnung-in-der-adventszeit","status":"publish","type":"post","link":"https:\/\/www.fuldaernachrichten.de\/?p=78853","title":{"rendered":"Stadtkirche wurde zur Lichterkirche: Entschleunigung und Besinnung in der Adventszeit"},"content":{"rendered":"<p><strong>Fulda.<\/strong> Die Adventszeit ist die Zeit der Weihnachtsm\u00e4rkte, der leckeren Pl\u00e4tzchen und der beleuchteten Innenst\u00e4dte. Allerdings r\u00fcckt oftmals ihre eigentliche Bedeutung, die Vorbereitung auf die Ankunft (lat. adventus) von Jesus Christus in den Hintergrund. Daher l\u00e4dt die Evangelische Kirchengemeinde Schlitz (Vogelsbergkreis) erstmals seit diesem Jahr zur Einkehr in die festlich illuminierte Stadtkirche ein. \u201eAlle Besucher sind unabh\u00e4ngig von ihrer Konfession willkommen\u201c, erl\u00e4utert Kirchenvorstandsmitglied Anneliese Dern und weiter: \u201eBesucher finden hier die Ruhe f\u00fcr ein Gebet oder einfach Stille zur Entschleunigung des oft stressigen Alltags\u201c. In dem beheizten, mit Kerzen beleuchteten Gotteshaus ist au\u00dferdem leise klassische Musik zu h\u00f6ren.<\/p>\n<p><a href=\"http:\/\/www.fuldaer-nachrichten.de\/wp-content\/uploads\/2010\/12\/101213_Stadtpfarrkirche9.jpg\"><img fetchpriority=\"high\" decoding=\"async\" class=\"alignnone size-medium wp-image-78862\" title=\"101213_Stadtpfarrkirche9\" src=\"http:\/\/www.fuldaer-nachrichten.de\/wp-content\/uploads\/2010\/12\/101213_Stadtpfarrkirche9-265x398.jpg\" alt=\"\" width=\"265\" height=\"398\" srcset=\"https:\/\/www.fuldaernachrichten.de\/wp-content\/uploads\/2010\/12\/101213_Stadtpfarrkirche9-265x398.jpg 265w, https:\/\/www.fuldaernachrichten.de\/wp-content\/uploads\/2010\/12\/101213_Stadtpfarrkirche9.jpg 399w\" sizes=\"(max-width: 265px) 100vw, 265px\" \/><\/a> <a href=\"http:\/\/www.fuldaer-nachrichten.de\/wp-content\/uploads\/2010\/12\/101213_Stadtpfarrkirche7.jpg\"><img decoding=\"async\" class=\"alignnone size-medium wp-image-78860\" title=\"101213_Stadtpfarrkirche7\" src=\"http:\/\/www.fuldaer-nachrichten.de\/wp-content\/uploads\/2010\/12\/101213_Stadtpfarrkirche7-265x398.jpg\" alt=\"\" width=\"265\" height=\"398\" srcset=\"https:\/\/www.fuldaernachrichten.de\/wp-content\/uploads\/2010\/12\/101213_Stadtpfarrkirche7-265x398.jpg 265w, https:\/\/www.fuldaernachrichten.de\/wp-content\/uploads\/2010\/12\/101213_Stadtpfarrkirche7.jpg 399w\" sizes=\"(max-width: 265px) 100vw, 265px\" \/><\/a><\/p>\n<p>Da die Stadtkirche am Rand des historischen Marktplatzes liegt, bietet sich gerade f\u00fcr Besucher des  Weihnachtsmarktes die Einkehr an. Die Aktion sei bereits gut angenommen worden: viele Menschen h\u00e4tten an den vergangenen Adventswochenenden in der Kirche innegehalten. Positive Reaktionen gibt es auch von den Besuchern der Burgenstadt. \u201eDas ist eine tolle Aktion, die es \u00fcberall geben sollte\u201c, sagt Christel Platzert aus Fulda, die mit ihrem Mann zum ersten Mal den Weihnachtsmarkt im historischen Stadtkern besucht hat. Walter Herbert aus Alheim (Kreis Hersfeld-Rotenburg) gef\u00e4llt insbesondere der Symbolcharakter der Aktion: \u201eAn Weihnachten geht es mittweile  oft nur noch um Konsum und Geschenke. Derartige Aktionen k\u00f6nnen vielleicht die eigentliche Bedeutung des Festes wieder in den Vordergrund r\u00fccken\u201c.<\/p>\n<p>Die Stadtkirche ist auch am kommenden Adventswochenende (Samstag, 18.12. und Sonntag, 19.12) von 17 Uhr bis 19 Uhr ge\u00f6ffnet.<\/p>\n<p><a href=\"http:\/\/www.fuldaer-nachrichten.de\/wp-content\/uploads\/2010\/12\/101213_Stadtpfarrkirche1.jpg\"><img decoding=\"async\" class=\"alignnone size-medium wp-image-78855\" title=\"101213_Stadtpfarrkirche1\" src=\"http:\/\/www.fuldaer-nachrichten.de\/wp-content\/uploads\/2010\/12\/101213_Stadtpfarrkirche1-265x176.jpg\" alt=\"\" width=\"265\" height=\"176\" srcset=\"https:\/\/www.fuldaernachrichten.de\/wp-content\/uploads\/2010\/12\/101213_Stadtpfarrkirche1-265x176.jpg 265w, https:\/\/www.fuldaernachrichten.de\/wp-content\/uploads\/2010\/12\/101213_Stadtpfarrkirche1.jpg 600w\" sizes=\"(max-width: 265px) 100vw, 265px\" \/><\/a> <a href=\"http:\/\/www.fuldaer-nachrichten.de\/wp-content\/uploads\/2010\/12\/101213_Stadtpfarrkirche2.jpg\"><img loading=\"lazy\" decoding=\"async\" class=\"alignnone size-medium wp-image-78856\" title=\"101213_Stadtpfarrkirche2\" src=\"http:\/\/www.fuldaer-nachrichten.de\/wp-content\/uploads\/2010\/12\/101213_Stadtpfarrkirche2-265x176.jpg\" alt=\"\" width=\"265\" height=\"176\" srcset=\"https:\/\/www.fuldaernachrichten.de\/wp-content\/uploads\/2010\/12\/101213_Stadtpfarrkirche2-265x176.jpg 265w, https:\/\/www.fuldaernachrichten.de\/wp-content\/uploads\/2010\/12\/101213_Stadtpfarrkirche2.jpg 600w\" sizes=\"(max-width: 265px) 100vw, 265px\" \/><\/a><br \/>\n<a href=\"http:\/\/www.fuldaer-nachrichten.de\/wp-content\/uploads\/2010\/12\/101213_Stadtpfarrkirche4.jpg\"><img loading=\"lazy\" decoding=\"async\" class=\"alignnone size-medium wp-image-78857\" title=\"101213_Stadtpfarrkirche4\" src=\"http:\/\/www.fuldaer-nachrichten.de\/wp-content\/uploads\/2010\/12\/101213_Stadtpfarrkirche4-265x176.jpg\" alt=\"\" width=\"265\" height=\"176\" srcset=\"https:\/\/www.fuldaernachrichten.de\/wp-content\/uploads\/2010\/12\/101213_Stadtpfarrkirche4-265x176.jpg 265w, https:\/\/www.fuldaernachrichten.de\/wp-content\/uploads\/2010\/12\/101213_Stadtpfarrkirche4.jpg 600w\" sizes=\"(max-width: 265px) 100vw, 265px\" \/><\/a> <a href=\"http:\/\/www.fuldaer-nachrichten.de\/wp-content\/uploads\/2010\/12\/101213_Stadtpfarrkirche5.jpg\"><img loading=\"lazy\" decoding=\"async\" class=\"alignnone size-medium wp-image-78858\" title=\"101213_Stadtpfarrkirche5\" src=\"http:\/\/www.fuldaer-nachrichten.de\/wp-content\/uploads\/2010\/12\/101213_Stadtpfarrkirche5-265x176.jpg\" alt=\"\" width=\"265\" height=\"176\" srcset=\"https:\/\/www.fuldaernachrichten.de\/wp-content\/uploads\/2010\/12\/101213_Stadtpfarrkirche5-265x176.jpg 265w, https:\/\/www.fuldaernachrichten.de\/wp-content\/uploads\/2010\/12\/101213_Stadtpfarrkirche5.jpg 600w\" sizes=\"(max-width: 265px) 100vw, 265px\" \/><\/a><\/p>\n","protected":false},"excerpt":{"rendered":"<div class=\"tmnf_excerpt\"><p>Fulda. Die Adventszeit ist die Zeit der Weihnachtsm\u00e4rkte, der leckeren Pl\u00e4tzchen und der beleuchteten Innenst\u00e4dte. Allerdings r\u00fcckt oftmals ihre eigentliche Bedeutung, die Vorbereitung auf die Ankunft (lat. adventus) von Jesus Christus in den Hintergrund. Daher l\u00e4dt die Evangelische Kirchengemeinde Schlitz (Vogelsbergkreis) erstmals seit diesem Jahr zur Einkehr in die festlich illuminierte Stadtkirche ein. \u201eAlle Besucher &hellip;<\/p>\n<\/div>","protected":false},"author":1,"featured_media":0,"comment_status":"closed","ping_status":"closed","sticky":false,"template":"","format":"standard","meta":{"footnotes":""},"categories":[1,50],"tags":[],"class_list":["post-78853","post","type-post","status-publish","format-standard","hentry","category-startseite","category-kirche"],"_links":{"self":[{"href":"https:\/\/www.fuldaernachrichten.de\/index.php?rest_route=\/wp\/v2\/posts\/78853","targetHints":{"allow":["GET"]}}],"collection":[{"href":"https:\/\/www.fuldaernachrichten.de\/index.php?rest_route=\/wp\/v2\/posts"}],"about":[{"href":"https:\/\/www.fuldaernachrichten.de\/index.php?rest_route=\/wp\/v2\/types\/post"}],"author":[{"embeddable":true,"href":"https:\/\/www.fuldaernachrichten.de\/index.php?rest_route=\/wp\/v2\/users\/1"}],"replies":[{"embeddable":true,"href":"https:\/\/www.fuldaernachrichten.de\/index.php?rest_route=%2Fwp%2Fv2%2Fcomments&post=78853"}],"version-history":[{"count":5,"href":"https:\/\/www.fuldaernachrichten.de\/index.php?rest_route=\/wp\/v2\/posts\/78853\/revisions"}],"predecessor-version":[{"id":78876,"href":"https:\/\/www.fuldaernachrichten.de\/index.php?rest_route=\/wp\/v2\/posts\/78853\/revisions\/78876"}],"wp:attachment":[{"href":"https:\/\/www.fuldaernachrichten.de\/index.php?rest_route=%2Fwp%2Fv2%2Fmedia&parent=78853"}],"wp:term":[{"taxonomy":"category","embeddable":true,"href":"https:\/\/www.fuldaernachrichten.de\/index.php?rest_route=%2Fwp%2Fv2%2Fcategories&post=78853"},{"taxonomy":"post_tag","embeddable":true,"href":"https:\/\/www.fuldaernachrichten.de\/index.php?rest_route=%2Fwp%2Fv2%2Ftags&post=78853"}],"curies":[{"name":"wp","href":"https:\/\/api.w.org\/{rel}","templated":true}]}}