{"id":78841,"date":"2010-12-14T00:37:42","date_gmt":"2010-12-14T00:37:42","guid":{"rendered":"http:\/\/www.fuldaer-nachrichten.de\/?p=78841"},"modified":"2010-12-13T16:38:00","modified_gmt":"2010-12-13T16:38:00","slug":"weihnachtsmarkt-der-hermann-lietz-schule-schloss-bieberstein","status":"publish","type":"post","link":"https:\/\/www.fuldaernachrichten.de\/?p=78841","title":{"rendered":"Weihnachtsmarkt der Hermann Lietz-Schule Schloss Bieberstein"},"content":{"rendered":"<p><strong>Hofbieber<\/strong>. Die Stra\u00dfen waren frei und so str\u00f6mten wirklich zahlreiche Menschen zu Schloss Bieberstein hinauf. Wem der kurze aber leicht ansteigende Weg zu beschwerlich war konnte sich mit einer Kutsche durch den sch\u00f6n verschneiten Winterwald zu Schloss Bieberstein hoch fahren lassen. Zudem wurde auch noch ein \u201enormaler\u201c Shuttleservice angeboten. Oben angekommen konnten die Besucher in der Aula des Internats Kunstobjekte der K\u00fcnstler Doris Reim (Keramik Werkstatt, Mansbach) und Klaus Schumacher (Grafik Design, Tann) begutachten und erwerben.<\/p>\n<p><a href=\"http:\/\/www.fuldaer-nachrichten.de\/wp-content\/uploads\/2010\/12\/101213_Bieberstein4.jpg\"><img decoding=\"async\" class=\"alignnone size-medium wp-image-78846\" title=\"101213_Bieberstein4\" src=\"http:\/\/www.fuldaer-nachrichten.de\/wp-content\/uploads\/2010\/12\/101213_Bieberstein4-265x176.jpg\" alt=\"\" width=\"265\" height=\"176\" srcset=\"https:\/\/www.fuldaernachrichten.de\/wp-content\/uploads\/2010\/12\/101213_Bieberstein4-265x176.jpg 265w, https:\/\/www.fuldaernachrichten.de\/wp-content\/uploads\/2010\/12\/101213_Bieberstein4.jpg 600w\" sizes=\"(max-width: 265px) 100vw, 265px\" \/><\/a> <a href=\"http:\/\/www.fuldaer-nachrichten.de\/wp-content\/uploads\/2010\/12\/101213_Bieberstein6.jpg\"><img decoding=\"async\" class=\"alignnone size-medium wp-image-78848\" title=\"101213_Bieberstein6\" src=\"http:\/\/www.fuldaer-nachrichten.de\/wp-content\/uploads\/2010\/12\/101213_Bieberstein6-265x176.jpg\" alt=\"\" width=\"265\" height=\"176\" srcset=\"https:\/\/www.fuldaernachrichten.de\/wp-content\/uploads\/2010\/12\/101213_Bieberstein6-265x176.jpg 265w, https:\/\/www.fuldaernachrichten.de\/wp-content\/uploads\/2010\/12\/101213_Bieberstein6.jpg 600w\" sizes=\"(max-width: 265px) 100vw, 265px\" \/><\/a><!--more-->Die Besucher str\u00f6mten in das Schlossinnere, sodass es bei dem einen oder anderen Stand in den  Durchg\u00e4ngen schon mal zu k\u00fcrzeren Staus und leichten Dr\u00e4ngeleien kam. Aber das geh\u00f6rt einfach zu einem Weihnachtsmarkt dazu und der fr\u00f6hlichen Stimmung tat es keinen Abbruch. Es wurden zahlreiche weihnachtliche Gegenst\u00e4nde aus Kunst- und Kunsthandwerk angeboten. Zudem noch kulinarische K\u00f6stlichkeiten. F\u00fcr die Kleineren unter den Besuchern wurde Kinderschminken und Basteln angeboten. Ferner Konnte man in der Bibliothek auf einem B\u00fccherbasar nach B\u00fcchern aller Sparten st\u00f6bern.<\/p>\n<p><a href=\"http:\/\/www.fuldaer-nachrichten.de\/wp-content\/uploads\/2010\/12\/101213_Bieberstein2.jpg\"><img decoding=\"async\" class=\"alignnone size-medium wp-image-78844\" title=\"101213_Bieberstein2\" src=\"http:\/\/www.fuldaer-nachrichten.de\/wp-content\/uploads\/2010\/12\/101213_Bieberstein2-265x176.jpg\" alt=\"\" width=\"265\" height=\"176\" srcset=\"https:\/\/www.fuldaernachrichten.de\/wp-content\/uploads\/2010\/12\/101213_Bieberstein2-265x176.jpg 265w, https:\/\/www.fuldaernachrichten.de\/wp-content\/uploads\/2010\/12\/101213_Bieberstein2.jpg 600w\" sizes=\"(max-width: 265px) 100vw, 265px\" \/><\/a> <a href=\"http:\/\/www.fuldaer-nachrichten.de\/wp-content\/uploads\/2010\/12\/101213_Bieberstein3.jpg\"><img loading=\"lazy\" decoding=\"async\" class=\"alignnone size-medium wp-image-78845\" title=\"101213_Bieberstein3\" src=\"http:\/\/www.fuldaer-nachrichten.de\/wp-content\/uploads\/2010\/12\/101213_Bieberstein3-265x176.jpg\" alt=\"\" width=\"265\" height=\"176\" srcset=\"https:\/\/www.fuldaernachrichten.de\/wp-content\/uploads\/2010\/12\/101213_Bieberstein3-265x176.jpg 265w, https:\/\/www.fuldaernachrichten.de\/wp-content\/uploads\/2010\/12\/101213_Bieberstein3.jpg 600w\" sizes=\"(max-width: 265px) 100vw, 265px\" \/><\/a><\/p>\n<p>Sch\u00fclerinen und Sch\u00fcler von Bieberstein boten den interessierten Besucher sehr interessante und informative F\u00fchrungen an. Diese wurden stark in Anspruch genommen. Da die R\u00e4umlichkeiten f\u00fcr die \u00d6ffentlichkeit in der Regel nicht zug\u00e4nglich sind, konnte man sich auf diesem Weg einen sch\u00f6nen Einblick in das Leben in einem Internat verschaffen. Au\u00dferdem konnte man einigen Kunsthandwerkern \u00fcber die Schulter schauen und bei der Entstehung eines Kunstobjektes zuschauen. Im Innenhof wurde, bei weihnachtlichen Kl\u00e4ngen,  f\u00fcr das leibliche Wohl gesorgt. Zu sehr g\u00fcnstigen Preisen konnte man sich st\u00e4rken. Sei es mit Gl\u00fchwein oder auch mit Gegrilltem. F\u00fcr Kaffee und Kuchen wurde selbstverst\u00e4ndlich auch gesorgt.<\/p>\n<p>Rundum war es ein gelungener Weihnachtsmarkt in einer sch\u00f6nen passenden Kulisse der bei dem einen oder anderen sicher f\u00fcr weihnachtliche Stimmung sorgte.<\/p>\n","protected":false},"excerpt":{"rendered":"<div class=\"tmnf_excerpt\"><p>Hofbieber. Die Stra\u00dfen waren frei und so str\u00f6mten wirklich zahlreiche Menschen zu Schloss Bieberstein hinauf. Wem der kurze aber leicht ansteigende Weg zu beschwerlich war konnte sich mit einer Kutsche durch den sch\u00f6n verschneiten Winterwald zu Schloss Bieberstein hoch fahren lassen. Zudem wurde auch noch ein \u201enormaler\u201c Shuttleservice angeboten. Oben angekommen konnten die Besucher in &hellip;<\/p>\n<\/div>","protected":false},"author":1,"featured_media":0,"comment_status":"closed","ping_status":"closed","sticky":false,"template":"","format":"standard","meta":{"footnotes":""},"categories":[1,72],"tags":[],"class_list":["post-78841","post","type-post","status-publish","format-standard","hentry","category-startseite","category-jugend"],"_links":{"self":[{"href":"https:\/\/www.fuldaernachrichten.de\/index.php?rest_route=\/wp\/v2\/posts\/78841","targetHints":{"allow":["GET"]}}],"collection":[{"href":"https:\/\/www.fuldaernachrichten.de\/index.php?rest_route=\/wp\/v2\/posts"}],"about":[{"href":"https:\/\/www.fuldaernachrichten.de\/index.php?rest_route=\/wp\/v2\/types\/post"}],"author":[{"embeddable":true,"href":"https:\/\/www.fuldaernachrichten.de\/index.php?rest_route=\/wp\/v2\/users\/1"}],"replies":[{"embeddable":true,"href":"https:\/\/www.fuldaernachrichten.de\/index.php?rest_route=%2Fwp%2Fv2%2Fcomments&post=78841"}],"version-history":[{"count":6,"href":"https:\/\/www.fuldaernachrichten.de\/index.php?rest_route=\/wp\/v2\/posts\/78841\/revisions"}],"predecessor-version":[{"id":78866,"href":"https:\/\/www.fuldaernachrichten.de\/index.php?rest_route=\/wp\/v2\/posts\/78841\/revisions\/78866"}],"wp:attachment":[{"href":"https:\/\/www.fuldaernachrichten.de\/index.php?rest_route=%2Fwp%2Fv2%2Fmedia&parent=78841"}],"wp:term":[{"taxonomy":"category","embeddable":true,"href":"https:\/\/www.fuldaernachrichten.de\/index.php?rest_route=%2Fwp%2Fv2%2Fcategories&post=78841"},{"taxonomy":"post_tag","embeddable":true,"href":"https:\/\/www.fuldaernachrichten.de\/index.php?rest_route=%2Fwp%2Fv2%2Ftags&post=78841"}],"curies":[{"name":"wp","href":"https:\/\/api.w.org\/{rel}","templated":true}]}}