{"id":7884,"date":"2008-02-16T00:30:55","date_gmt":"2008-02-15T23:30:55","guid":{"rendered":"http:\/\/www.schoene-nachrichten.de\/?p=7884"},"modified":"2008-02-15T23:33:21","modified_gmt":"2008-02-15T22:33:21","slug":"auf-in-die-naechste-runde-gwv-challenge-lauf-2008","status":"publish","type":"post","link":"https:\/\/www.fuldaernachrichten.de\/?p=7884","title":{"rendered":"Auf in die n\u00e4chste Runde! GWV Challenge-Lauf 2008"},"content":{"rendered":"<p><strong>Fulda.<\/strong> Sie erinnern sich: Am 5. Mai vergangenen Jahres fand in Fulda erstmals der GWV Challenge-Lauf statt. Bei strahlendem Wetter gingen \u00fcber 1.700 L\u00e4ufer an den Start. Mit diesem Erfolg hatte niemand gerechnet. Auf der B\u00fchne am Ziel in K\u00fcnzell versprach GWV-Gesch\u00e4ftsf\u00fchrer Dr. Peter Szepanek daraufhin, mit seinem Unternehmen auch in 2008 wieder als Hauptsponsor zur Verf\u00fcgung zu stehen. <!--more--><\/p>\n<p>Am Samstag, 31. Mai 2008, findet der zweite gro\u00dfe GWV Challenge-Lauf statt. Alle Unternehmen und Institutionen in Osthessen sind aufgerufen, sich mit einem Team zu beteiligen und sportlich Flagge zu zeigen! Das st\u00e4rkt das Wir-Gef\u00fchl in den Unternehmen, verbindet die Menschen der Region, schafft einen gesunden k\u00f6rperlichen Ausgleich und macht richtig Spa\u00df.<\/p>\n<p>Die L\u00e4ufer gehen in Teams an den Start. Jede Mannschaft gibt sich einen (m\u00f6glichst originellen) Namen und vor allem ein kreatives Outfit. Los geht es ab 14.00 Uhr auf dem Gel\u00e4nde der Gas- und Wasserversorgung Fulda in der Rangstra\u00dfe. Die 6 km lange Strecke (s. Anlage) f\u00fchrt am Klinikum vorbei zur Sportwelt Osthessen gegen\u00fcber der Rh\u00f6ntherme in K\u00fcnzell.<\/p>\n<p>Es erfolgt keine offizielle Zeitnahme, jeder L\u00e4ufer nimmt selbst seine Zeit ab \u00dcberquerung der Startlinie. Am Ziel sammelt und notiert der Team-Captain (m\/w) alle Zeiten seiner Mannschaft auf den Wertungskarten.<\/p>\n<p>Pr\u00e4miert werden folgende Kategorien:<br \/>\n1.\u00c2\u00a0Schnellste\/r L\u00e4ufer\/in<br \/>\n2.\u00c2\u00a0Schnellste\/r Walker\/in<br \/>\n3.\u00c2\u00a0\u00c4ltestes Team<br \/>\n4.\u00c2\u00a0Originellstes Outfit<br \/>\n5.\u00c2\u00a0Organisation mit der h\u00f6chsten Beteiligung<br \/>\n6. \u00c2\u00a0Organisation mit der h\u00f6chsten prozentualen Beteiligungsquote \u00c2\u00a0(gemessen an der Mitarbeiterzahl)<\/p>\n<p>Die Startgeb\u00fchr betr\u00e4gt 7 Euro, davon gehen 2 Euro an die FZ Spendenaktion \u201eIch brauche deine Hilfe\u201c. Anmeldeschluss ist der 19. Mai 2008. Am 26. Februar 2008 um 19.30 Uhr gibt es in der Sportwelt Osthessen eine Auftaktveranstaltung zum GWV-Challenge-Lauf. Der Referent, Hubert Schwarz, z\u00e4hlt zu den erfolgreichsten Extremsportlern der Welt.<\/p>\n<p>Neu in diesem Jahr ist die so genannte Expertenvermittlung. W\u00e4hrend der Vorbereitungszeit zum Lauf k\u00f6nnen Unternehmen Experten zu den Themen Sport, Ern\u00e4hrung, Gesundheit und Motivation buchen. Weitere Infos und Anmeldungen unter <a href=\"http:\/\/www.gwv-challenge-lauf.de\/\">www.gwv-challenge-lauf.de<\/a><\/p>\n<p>Die Organisationskosten des GWV Challenge-Laufs werden von der Gas- und Wasserversorgung Fulda GmbH (GWV) und folgenden weiteren Sponsoren getragen:<\/p>\n<p>AOK<br \/>\nAtzert Weber<br \/>\nFuldaer Zeitung<br \/>\nIHK<br \/>\nJOB AG<br \/>\nKlinikum<br \/>\nMediana<br \/>\nPapperts<br \/>\ntegut&#8230;<br \/>\nWemag<br \/>\nW\u00fcsthofen<br \/>\nZufall<\/p>\n","protected":false},"excerpt":{"rendered":"<div class=\"tmnf_excerpt\"><p>Fulda. Sie erinnern sich: Am 5. Mai vergangenen Jahres fand in Fulda erstmals der GWV Challenge-Lauf statt. Bei strahlendem Wetter gingen \u00fcber 1.700 L\u00e4ufer an den Start. Mit diesem Erfolg hatte niemand gerechnet. Auf der B\u00fchne am Ziel in K\u00fcnzell versprach GWV-Gesch\u00e4ftsf\u00fchrer Dr. Peter Szepanek daraufhin, mit seinem Unternehmen auch in 2008 wieder als Hauptsponsor &hellip;<\/p>\n<\/div>","protected":false},"author":1,"featured_media":0,"comment_status":"closed","ping_status":"closed","sticky":false,"template":"","format":"standard","meta":{"footnotes":""},"categories":[1,46],"tags":[],"class_list":["post-7884","post","type-post","status-publish","format-standard","hentry","category-startseite","category-sport"],"_links":{"self":[{"href":"https:\/\/www.fuldaernachrichten.de\/index.php?rest_route=\/wp\/v2\/posts\/7884","targetHints":{"allow":["GET"]}}],"collection":[{"href":"https:\/\/www.fuldaernachrichten.de\/index.php?rest_route=\/wp\/v2\/posts"}],"about":[{"href":"https:\/\/www.fuldaernachrichten.de\/index.php?rest_route=\/wp\/v2\/types\/post"}],"author":[{"embeddable":true,"href":"https:\/\/www.fuldaernachrichten.de\/index.php?rest_route=\/wp\/v2\/users\/1"}],"replies":[{"embeddable":true,"href":"https:\/\/www.fuldaernachrichten.de\/index.php?rest_route=%2Fwp%2Fv2%2Fcomments&post=7884"}],"version-history":[{"count":0,"href":"https:\/\/www.fuldaernachrichten.de\/index.php?rest_route=\/wp\/v2\/posts\/7884\/revisions"}],"wp:attachment":[{"href":"https:\/\/www.fuldaernachrichten.de\/index.php?rest_route=%2Fwp%2Fv2%2Fmedia&parent=7884"}],"wp:term":[{"taxonomy":"category","embeddable":true,"href":"https:\/\/www.fuldaernachrichten.de\/index.php?rest_route=%2Fwp%2Fv2%2Fcategories&post=7884"},{"taxonomy":"post_tag","embeddable":true,"href":"https:\/\/www.fuldaernachrichten.de\/index.php?rest_route=%2Fwp%2Fv2%2Ftags&post=7884"}],"curies":[{"name":"wp","href":"https:\/\/api.w.org\/{rel}","templated":true}]}}