{"id":7883,"date":"2008-02-16T00:32:55","date_gmt":"2008-02-15T23:32:55","guid":{"rendered":"http:\/\/www.schoene-nachrichten.de\/?p=7883"},"modified":"2008-02-16T00:41:28","modified_gmt":"2008-02-15T23:41:28","slug":"weihbischof-diez-predigte-in-pontifikalamt-am-65-geburtstag-von-bischof-algermissen","status":"publish","type":"post","link":"https:\/\/www.fuldaernachrichten.de\/?p=7883","title":{"rendered":"Weihbischof Diez predigte in Pontifikalamt am 65. Geburtstag von Bischof Algermissen"},"content":{"rendered":"<p><strong>Fulda.<\/strong>\u00c2\u00a0Die Zeit sei ein Zeichen f\u00fcr Gottes Geduld. \u201eDa\u00df Er an der T\u00fcr steht und dort wartet, ist gerade das, was die Zeit ausmacht. Zu wachsen und zu reifen hei\u00dft, die Zeit zwischen Seinem Klopfen und unserer Antwort immer k\u00fcrzer zu machen.\u201c Dies unterstrich der Fuldaer Weihbischof Prof. Dr. Karlheinz Diez am Freitag w\u00e4hrend eines Pontifikalamtes anl\u00e4\u00dflich des 65. Geburtstages von Di\u00f6zesanbischof Heinz Josef Algermissen im Fuldaer Dom. \u00dcber 500 Menschen hatten sich dort an dem Werktagmorgen eingefunden, um mit dem Bischof Eucharistie zu feiern. An dem anschlie\u00dfenden Empfang im Auditorium maximum der Theologischen Fakult\u00e4t nahmen etwa 150 G\u00e4ste aus nah und fern teil.<\/p>\n<p><strong>Fotos (50):<\/strong> Max Colin Heydenreich<\/p>\n<p><a rel=\"lightbox[roadtrip]\" target=\"_blank\" href=\"http:\/\/www.schoene-nachrichten.de\/wp-content\/uploads\/2008\/02\/080216_Bischof_12.jpg\" title=\"Foto: Max Colin Heydenreich\"><img decoding=\"async\" width=\"128\" src=\"http:\/\/www.schoene-nachrichten.de\/wp-content\/uploads\/2008\/02\/080216_Bischof_12.thumbnail.jpg\" alt=\"080216_Bischof_12.jpg\" \/><\/a>\u00c2\u00a0<a rel=\"lightbox[roadtrip]\" target=\"_blank\" href=\"http:\/\/www.schoene-nachrichten.de\/wp-content\/uploads\/2008\/02\/080216_Bischof_49.jpg\" title=\"Foto: Max Colin Heydenreich\"><img decoding=\"async\" width=\"128\" src=\"http:\/\/www.schoene-nachrichten.de\/wp-content\/uploads\/2008\/02\/080216_Bischof_49.thumbnail.jpg\" alt=\"080216_Bischof_49.jpg\" \/><\/a>\u00c2\u00a0<a rel=\"lightbox[roadtrip]\" target=\"_blank\" href=\"http:\/\/www.schoene-nachrichten.de\/wp-content\/uploads\/2008\/02\/080216_Bischof_18.jpg\" title=\"Foto: Max Colin Heydenreich\"><img decoding=\"async\" width=\"128\" src=\"http:\/\/www.schoene-nachrichten.de\/wp-content\/uploads\/2008\/02\/080216_Bischof_18.thumbnail.jpg\" alt=\"080216_Bischof_18.jpg\" \/><\/a>\u00c2\u00a0<\/p>\n<p><a rel=\"lightbox[roadtrip]\" target=\"_blank\" href=\"http:\/\/www.schoene-nachrichten.de\/wp-content\/uploads\/2008\/02\/080216_Bischof_35.jpg\" title=\"Foto: Max Colin Heydenreich\"><img decoding=\"async\" width=\"128\" src=\"http:\/\/www.schoene-nachrichten.de\/wp-content\/uploads\/2008\/02\/080216_Bischof_35.thumbnail.jpg\" alt=\"080216_Bischof_35.jpg\" \/><\/a>\u00c2\u00a0<a rel=\"lightbox[roadtrip]\" target=\"_blank\" href=\"http:\/\/www.schoene-nachrichten.de\/wp-content\/uploads\/2008\/02\/080216_Bischof_23.jpg\" title=\"Foto: Max Colin Heydenreich\"><img decoding=\"async\" width=\"128\" src=\"http:\/\/www.schoene-nachrichten.de\/wp-content\/uploads\/2008\/02\/080216_Bischof_23.thumbnail.jpg\" alt=\"080216_Bischof_23.jpg\" \/><\/a>\u00c2\u00a0<a rel=\"lightbox[roadtrip]\" target=\"_blank\" href=\"http:\/\/www.schoene-nachrichten.de\/wp-content\/uploads\/2008\/02\/080216_Bischof_47.jpg\" title=\"Foto: Max Colin Heydenreich\"><img decoding=\"async\" width=\"128\" src=\"http:\/\/www.schoene-nachrichten.de\/wp-content\/uploads\/2008\/02\/080216_Bischof_47.thumbnail.jpg\" alt=\"080216_Bischof_47.jpg\" \/><\/a><\/p>\n<p><!--more-->Gott lade dazu ein, sich allm\u00e4hlich Seiner eigenen Unmittelbarkeit anzun\u00e4hern und so in Seine Ewigkeit hineinzuwachsen, betonte Weihbischof Diez in seiner Predigt. \u201eDer Gedanke an die Ewigkeit erinnert uns an die Gr\u00f6\u00dfe unserer Berufung: Gott hat uns f\u00fcr die Ewigkeit berufen.\u201c Die Menschen gestalteten diese mit; was sie t\u00e4ten und unterlie\u00dfen, habe Bedeutung. Diez erinnerte in diesem Zusammenhang an das vom Jubilar gerne gebrauchte Bild der \u201eKlopfzeichen Gottes\u201c, die es heute und jetzt zu h\u00f6ren gelte. Bischof Algermissen ziehe die Menschen im Bistum Fulda mit, \u201eimmer neu gl\u00e4ubig und vertrauensvoll in das Jetzt Gottes\u201c. Er selbst habe n\u00e4mlich die Klopfzeichen Gottes in seinem Leben vernommen.<\/p>\n<p><a rel=\"lightbox[roadtrip]\" target=\"_blank\" href=\"http:\/\/www.schoene-nachrichten.de\/wp-content\/uploads\/2008\/02\/080216_Bischof_11.jpg\" title=\"Foto: Max Colin Heydenreich\"><img decoding=\"async\" width=\"128\" src=\"http:\/\/www.schoene-nachrichten.de\/wp-content\/uploads\/2008\/02\/080216_Bischof_11.thumbnail.jpg\" alt=\"080216_Bischof_11.jpg\" \/><\/a>\u00c2\u00a0<a rel=\"lightbox[roadtrip]\" target=\"_blank\" href=\"http:\/\/www.schoene-nachrichten.de\/wp-content\/uploads\/2008\/02\/080216_Bischof_02.jpg\" title=\"Foto: Max Colin Heydenreich\"><img decoding=\"async\" width=\"128\" src=\"http:\/\/www.schoene-nachrichten.de\/wp-content\/uploads\/2008\/02\/080216_Bischof_02.thumbnail.jpg\" alt=\"080216_Bischof_02.jpg\" \/><\/a> <a rel=\"lightbox[roadtrip]\" target=\"_blank\" href=\"http:\/\/www.schoene-nachrichten.de\/wp-content\/uploads\/2008\/02\/080216_Bischof_03.jpg\" title=\"Foto: Max Colin Heydenreich\"><img decoding=\"async\" width=\"128\" src=\"http:\/\/www.schoene-nachrichten.de\/wp-content\/uploads\/2008\/02\/080216_Bischof_03.thumbnail.jpg\" alt=\"080216_Bischof_03.jpg\" \/><\/a><\/p>\n<p><a rel=\"lightbox[roadtrip]\" target=\"_blank\" href=\"http:\/\/www.schoene-nachrichten.de\/wp-content\/uploads\/2008\/02\/080216_Bischof_04.jpg\" title=\"Foto: Max Colin Heydenreich\"><img decoding=\"async\" width=\"128\" src=\"http:\/\/www.schoene-nachrichten.de\/wp-content\/uploads\/2008\/02\/080216_Bischof_04.thumbnail.jpg\" alt=\"080216_Bischof_04.jpg\" \/><\/a> <a rel=\"lightbox[roadtrip]\" target=\"_blank\" href=\"http:\/\/www.schoene-nachrichten.de\/wp-content\/uploads\/2008\/02\/080216_Bischof_05.jpg\" title=\"Foto: Max Colin Heydenreich\"><img decoding=\"async\" width=\"128\" src=\"http:\/\/www.schoene-nachrichten.de\/wp-content\/uploads\/2008\/02\/080216_Bischof_05.thumbnail.jpg\" alt=\"080216_Bischof_05.jpg\" \/><\/a> <a rel=\"lightbox[roadtrip]\" target=\"_blank\" href=\"http:\/\/www.schoene-nachrichten.de\/wp-content\/uploads\/2008\/02\/080216_Bischof_06.jpg\" title=\"Foto: Max Colin Heydenreich\"><img decoding=\"async\" width=\"128\" src=\"http:\/\/www.schoene-nachrichten.de\/wp-content\/uploads\/2008\/02\/080216_Bischof_06.thumbnail.jpg\" alt=\"080216_Bischof_06.jpg\" \/><\/a><\/p>\n<p>Zu Beginn des Pontifikalamtes hatte Bischof Algermissen die Gl\u00e4ubigen besonders begr\u00fc\u00dft und betont, da\u00df die Feier der heiligen Eucharistie mit den Gl\u00e4ubigen, die die Kraft f\u00fcr k\u00fcnftiges Tun gebe, f\u00fcr ihn die beste Form der Danksagung f\u00fcr die ihm geschenkten Lebensjahre sei. Besonders hie\u00df der Fuldaer Oberhirte den emeritierten Paderborner Weihbischof Paul Consbruch und den neuen Limburger Bischof Prof. Dr. Franz-Peter Tebartz-van Elst willkommen. \u201eAuch wenn Herausforderungen manchmal eine Zumutung zu sein scheinen, haben sie doch am Ende ihren Kontext\u201c, stellte Algermissen heraus, der deutlich machte, da\u00df der 65. Geburtstag f\u00fcr einen Bischof keine gro\u00dfe Bedeutung habe, denn Bisch\u00f6fe blieben \u00fcblicherweise bis 75 im Amt.<\/p>\n<p><a rel=\"lightbox[roadtrip]\" target=\"_blank\" href=\"http:\/\/www.schoene-nachrichten.de\/wp-content\/uploads\/2008\/02\/080216_Bischof_07.jpg\" title=\"Foto: Max Colin Heydenreich\"><img decoding=\"async\" width=\"128\" src=\"http:\/\/www.schoene-nachrichten.de\/wp-content\/uploads\/2008\/02\/080216_Bischof_07.thumbnail.jpg\" alt=\"080216_Bischof_07.jpg\" \/><\/a> <a rel=\"lightbox[roadtrip]\" target=\"_blank\" href=\"http:\/\/www.schoene-nachrichten.de\/wp-content\/uploads\/2008\/02\/080216_Bischof_08.jpg\" title=\"Foto: Max Colin Heydenreich\"><img decoding=\"async\" width=\"128\" src=\"http:\/\/www.schoene-nachrichten.de\/wp-content\/uploads\/2008\/02\/080216_Bischof_08.thumbnail.jpg\" alt=\"080216_Bischof_08.jpg\" \/><\/a> <a rel=\"lightbox[roadtrip]\" target=\"_blank\" href=\"http:\/\/www.schoene-nachrichten.de\/wp-content\/uploads\/2008\/02\/080216_Bischof_09.jpg\" title=\"Foto: Max Colin Heydenreich\"><img decoding=\"async\" width=\"128\" src=\"http:\/\/www.schoene-nachrichten.de\/wp-content\/uploads\/2008\/02\/080216_Bischof_09.thumbnail.jpg\" alt=\"080216_Bischof_09.jpg\" \/><\/a><\/p>\n<p><a rel=\"lightbox[roadtrip]\" target=\"_blank\" href=\"http:\/\/www.schoene-nachrichten.de\/wp-content\/uploads\/2008\/02\/080216_Bischof_10.jpg\" title=\"Foto: Max Colin Heydenreich\"><img decoding=\"async\" width=\"128\" src=\"http:\/\/www.schoene-nachrichten.de\/wp-content\/uploads\/2008\/02\/080216_Bischof_10.thumbnail.jpg\" alt=\"080216_Bischof_10.jpg\" \/><\/a>\u00c2\u00a0<a rel=\"lightbox[roadtrip]\" target=\"_blank\" href=\"http:\/\/www.schoene-nachrichten.de\/wp-content\/uploads\/2008\/02\/080216_Bischof_13.jpg\" title=\"Foto: Max Colin Heydenreich\"><img decoding=\"async\" width=\"128\" src=\"http:\/\/www.schoene-nachrichten.de\/wp-content\/uploads\/2008\/02\/080216_Bischof_13.thumbnail.jpg\" alt=\"080216_Bischof_13.jpg\" \/><\/a> <a rel=\"lightbox[roadtrip]\" target=\"_blank\" href=\"http:\/\/www.schoene-nachrichten.de\/wp-content\/uploads\/2008\/02\/080216_Bischof_14.jpg\" title=\"Foto: Max Colin Heydenreich\"><img decoding=\"async\" width=\"128\" src=\"http:\/\/www.schoene-nachrichten.de\/wp-content\/uploads\/2008\/02\/080216_Bischof_14.thumbnail.jpg\" alt=\"080216_Bischof_14.jpg\" \/><\/a><\/p>\n<p>In seiner Predigt erinnerte Weihbischof Diez daran, da\u00df es keine M\u00f6glichkeit gebe, einmal verlorene Zeit wieder zur\u00fcckzuholen oder f\u00fcr die Zukunft aufzusparen. Daher gelte es jederzeit, auf den Augenblick zu achten. Dieser heutige Tag stehe unter der besonderen \u00dcberschrift: \u201eUnser Bischof Heinz Josef feiert die Vollendung von 65 Lebensjahren.\u201c Im Namen aller Versammelten und f\u00fcr das ganze Bistum gratulierte Diez dem Oberhirten von Herzen. Der Geburtstag des Bischofs gebe Anla\u00df, etwas \u00fcber das Geheimnis der Zeit nachzudenken.<\/p>\n<p><a rel=\"lightbox[roadtrip]\" target=\"_blank\" href=\"http:\/\/www.schoene-nachrichten.de\/wp-content\/uploads\/2008\/02\/080216_Bischof_15.jpg\" title=\"Foto: Max Colin Heydenreich\"><img decoding=\"async\" width=\"128\" src=\"http:\/\/www.schoene-nachrichten.de\/wp-content\/uploads\/2008\/02\/080216_Bischof_15.thumbnail.jpg\" alt=\"080216_Bischof_15.jpg\" \/><\/a>\u00c2\u00a0<a rel=\"lightbox[roadtrip]\" target=\"_blank\" href=\"http:\/\/www.schoene-nachrichten.de\/wp-content\/uploads\/2008\/02\/080216_Bischof_16.jpg\" title=\"Foto: Max Colin Heydenreich\"><img decoding=\"async\" width=\"128\" src=\"http:\/\/www.schoene-nachrichten.de\/wp-content\/uploads\/2008\/02\/080216_Bischof_16.thumbnail.jpg\" alt=\"080216_Bischof_16.jpg\" \/><\/a> <a rel=\"lightbox[roadtrip]\" target=\"_blank\" href=\"http:\/\/www.schoene-nachrichten.de\/wp-content\/uploads\/2008\/02\/080216_Bischof_17.jpg\" title=\"Foto: Max Colin Heydenreich\"><img decoding=\"async\" width=\"128\" src=\"http:\/\/www.schoene-nachrichten.de\/wp-content\/uploads\/2008\/02\/080216_Bischof_17.thumbnail.jpg\" alt=\"080216_Bischof_17.jpg\" \/><\/a><\/p>\n<p>Zun\u00e4chst betrachtete der Weihbischof den Umgang mit der Zeit, die mit zunehmendem Alter schneller zu vergehen scheine als in der Jugendzeit. \u201eZeit\u201c k\u00f6nne sehr unterschiedlich verstanden und erlebt werden. Sie sei nicht allein ein Ordnungssystem von Sekunden, Minuten und Stunden, in das der Mensch seine Lebensereignisse einordnen k\u00f6nne, sondern es gehe vielmehr darum, da\u00df Gott einem Zeit als ein Geschenk zur Verf\u00fcgung stelle.<\/p>\n<p><a rel=\"lightbox[roadtrip]\" target=\"_blank\" href=\"http:\/\/www.schoene-nachrichten.de\/wp-content\/uploads\/2008\/02\/080216_Bischof_22.jpg\" title=\"Foto: Max Colin Heydenreich\"><img decoding=\"async\" width=\"128\" src=\"http:\/\/www.schoene-nachrichten.de\/wp-content\/uploads\/2008\/02\/080216_Bischof_22.thumbnail.jpg\" alt=\"080216_Bischof_22.jpg\" \/><\/a>\u00c2\u00a0<a rel=\"lightbox[roadtrip]\" target=\"_blank\" href=\"http:\/\/www.schoene-nachrichten.de\/wp-content\/uploads\/2008\/02\/080216_Bischof_24.jpg\" title=\"Foto: Max Colin Heydenreich\"><img decoding=\"async\" width=\"128\" src=\"http:\/\/www.schoene-nachrichten.de\/wp-content\/uploads\/2008\/02\/080216_Bischof_24.thumbnail.jpg\" alt=\"080216_Bischof_24.jpg\" \/><\/a> <a rel=\"lightbox[roadtrip]\" target=\"_blank\" href=\"http:\/\/www.schoene-nachrichten.de\/wp-content\/uploads\/2008\/02\/080216_Bischof_25.jpg\" title=\"Foto: Max Colin Heydenreich\"><img decoding=\"async\" width=\"128\" src=\"http:\/\/www.schoene-nachrichten.de\/wp-content\/uploads\/2008\/02\/080216_Bischof_25.thumbnail.jpg\" alt=\"080216_Bischof_25.jpg\" \/><\/a><\/p>\n<p>\u201eEs h\u00e4ngt von uns ab, was wir aus diesem Geschenk machen. Der Mensch kann die Zeit vertreiben oder verlieren, er kann sie vertun oder sogar totschlagen.\u201c Papst Johannes Paul II. habe den wertvollen Ratschlag gegeben, man solle seine Zeit gro\u00dfz\u00fcgig anderen schenken, denn damit schenke man Leben. So sei auch der Dank des Bistums an Bischof Algermissen gro\u00df daf\u00fcr, da\u00df er den Menschen hier seine Zeit geschenkt habe.<\/p>\n<p><a rel=\"lightbox[roadtrip]\" target=\"_blank\" href=\"http:\/\/www.schoene-nachrichten.de\/wp-content\/uploads\/2008\/02\/080216_Bischof_36.jpg\" title=\"Foto: Max Colin Heydenreich\"><img decoding=\"async\" width=\"128\" src=\"http:\/\/www.schoene-nachrichten.de\/wp-content\/uploads\/2008\/02\/080216_Bischof_36.thumbnail.jpg\" alt=\"080216_Bischof_36.jpg\" \/><\/a>\u00c2\u00a0<a rel=\"lightbox[roadtrip]\" target=\"_blank\" href=\"http:\/\/www.schoene-nachrichten.de\/wp-content\/uploads\/2008\/02\/080216_Bischof_28.jpg\" title=\"Foto: Max Colin Heydenreich\"><img decoding=\"async\" width=\"128\" src=\"http:\/\/www.schoene-nachrichten.de\/wp-content\/uploads\/2008\/02\/080216_Bischof_28.thumbnail.jpg\" alt=\"080216_Bischof_28.jpg\" \/><\/a> <a rel=\"lightbox[roadtrip]\" target=\"_blank\" href=\"http:\/\/www.schoene-nachrichten.de\/wp-content\/uploads\/2008\/02\/080216_Bischof_29.jpg\" title=\"Foto: Max Colin Heydenreich\"><img decoding=\"async\" width=\"128\" src=\"http:\/\/www.schoene-nachrichten.de\/wp-content\/uploads\/2008\/02\/080216_Bischof_29.thumbnail.jpg\" alt=\"080216_Bischof_29.jpg\" \/><\/a><\/p>\n<p>\u201eGottes Zeit und des Menschen Zeit sind nicht einfach identisch. Vom christlichen Sch\u00f6pfungsglauben her gibt es den deutlichen Unterschied zwischen Gott und Welt, zwischen Gott und Mensch. Gott als der ganz Andere und Transzendente ist zugleich jener, der allem einwohnt, in dem wir leben, in dem wir uns bewegen und in dem wir sind.\u201c Die Menschwerdung Gottes in der Zeit gebe der Zeit des Menschen eine transzendente Qualit\u00e4t, so Weihbischof Diez. \u201eViel eher noch als wir Gott suchen, sucht Gott uns Menschen. In Christus ist Gott zu uns gekommen, um zu bleiben.\u201c Die ganze Geschichte sei darauf ausgerichtet. \u201eIn Christus ist die F\u00fclle g\u00f6ttlicher Gnade gekommen.\u201c Die Ewigkeit habe begonnen, bevor die Zeit ganz aufgeh\u00f6rt habe. Christliches Leben erweise sich grunds\u00e4tzlich als Aufbruch in das \u201eJetzt Gottes\u201c.<\/p>\n<p><a rel=\"lightbox[roadtrip]\" target=\"_blank\" href=\"http:\/\/www.schoene-nachrichten.de\/wp-content\/uploads\/2008\/02\/080216_Bischof_43.jpg\" title=\"Foto: Max Colin Heydenreich\"><img decoding=\"async\" width=\"128\" src=\"http:\/\/www.schoene-nachrichten.de\/wp-content\/uploads\/2008\/02\/080216_Bischof_43.thumbnail.jpg\" alt=\"080216_Bischof_43.jpg\" \/><\/a> <a rel=\"lightbox[roadtrip]\" target=\"_blank\" href=\"http:\/\/www.schoene-nachrichten.de\/wp-content\/uploads\/2008\/02\/080216_Bischof_44.jpg\" title=\"Foto: Max Colin Heydenreich\"><img decoding=\"async\" width=\"128\" src=\"http:\/\/www.schoene-nachrichten.de\/wp-content\/uploads\/2008\/02\/080216_Bischof_44.thumbnail.jpg\" alt=\"080216_Bischof_44.jpg\" \/><\/a> <a rel=\"lightbox[roadtrip]\" target=\"_blank\" href=\"http:\/\/www.schoene-nachrichten.de\/wp-content\/uploads\/2008\/02\/080216_Bischof_45.jpg\" title=\"Foto: Max Colin Heydenreich\"><img decoding=\"async\" width=\"128\" src=\"http:\/\/www.schoene-nachrichten.de\/wp-content\/uploads\/2008\/02\/080216_Bischof_45.thumbnail.jpg\" alt=\"080216_Bischof_45.jpg\" \/><\/a><\/p>\n<p>So sei auch Bischof Heinz Josef Algermissen, von fr\u00fcheren Orten wie Hermeskeil im Bistum Trier, Paderborn, Freiburg, Bielefeld herkommend, 2001 neu aufgebrochen nach Fulda, nachdem er, von einer Lourdeswallfahrt zur\u00fcckkehrend, das Amt angenommen hatte. \u201eDu hast zu uns in Fulda Ja gesagt, weil Du dem Ruf Gottes gefolgt bist.\u201c Auch Algermissens Mutter, die mit ihm gekommen sei, gelte an diesem Tag ein tief empfundener Dank.<\/p>\n<p><a rel=\"lightbox[roadtrip]\" target=\"_blank\" href=\"http:\/\/www.schoene-nachrichten.de\/wp-content\/uploads\/2008\/02\/080216_Bischof_37.jpg\" title=\"Foto: Max Colin Heydenreich\"><img decoding=\"async\" width=\"128\" src=\"http:\/\/www.schoene-nachrichten.de\/wp-content\/uploads\/2008\/02\/080216_Bischof_37.thumbnail.jpg\" alt=\"080216_Bischof_37.jpg\" \/><\/a> <a rel=\"lightbox[roadtrip]\" target=\"_blank\" href=\"http:\/\/www.schoene-nachrichten.de\/wp-content\/uploads\/2008\/02\/080216_Bischof_38.jpg\" title=\"Foto: Max Colin Heydenreich\"><img decoding=\"async\" width=\"128\" src=\"http:\/\/www.schoene-nachrichten.de\/wp-content\/uploads\/2008\/02\/080216_Bischof_38.thumbnail.jpg\" alt=\"080216_Bischof_38.jpg\" \/><\/a> <a rel=\"lightbox[roadtrip]\" target=\"_blank\" href=\"http:\/\/www.schoene-nachrichten.de\/wp-content\/uploads\/2008\/02\/080216_Bischof_39.jpg\" title=\"Foto: Max Colin Heydenreich\"><img decoding=\"async\" width=\"128\" src=\"http:\/\/www.schoene-nachrichten.de\/wp-content\/uploads\/2008\/02\/080216_Bischof_39.thumbnail.jpg\" alt=\"080216_Bischof_39.jpg\" \/><\/a><\/p>\n<p>Zu danken sei auch daf\u00fcr, da\u00df \u201eDu mit uns aufgebrochen bist im Pastoralen Proze\u00df, um die richtigen Antworten zu finden auf den neuen Gegebenheiten im kirchlichen Leben heute\u201c. Der Bischof habe das \u201eDuc in altum\u201c (\u201eFahre hinaus\u201c), das Papst Johannes Paul II. als Leitmotiv f\u00fcr den Weg der Kirche in das neue Jahrtausend mitgegeben habe, aufgegriffen. Das hei\u00dfe auch: Jesus noch mehr kennenzulernen, das Geschenk des Glaubens noch mehr zu entdecken, die kostbare Perle zu sehen, die die Botschaft des Evangeliums darstelle. \u201eAufzubrechen in die Tiefe und in die Weite, aufzubrechen auf den Gott hin, der immer wieder neu in Jesus Christus in Seinem Wort und in Seinen Sakramenten zu uns aufbricht, das bleibt unser Geschenk und unser Auftrag\u201c, rief Diez den Gl\u00e4ubigen in Erinnerung. Der Bischof gehe hierbei voran.<\/p>\n<p><a rel=\"lightbox[roadtrip]\" target=\"_blank\" href=\"http:\/\/www.schoene-nachrichten.de\/wp-content\/uploads\/2008\/02\/080216_Bischof_19.jpg\" title=\"Foto: Max Colin Heydenreich\"><img decoding=\"async\" width=\"128\" src=\"http:\/\/www.schoene-nachrichten.de\/wp-content\/uploads\/2008\/02\/080216_Bischof_19.thumbnail.jpg\" alt=\"080216_Bischof_19.jpg\" \/><\/a> <a rel=\"lightbox[roadtrip]\" target=\"_blank\" href=\"http:\/\/www.schoene-nachrichten.de\/wp-content\/uploads\/2008\/02\/080216_Bischof_20.jpg\" title=\"Foto: Max Colin Heydenreich\"><img decoding=\"async\" width=\"128\" src=\"http:\/\/www.schoene-nachrichten.de\/wp-content\/uploads\/2008\/02\/080216_Bischof_20.thumbnail.jpg\" alt=\"080216_Bischof_20.jpg\" \/><\/a> <a rel=\"lightbox[roadtrip]\" target=\"_blank\" href=\"http:\/\/www.schoene-nachrichten.de\/wp-content\/uploads\/2008\/02\/080216_Bischof_21.jpg\" title=\"Foto: Max Colin Heydenreich\"><img decoding=\"async\" width=\"128\" src=\"http:\/\/www.schoene-nachrichten.de\/wp-content\/uploads\/2008\/02\/080216_Bischof_21.thumbnail.jpg\" alt=\"080216_Bischof_21.jpg\" \/><\/a><\/p>\n<p>Mancher glaube, so Diez weiter, da\u00df Zeit und Ewigkeit im Gegensatz zueinander st\u00fcnden, was nicht zutreffe. \u201eGerade indem man mit ganzem Herzen in die Zeit eingeht, sie ernst nimmt und deren urspr\u00fcnglichen Sinn entdeckt, findet man die Ewigkeit darin. Die Ewigkeit ist das innerste Werk in der Zeit.\u201c Wenn die Zeit auf rechte Zeit verwendet werde, trage sie Frucht. \u201eVielleicht ist dies das geheimnisvollste und faszinierendste an der Zeit: Man kann sich nichts Zerbrechlicheres und Fl\u00fcchtigeres als die Zeit denken, und dennoch ist sie ganz und gar erf\u00fcllt von etwas Bleibendem.\u201c<\/p>\n<p><a rel=\"lightbox[roadtrip]\" target=\"_blank\" href=\"http:\/\/www.schoene-nachrichten.de\/wp-content\/uploads\/2008\/02\/080216_Bischof_26.jpg\" title=\"Foto: Max Colin Heydenreich\"><img decoding=\"async\" width=\"128\" src=\"http:\/\/www.schoene-nachrichten.de\/wp-content\/uploads\/2008\/02\/080216_Bischof_26.thumbnail.jpg\" alt=\"080216_Bischof_26.jpg\" \/><\/a> <a rel=\"lightbox[roadtrip]\" target=\"_blank\" href=\"http:\/\/www.schoene-nachrichten.de\/wp-content\/uploads\/2008\/02\/080216_Bischof_27.jpg\" title=\"Foto: Max Colin Heydenreich\"><img decoding=\"async\" width=\"128\" src=\"http:\/\/www.schoene-nachrichten.de\/wp-content\/uploads\/2008\/02\/080216_Bischof_27.thumbnail.jpg\" alt=\"080216_Bischof_27.jpg\" \/><\/a> <a rel=\"lightbox[roadtrip]\" target=\"_blank\" href=\"http:\/\/www.schoene-nachrichten.de\/wp-content\/uploads\/2008\/02\/080216_Bischof_30.jpg\" title=\"Foto: Max Colin Heydenreich\"><img decoding=\"async\" width=\"128\" src=\"http:\/\/www.schoene-nachrichten.de\/wp-content\/uploads\/2008\/02\/080216_Bischof_30.thumbnail.jpg\" alt=\"080216_Bischof_30.jpg\" \/><\/a>\u00c2\u00a0<\/p>\n<p>Besonders in der von Algermissen so wertgesch\u00e4tzten Liturgie finde man die Synthese von Zeit und Ewigkeit. Durch das bisch\u00f6fliche Leitwort des Jubilars: \u201eDiesen Schatz tragen wir in zerbrechlichen Gef\u00e4\u00dfen\u201c werde deutlich, da\u00df man das \u201e\u00dcberma\u00df der Kraft\u201c (2 Kor 4,7) auch auf das Verh\u00e4ltnis von Zeit und Ewigkeit beziehen d\u00fcrfe. \u201eIn jedem Augenblick wird die Zeit von der Ewigkeit ber\u00fchrt, und diese Ber\u00fchrung gibt der Zeit eine Tiefendimension.\u201c<\/p>\n<p><a rel=\"lightbox[roadtrip]\" target=\"_blank\" href=\"http:\/\/www.schoene-nachrichten.de\/wp-content\/uploads\/2008\/02\/080216_Bischof_31.jpg\" title=\"Foto: Max Colin Heydenreich\"><img decoding=\"async\" width=\"128\" src=\"http:\/\/www.schoene-nachrichten.de\/wp-content\/uploads\/2008\/02\/080216_Bischof_31.thumbnail.jpg\" alt=\"080216_Bischof_31.jpg\" \/><\/a> <a rel=\"lightbox[roadtrip]\" target=\"_blank\" href=\"http:\/\/www.schoene-nachrichten.de\/wp-content\/uploads\/2008\/02\/080216_Bischof_32.jpg\" title=\"Foto: Max Colin Heydenreich\"><img decoding=\"async\" width=\"128\" src=\"http:\/\/www.schoene-nachrichten.de\/wp-content\/uploads\/2008\/02\/080216_Bischof_32.thumbnail.jpg\" alt=\"080216_Bischof_32.jpg\" \/><\/a> <a rel=\"lightbox[roadtrip]\" target=\"_blank\" href=\"http:\/\/www.schoene-nachrichten.de\/wp-content\/uploads\/2008\/02\/080216_Bischof_33.jpg\" title=\"Foto: Max Colin Heydenreich\"><img decoding=\"async\" width=\"128\" src=\"http:\/\/www.schoene-nachrichten.de\/wp-content\/uploads\/2008\/02\/080216_Bischof_33.thumbnail.jpg\" alt=\"080216_Bischof_33.jpg\" \/><\/a><\/p>\n<p>Ewigkeit sei laut Diez aber nicht unbegrenzte Zeit, wie sich mancher vorstelle. Dann w\u00e4re Ewigkeit eine Zeit, die weder Anfang noch Ende habe. Damit w\u00fcrde man Gott eigentlich sehr klein machen. Zeit bedeute Ver\u00e4nderung, Entwicklung, Werden. \u201eGott aber ist. In ihm gibt es kein Wachsen oder Reifen. Er hat und ist alles auf einmal. Er ist unendliche F\u00fclle und Vollkommenheit.\u201c Indem der Mensch in der Zeit lebe, werde er alt. Gottes Ewigkeit dagegen bewirke, da\u00df Er immer jung sei. \u201eIn Gott gibt es keine verflossene oder kommende Zeit.\u201c F\u00fcr den Menschen, der ein begrenztes Gesch\u00f6pf bleibe, sei Gott immer gr\u00f6\u00dfer. Es m\u00fcssen den Christen um Gott gehen, der die Mitte der Kirche sei und von dem sie alles erwarten d\u00fcrften.<\/p>\n<p><a rel=\"lightbox[roadtrip]\" target=\"_blank\" href=\"http:\/\/www.schoene-nachrichten.de\/wp-content\/uploads\/2008\/02\/080216_Bischof_46.jpg\" title=\"Foto: Max Colin Heydenreich\"><img decoding=\"async\" width=\"128\" src=\"http:\/\/www.schoene-nachrichten.de\/wp-content\/uploads\/2008\/02\/080216_Bischof_46.thumbnail.jpg\" alt=\"080216_Bischof_46.jpg\" \/><\/a>\u00c2\u00a0<a rel=\"lightbox[roadtrip]\" target=\"_blank\" href=\"http:\/\/www.schoene-nachrichten.de\/wp-content\/uploads\/2008\/02\/080216_Bischof_48.jpg\" title=\"Foto: Max Colin Heydenreich\"><img decoding=\"async\" width=\"128\" src=\"http:\/\/www.schoene-nachrichten.de\/wp-content\/uploads\/2008\/02\/080216_Bischof_48.thumbnail.jpg\" alt=\"080216_Bischof_48.jpg\" \/><\/a> <a rel=\"lightbox[roadtrip]\" target=\"_blank\" href=\"http:\/\/www.schoene-nachrichten.de\/wp-content\/uploads\/2008\/02\/080216_Bischof_50.jpg\" title=\"Foto: Max Colin Heydenreich\"><img decoding=\"async\" width=\"128\" src=\"http:\/\/www.schoene-nachrichten.de\/wp-content\/uploads\/2008\/02\/080216_Bischof_50.thumbnail.jpg\" alt=\"080216_Bischof_50.jpg\" \/><\/a><\/p>\n<p>Bischof Algermissen nehme den bisch\u00f6flichen Dienst der Glaubensverk\u00fcndigung sehr ernst und bereite Predigten und Ansprachen sehr sorgf\u00e4ltig vor. Damit gebe er gewissenhaft und aufmerksam Weisung im Glauben. Die drei Bistumspatrone der Di\u00f6zesen, durch die seine Lebensspur f\u00fchre \u2013 der hl. Apostel Matthias f\u00fcr Trier, der hl. Liborius f\u00fcr Paderborn und der hl. Bonifatius f\u00fcr Fulda \u2013 seien darin miteinander verbunden, da\u00df sie immer wieder neu von Gott gerufen worden seien und sich immer wieder neu auf den Weg gemacht h\u00e4tten. \u201eSie werden Dir auch weiterhin nahe sein, wenn es gilt, mit uns und f\u00fcr uns aufzubrechen in die Weite und Tiefe des Glaubens.\u201c Weihbischof Diez w\u00fcnschte dem Oberhirten weiterhin viel Kraft und Segen f\u00fcr seinen Dienst und allen \u201eviel Freude an der Gegenwart und Zukunft\u201c.<\/p>\n<p><a rel=\"lightbox[roadtrip]\" target=\"_blank\" href=\"http:\/\/www.schoene-nachrichten.de\/wp-content\/uploads\/2008\/02\/080216_Bischof_40.jpg\" title=\"Foto: Max Colin Heydenreich\"><img decoding=\"async\" width=\"128\" src=\"http:\/\/www.schoene-nachrichten.de\/wp-content\/uploads\/2008\/02\/080216_Bischof_40.thumbnail.jpg\" alt=\"080216_Bischof_40.jpg\" \/><\/a> <a rel=\"lightbox[roadtrip]\" target=\"_blank\" href=\"http:\/\/www.schoene-nachrichten.de\/wp-content\/uploads\/2008\/02\/080216_Bischof_41.jpg\" title=\"Foto: Max Colin Heydenreich\"><img decoding=\"async\" width=\"128\" src=\"http:\/\/www.schoene-nachrichten.de\/wp-content\/uploads\/2008\/02\/080216_Bischof_41.thumbnail.jpg\" alt=\"080216_Bischof_41.jpg\" \/><\/a> <a rel=\"lightbox[roadtrip]\" target=\"_blank\" href=\"http:\/\/www.schoene-nachrichten.de\/wp-content\/uploads\/2008\/02\/080216_Bischof_42.jpg\" title=\"Foto: Max Colin Heydenreich\"><img decoding=\"async\" width=\"128\" src=\"http:\/\/www.schoene-nachrichten.de\/wp-content\/uploads\/2008\/02\/080216_Bischof_42.thumbnail.jpg\" alt=\"080216_Bischof_42.jpg\" \/><\/a><\/p>\n<p>Der Gottesdienst wurde mitgestaltet vom Domchor Fulda sowie dem Jugendkathedralchor unter der Leitung von Domkapellmeister Franz-Peter Huber, die Chors\u00e4tze von W. A. Mozart und G. Faur\u00e9 sowie weitere im Wechsel mit der Gemeinde sangen. An der Orgel Domorganist Prof. Hans-J\u00fcrgen Kaiser.<\/p>\n<p><a rel=\"lightbox[roadtrip]\" target=\"_blank\" href=\"http:\/\/www.schoene-nachrichten.de\/wp-content\/uploads\/2008\/02\/080216_Bischof_34.jpg\" title=\"Foto: Max Colin Heydenreich\"><img decoding=\"async\" width=\"128\" src=\"http:\/\/www.schoene-nachrichten.de\/wp-content\/uploads\/2008\/02\/080216_Bischof_34.thumbnail.jpg\" alt=\"080216_Bischof_34.jpg\" \/><\/a>\u00c2\u00a0<a rel=\"lightbox[roadtrip]\" target=\"_blank\" href=\"http:\/\/www.schoene-nachrichten.de\/wp-content\/uploads\/2008\/02\/080216_Bischof_51.jpg\" title=\"Foto: Max Colin Heydenreich\"><img decoding=\"async\" width=\"128\" src=\"http:\/\/www.schoene-nachrichten.de\/wp-content\/uploads\/2008\/02\/080216_Bischof_51.thumbnail.jpg\" alt=\"080216_Bischof_51.jpg\" \/><\/a>\u00c2\u00a0\u00c2\u00a0<\/p>\n","protected":false},"excerpt":{"rendered":"<div class=\"tmnf_excerpt\"><p>Fulda.\u00c2\u00a0Die Zeit sei ein Zeichen f\u00fcr Gottes Geduld. \u201eDa\u00df Er an der T\u00fcr steht und dort wartet, ist gerade das, was die Zeit ausmacht. Zu wachsen und zu reifen hei\u00dft, die Zeit zwischen Seinem Klopfen und unserer Antwort immer k\u00fcrzer zu machen.\u201c Dies unterstrich der Fuldaer Weihbischof Prof. Dr. Karlheinz Diez am Freitag w\u00e4hrend eines &hellip;<\/p>\n<\/div>","protected":false},"author":1,"featured_media":0,"comment_status":"closed","ping_status":"closed","sticky":false,"template":"","format":"standard","meta":{"footnotes":""},"categories":[1,54,50],"tags":[],"class_list":["post-7883","post","type-post","status-publish","format-standard","hentry","category-startseite","category-bildergalerien","category-kirche"],"_links":{"self":[{"href":"https:\/\/www.fuldaernachrichten.de\/index.php?rest_route=\/wp\/v2\/posts\/7883","targetHints":{"allow":["GET"]}}],"collection":[{"href":"https:\/\/www.fuldaernachrichten.de\/index.php?rest_route=\/wp\/v2\/posts"}],"about":[{"href":"https:\/\/www.fuldaernachrichten.de\/index.php?rest_route=\/wp\/v2\/types\/post"}],"author":[{"embeddable":true,"href":"https:\/\/www.fuldaernachrichten.de\/index.php?rest_route=\/wp\/v2\/users\/1"}],"replies":[{"embeddable":true,"href":"https:\/\/www.fuldaernachrichten.de\/index.php?rest_route=%2Fwp%2Fv2%2Fcomments&post=7883"}],"version-history":[{"count":0,"href":"https:\/\/www.fuldaernachrichten.de\/index.php?rest_route=\/wp\/v2\/posts\/7883\/revisions"}],"wp:attachment":[{"href":"https:\/\/www.fuldaernachrichten.de\/index.php?rest_route=%2Fwp%2Fv2%2Fmedia&parent=7883"}],"wp:term":[{"taxonomy":"category","embeddable":true,"href":"https:\/\/www.fuldaernachrichten.de\/index.php?rest_route=%2Fwp%2Fv2%2Fcategories&post=7883"},{"taxonomy":"post_tag","embeddable":true,"href":"https:\/\/www.fuldaernachrichten.de\/index.php?rest_route=%2Fwp%2Fv2%2Ftags&post=7883"}],"curies":[{"name":"wp","href":"https:\/\/api.w.org\/{rel}","templated":true}]}}