{"id":7882,"date":"2008-02-16T00:41:44","date_gmt":"2008-02-15T23:41:44","guid":{"rendered":"http:\/\/www.schoene-nachrichten.de\/?p=7882"},"modified":"2008-02-16T00:41:12","modified_gmt":"2008-02-15T23:41:12","slug":"zahlreiche-gaeste-aus-kirche-und-gesellschaft-gratulierten-bischof-algermissen","status":"publish","type":"post","link":"https:\/\/www.fuldaernachrichten.de\/?p=7882","title":{"rendered":"Zahlreiche G\u00e4ste aus Kirche und Gesellschaft gratulierten Bischof Algermissen"},"content":{"rendered":"<p><strong>Fulda.<\/strong> Bei einem Empfang aus Anla\u00df des 65. Geburtstag von Fuldas Bischof Heinz Algermissen hat Generalvikar Pr\u00e4lat Peter-Martin Schmidt am Freitag zahlreiche G\u00e4ste aus Kirche und Gesellschaft im Auditorium maximum der Theologischen Fakult\u00e4t begr\u00fc\u00dft und dem Bischof \u201ein Freude und Dankbarkeit\u201c Gottes reichen Segen gew\u00fcnscht.<\/p>\n<p><strong>Fotos (48):<\/strong> Max Colin Heydenreich<\/p>\n<p><a rel=\"lightbox[roadtrip]\" target=\"_blank\" href=\"http:\/\/www.schoene-nachrichten.de\/wp-content\/uploads\/2008\/02\/080216_Bischof_97.jpg\" title=\"Foto: Max Colin Heydenreich\"><img decoding=\"async\" width=\"128\" src=\"http:\/\/www.schoene-nachrichten.de\/wp-content\/uploads\/2008\/02\/080216_Bischof_97.thumbnail.jpg\" alt=\"080216_Bischof_97.jpg\" \/><\/a>\u00c2\u00a0<a rel=\"lightbox[roadtrip]\" target=\"_blank\" href=\"http:\/\/www.schoene-nachrichten.de\/wp-content\/uploads\/2008\/02\/080216_Bischof_99.jpg\" title=\"Foto: Max Colin Heydenreich\"><img decoding=\"async\" width=\"128\" src=\"http:\/\/www.schoene-nachrichten.de\/wp-content\/uploads\/2008\/02\/080216_Bischof_99.thumbnail.jpg\" alt=\"080216_Bischof_99.jpg\" \/><\/a>\u00c2\u00a0<a rel=\"lightbox[roadtrip]\" target=\"_blank\" href=\"http:\/\/www.schoene-nachrichten.de\/wp-content\/uploads\/2008\/02\/080216_Bischof_98.jpg\" title=\"Foto: Max Colin Heydenreich\"><img decoding=\"async\" width=\"128\" src=\"http:\/\/www.schoene-nachrichten.de\/wp-content\/uploads\/2008\/02\/080216_Bischof_98.thumbnail.jpg\" alt=\"080216_Bischof_98.jpg\" \/><\/a><\/p>\n<p><a rel=\"lightbox[roadtrip]\" target=\"_blank\" href=\"http:\/\/www.schoene-nachrichten.de\/wp-content\/uploads\/2008\/02\/080216_Bischof_75.jpg\" title=\"Foto: Max Colin Heydenreich\"><img decoding=\"async\" width=\"128\" src=\"http:\/\/www.schoene-nachrichten.de\/wp-content\/uploads\/2008\/02\/080216_Bischof_75.thumbnail.jpg\" alt=\"080216_Bischof_75.jpg\" \/><\/a>\u00c2\u00a0<a rel=\"lightbox[roadtrip]\" target=\"_blank\" href=\"http:\/\/www.schoene-nachrichten.de\/wp-content\/uploads\/2008\/02\/080216_Bischof_87.jpg\" title=\"Foto: Max Colin Heydenreich\"><img decoding=\"async\" width=\"128\" src=\"http:\/\/www.schoene-nachrichten.de\/wp-content\/uploads\/2008\/02\/080216_Bischof_87.thumbnail.jpg\" alt=\"080216_Bischof_87.jpg\" \/><\/a>\u00c2\u00a0<a rel=\"lightbox[roadtrip]\" target=\"_blank\" href=\"http:\/\/www.schoene-nachrichten.de\/wp-content\/uploads\/2008\/02\/080216_Bischof_95.jpg\" title=\"Foto: Max Colin Heydenreich\"><img decoding=\"async\" width=\"128\" src=\"http:\/\/www.schoene-nachrichten.de\/wp-content\/uploads\/2008\/02\/080216_Bischof_95.thumbnail.jpg\" alt=\"080216_Bischof_95.jpg\" \/><\/a><\/p>\n<p><!--more-->Besonders begr\u00fc\u00dfte der Generalvikar den Limburger Bischof Prof. Dr. Franz-Peter Tebartz-van Elst, die Weihbisch\u00f6fe, Domkapitulare, Priester und Ordensleute und hie\u00df unter anderem die Vertreter der Evangelischen Kirche von Kurhessen-Waldeck (Kassel), Pr\u00e4latin Roswitha Alterhoff und Dr. Wilhelm Richeb\u00e4cher, sowie Regierungspr\u00e4sident Lutz Klein, Staatsminister Dr. Alois Rhiel und Fuldas Oberb\u00fcrgermeister Gerhard M\u00f6ller willkommen.<\/p>\n<p><a rel=\"lightbox[roadtrip]\" target=\"_blank\" href=\"http:\/\/www.schoene-nachrichten.de\/wp-content\/uploads\/2008\/02\/080216_Bischof_52.jpg\" title=\"Foto: Max Colin Heydenreich\"><img decoding=\"async\" width=\"128\" src=\"http:\/\/www.schoene-nachrichten.de\/wp-content\/uploads\/2008\/02\/080216_Bischof_52.thumbnail.jpg\" alt=\"080216_Bischof_52.jpg\" \/><\/a> <a rel=\"lightbox[roadtrip]\" target=\"_blank\" href=\"http:\/\/www.schoene-nachrichten.de\/wp-content\/uploads\/2008\/02\/080216_Bischof_53.jpg\" title=\"Foto: Max Colin Heydenreich\"><img decoding=\"async\" width=\"128\" src=\"http:\/\/www.schoene-nachrichten.de\/wp-content\/uploads\/2008\/02\/080216_Bischof_53.thumbnail.jpg\" alt=\"080216_Bischof_53.jpg\" \/><\/a> <a rel=\"lightbox[roadtrip]\" target=\"_blank\" href=\"http:\/\/www.schoene-nachrichten.de\/wp-content\/uploads\/2008\/02\/080216_Bischof_54.jpg\" title=\"Foto: Max Colin Heydenreich\"><img decoding=\"async\" width=\"128\" src=\"http:\/\/www.schoene-nachrichten.de\/wp-content\/uploads\/2008\/02\/080216_Bischof_54.thumbnail.jpg\" alt=\"080216_Bischof_54.jpg\" \/><\/a><\/p>\n<p><a rel=\"lightbox[roadtrip]\" target=\"_blank\" href=\"http:\/\/www.schoene-nachrichten.de\/wp-content\/uploads\/2008\/02\/080216_Bischof_76.jpg\" title=\"Foto: Max Colin Heydenreich\"><img decoding=\"async\" width=\"128\" src=\"http:\/\/www.schoene-nachrichten.de\/wp-content\/uploads\/2008\/02\/080216_Bischof_76.thumbnail.jpg\" alt=\"080216_Bischof_76.jpg\" \/><\/a> <a rel=\"lightbox[roadtrip]\" target=\"_blank\" href=\"http:\/\/www.schoene-nachrichten.de\/wp-content\/uploads\/2008\/02\/080216_Bischof_77.jpg\" title=\"Foto: Max Colin Heydenreich\"><img decoding=\"async\" width=\"128\" src=\"http:\/\/www.schoene-nachrichten.de\/wp-content\/uploads\/2008\/02\/080216_Bischof_77.thumbnail.jpg\" alt=\"080216_Bischof_77.jpg\" \/><\/a> <a rel=\"lightbox[roadtrip]\" target=\"_blank\" href=\"http:\/\/www.schoene-nachrichten.de\/wp-content\/uploads\/2008\/02\/080216_Bischof_78.jpg\" title=\"Foto: Max Colin Heydenreich\"><img decoding=\"async\" width=\"128\" src=\"http:\/\/www.schoene-nachrichten.de\/wp-content\/uploads\/2008\/02\/080216_Bischof_78.thumbnail.jpg\" alt=\"080216_Bischof_78.jpg\" \/><\/a><\/p>\n<p>Domdechant Prof. Dr. Werner Kathrein brachte dem Bischof die Gratulation des Domkapitels dar. Dieser sei \u201eaus dem fremderen Paderborn\u201c nach Fulda gekommen, wo ihm in den vergangenen Jahren \u201eaus einem reichen Schatz der Tisch gedeckt\u201c worden sei. Denn fast jedes Jahr habe es ein Jubil\u00e4umsjahr gegeben: 2002 das 250. Bistumsjubil\u00e4um, 2004 das Bonifatiusjahr, 2006 das Hrabanus-Maurus-Jahr und 2007 das Elisabethjahr. All dies seien keine blo\u00dfen Feiern gewesen, sondern die Jubil\u00e4en h\u00e4tten das christliche Erbe f\u00fcr das heutige kirchliche Leben fruchtbar gemacht. Ein Herzensanliegen sei es dem Domkapitel, mit dem Bischof gemeinsam den Weg der Lebens- und Glaubensfreude in Fulda weiterzugehen.<\/p>\n<p><a rel=\"lightbox[roadtrip]\" target=\"_blank\" href=\"http:\/\/www.schoene-nachrichten.de\/wp-content\/uploads\/2008\/02\/080216_Bischof_55.jpg\" title=\"Foto: Max Colin Heydenreich\"><img decoding=\"async\" width=\"128\" src=\"http:\/\/www.schoene-nachrichten.de\/wp-content\/uploads\/2008\/02\/080216_Bischof_55.thumbnail.jpg\" alt=\"080216_Bischof_55.jpg\" \/><\/a> <a rel=\"lightbox[roadtrip]\" target=\"_blank\" href=\"http:\/\/www.schoene-nachrichten.de\/wp-content\/uploads\/2008\/02\/080216_Bischof_56.jpg\" title=\"Foto: Max Colin Heydenreich\"><img decoding=\"async\" width=\"128\" src=\"http:\/\/www.schoene-nachrichten.de\/wp-content\/uploads\/2008\/02\/080216_Bischof_56.thumbnail.jpg\" alt=\"080216_Bischof_56.jpg\" \/><\/a> <a rel=\"lightbox[roadtrip]\" target=\"_blank\" href=\"http:\/\/www.schoene-nachrichten.de\/wp-content\/uploads\/2008\/02\/080216_Bischof_57.jpg\" title=\"Foto: Max Colin Heydenreich\"><img decoding=\"async\" width=\"128\" src=\"http:\/\/www.schoene-nachrichten.de\/wp-content\/uploads\/2008\/02\/080216_Bischof_57.thumbnail.jpg\" alt=\"080216_Bischof_57.jpg\" \/><\/a><\/p>\n<p><a rel=\"lightbox[roadtrip]\" target=\"_blank\" href=\"http:\/\/www.schoene-nachrichten.de\/wp-content\/uploads\/2008\/02\/080216_Bischof_79.jpg\" title=\"Foto: Max Colin Heydenreich\"><img decoding=\"async\" width=\"128\" src=\"http:\/\/www.schoene-nachrichten.de\/wp-content\/uploads\/2008\/02\/080216_Bischof_79.thumbnail.jpg\" alt=\"080216_Bischof_79.jpg\" \/><\/a> <a rel=\"lightbox[roadtrip]\" target=\"_blank\" href=\"http:\/\/www.schoene-nachrichten.de\/wp-content\/uploads\/2008\/02\/080216_Bischof_80.jpg\" title=\"Foto: Max Colin Heydenreich\"><img decoding=\"async\" width=\"128\" src=\"http:\/\/www.schoene-nachrichten.de\/wp-content\/uploads\/2008\/02\/080216_Bischof_80.thumbnail.jpg\" alt=\"080216_Bischof_80.jpg\" \/><\/a> <a rel=\"lightbox[roadtrip]\" target=\"_blank\" href=\"http:\/\/www.schoene-nachrichten.de\/wp-content\/uploads\/2008\/02\/080216_Bischof_81.jpg\" title=\"Foto: Max Colin Heydenreich\"><img decoding=\"async\" width=\"128\" src=\"http:\/\/www.schoene-nachrichten.de\/wp-content\/uploads\/2008\/02\/080216_Bischof_81.thumbnail.jpg\" alt=\"080216_Bischof_81.jpg\" \/><\/a><\/p>\n<p>Limburgs neuer Bischof Tebartz-van Elst \u00fcbermittelte als Nachbarbischof die Gl\u00fcckw\u00fcnsche seines Bistums. An Bischof Algermissen stelle er eine gro\u00dfe Freude an Gott und eine gro\u00dfe Liebe zur Kirche fest. \u201eDu vermittelst zugewandte N\u00e4he, in der sich die Menschen wohlf\u00fchlen\u201c, so der Limburger Oberhirte. Algermissen sei den Gl\u00e4ubigen in seiner Di\u00f6zese Weggef\u00e4hrte und gebe ihnen Weisung im Glauben. Der Fuldaer Bischof habe sich gro\u00dfes Vertrauen erworben, vor allem durch seinen Einsatz f\u00fcr den Frieden und den Schutz des menschlichen Lebens an seinem Anfang wie seinem Ende.<\/p>\n<p><a rel=\"lightbox[roadtrip]\" target=\"_blank\" href=\"http:\/\/www.schoene-nachrichten.de\/wp-content\/uploads\/2008\/02\/080216_Bischof_58.jpg\" title=\"Foto: Max Colin Heydenreich\"><img decoding=\"async\" width=\"128\" src=\"http:\/\/www.schoene-nachrichten.de\/wp-content\/uploads\/2008\/02\/080216_Bischof_58.thumbnail.jpg\" alt=\"080216_Bischof_58.jpg\" \/><\/a> <a rel=\"lightbox[roadtrip]\" target=\"_blank\" href=\"http:\/\/www.schoene-nachrichten.de\/wp-content\/uploads\/2008\/02\/080216_Bischof_59.jpg\" title=\"Foto: Max Colin Heydenreich\"><img decoding=\"async\" width=\"128\" src=\"http:\/\/www.schoene-nachrichten.de\/wp-content\/uploads\/2008\/02\/080216_Bischof_59.thumbnail.jpg\" alt=\"080216_Bischof_59.jpg\" \/><\/a> <a rel=\"lightbox[roadtrip]\" target=\"_blank\" href=\"http:\/\/www.schoene-nachrichten.de\/wp-content\/uploads\/2008\/02\/080216_Bischof_60.jpg\" title=\"Foto: Max Colin Heydenreich\"><img decoding=\"async\" width=\"128\" src=\"http:\/\/www.schoene-nachrichten.de\/wp-content\/uploads\/2008\/02\/080216_Bischof_60.thumbnail.jpg\" alt=\"080216_Bischof_60.jpg\" \/><\/a><\/p>\n<p><a rel=\"lightbox[roadtrip]\" target=\"_blank\" href=\"http:\/\/www.schoene-nachrichten.de\/wp-content\/uploads\/2008\/02\/080216_Bischof_82.jpg\" title=\"Foto: Max Colin Heydenreich\"><img decoding=\"async\" width=\"128\" src=\"http:\/\/www.schoene-nachrichten.de\/wp-content\/uploads\/2008\/02\/080216_Bischof_82.thumbnail.jpg\" alt=\"080216_Bischof_82.jpg\" \/><\/a> <a rel=\"lightbox[roadtrip]\" target=\"_blank\" href=\"http:\/\/www.schoene-nachrichten.de\/wp-content\/uploads\/2008\/02\/080216_Bischof_83.jpg\" title=\"Foto: Max Colin Heydenreich\"><img decoding=\"async\" width=\"128\" src=\"http:\/\/www.schoene-nachrichten.de\/wp-content\/uploads\/2008\/02\/080216_Bischof_83.thumbnail.jpg\" alt=\"080216_Bischof_83.jpg\" \/><\/a> <a rel=\"lightbox[roadtrip]\" target=\"_blank\" href=\"http:\/\/www.schoene-nachrichten.de\/wp-content\/uploads\/2008\/02\/080216_Bischof_84.jpg\" title=\"Foto: Max Colin Heydenreich\"><img decoding=\"async\" width=\"128\" src=\"http:\/\/www.schoene-nachrichten.de\/wp-content\/uploads\/2008\/02\/080216_Bischof_84.thumbnail.jpg\" alt=\"080216_Bischof_84.jpg\" \/><\/a><\/p>\n<p>Auch die missionarische Verk\u00fcndigung des Glaubens in einer immer mehr entchristlichten Gesellschaft sei Algermissen ein wichtiges Anliegen. Besonders hob Tebartz-van Elst in seinem Gru\u00dfwort die \u201egelebte Gastfreundschaft\u201c des Fuldaer Oberhirten w\u00e4hrend der j\u00e4hrlichen Herbstvollversammlung hervor. Mit \u201eEhrlichkeit und Respekt vor den gewachsenen Traditionen\u201c setze er sich auch f\u00fcr eine \u201egeistliche \u00d6kumene\u201c ein.<\/p>\n<p><a rel=\"lightbox[roadtrip]\" target=\"_blank\" href=\"http:\/\/www.schoene-nachrichten.de\/wp-content\/uploads\/2008\/02\/080216_Bischof_61.jpg\" title=\"Foto: Max Colin Heydenreich\"><img decoding=\"async\" width=\"128\" src=\"http:\/\/www.schoene-nachrichten.de\/wp-content\/uploads\/2008\/02\/080216_Bischof_61.thumbnail.jpg\" alt=\"080216_Bischof_61.jpg\" \/><\/a> <a rel=\"lightbox[roadtrip]\" target=\"_blank\" href=\"http:\/\/www.schoene-nachrichten.de\/wp-content\/uploads\/2008\/02\/080216_Bischof_62.jpg\" title=\"Foto: Max Colin Heydenreich\"><img decoding=\"async\" width=\"128\" src=\"http:\/\/www.schoene-nachrichten.de\/wp-content\/uploads\/2008\/02\/080216_Bischof_62.thumbnail.jpg\" alt=\"080216_Bischof_62.jpg\" \/><\/a> <a rel=\"lightbox[roadtrip]\" target=\"_blank\" href=\"http:\/\/www.schoene-nachrichten.de\/wp-content\/uploads\/2008\/02\/080216_Bischof_63.jpg\" title=\"Foto: Max Colin Heydenreich\"><img decoding=\"async\" width=\"128\" src=\"http:\/\/www.schoene-nachrichten.de\/wp-content\/uploads\/2008\/02\/080216_Bischof_63.thumbnail.jpg\" alt=\"080216_Bischof_63.jpg\" \/><\/a><\/p>\n<p><a rel=\"lightbox[roadtrip]\" target=\"_blank\" href=\"http:\/\/www.schoene-nachrichten.de\/wp-content\/uploads\/2008\/02\/080216_Bischof_88.jpg\" title=\"Foto: Max Colin Heydenreich\"><img decoding=\"async\" width=\"128\" src=\"http:\/\/www.schoene-nachrichten.de\/wp-content\/uploads\/2008\/02\/080216_Bischof_88.thumbnail.jpg\" alt=\"080216_Bischof_88.jpg\" \/><\/a> <a rel=\"lightbox[roadtrip]\" target=\"_blank\" href=\"http:\/\/www.schoene-nachrichten.de\/wp-content\/uploads\/2008\/02\/080216_Bischof_89.jpg\" title=\"Foto: Max Colin Heydenreich\"><img decoding=\"async\" width=\"128\" src=\"http:\/\/www.schoene-nachrichten.de\/wp-content\/uploads\/2008\/02\/080216_Bischof_89.thumbnail.jpg\" alt=\"080216_Bischof_89.jpg\" \/><\/a> <a rel=\"lightbox[roadtrip]\" target=\"_blank\" href=\"http:\/\/www.schoene-nachrichten.de\/wp-content\/uploads\/2008\/02\/080216_Bischof_90.jpg\" title=\"Foto: Max Colin Heydenreich\"><img decoding=\"async\" width=\"128\" src=\"http:\/\/www.schoene-nachrichten.de\/wp-content\/uploads\/2008\/02\/080216_Bischof_90.thumbnail.jpg\" alt=\"080216_Bischof_90.jpg\" \/><\/a><\/p>\n<p><strong>Dank des Bischofs f\u00fcr den Empfang<\/strong><\/p>\n<p>Bischof Algermissen dankte am Ende des Empfangs vor den versammelten G\u00e4sten allen Rednern und betonte, er habe nach einem Zitat des hl. Hrabanus Maurus getan, \u201ewas ich konnte und was Gott mir gab\u201c, aber man d\u00fcrfe \u201esich nicht so wichtig nehmen\u201c, wie es der selige Papst Johannes XXIII. einmal formuliert habe. Mit aller Macht wolle er weiter f\u00fcr die Botschaft Jesu in der Welt wirken. \u201eDie Kirche hat mit dieser Botschaft die beste Botschaft der Welt und alle Chancen.\u201c Doch sein ein neuer Geist der Evangelisierung vonn\u00f6ten. Auch die \u201eStimme des Friedens\u201c wolle er als Bischof weiter in die Welt hineintragen.<\/p>\n<p><a rel=\"lightbox[roadtrip]\" target=\"_blank\" href=\"http:\/\/www.schoene-nachrichten.de\/wp-content\/uploads\/2008\/02\/080216_Bischof_64.jpg\" title=\"Foto: Max Colin Heydenreich\"><img decoding=\"async\" width=\"128\" src=\"http:\/\/www.schoene-nachrichten.de\/wp-content\/uploads\/2008\/02\/080216_Bischof_64.thumbnail.jpg\" alt=\"080216_Bischof_64.jpg\" \/><\/a> <a rel=\"lightbox[roadtrip]\" target=\"_blank\" href=\"http:\/\/www.schoene-nachrichten.de\/wp-content\/uploads\/2008\/02\/080216_Bischof_65.jpg\" title=\"Foto: Max Colin Heydenreich\"><img decoding=\"async\" width=\"128\" src=\"http:\/\/www.schoene-nachrichten.de\/wp-content\/uploads\/2008\/02\/080216_Bischof_65.thumbnail.jpg\" alt=\"080216_Bischof_65.jpg\" \/><\/a> <a rel=\"lightbox[roadtrip]\" target=\"_blank\" href=\"http:\/\/www.schoene-nachrichten.de\/wp-content\/uploads\/2008\/02\/080216_Bischof_66.jpg\" title=\"Foto: Max Colin Heydenreich\"><img decoding=\"async\" width=\"128\" src=\"http:\/\/www.schoene-nachrichten.de\/wp-content\/uploads\/2008\/02\/080216_Bischof_66.thumbnail.jpg\" alt=\"080216_Bischof_66.jpg\" \/><\/a><\/p>\n<p><a rel=\"lightbox[roadtrip]\" target=\"_blank\" href=\"http:\/\/www.schoene-nachrichten.de\/wp-content\/uploads\/2008\/02\/080216_Bischof_91.jpg\" title=\"Foto: Max Colin Heydenreich\"><img decoding=\"async\" width=\"128\" src=\"http:\/\/www.schoene-nachrichten.de\/wp-content\/uploads\/2008\/02\/080216_Bischof_91.thumbnail.jpg\" alt=\"080216_Bischof_91.jpg\" \/><\/a> <a rel=\"lightbox[roadtrip]\" target=\"_blank\" href=\"http:\/\/www.schoene-nachrichten.de\/wp-content\/uploads\/2008\/02\/080216_Bischof_92.jpg\" title=\"Foto: Max Colin Heydenreich\"><img decoding=\"async\" width=\"128\" src=\"http:\/\/www.schoene-nachrichten.de\/wp-content\/uploads\/2008\/02\/080216_Bischof_92.thumbnail.jpg\" alt=\"080216_Bischof_92.jpg\" \/><\/a> <a rel=\"lightbox[roadtrip]\" target=\"_blank\" href=\"http:\/\/www.schoene-nachrichten.de\/wp-content\/uploads\/2008\/02\/080216_Bischof_93.jpg\" title=\"Foto: Max Colin Heydenreich\"><img decoding=\"async\" width=\"128\" src=\"http:\/\/www.schoene-nachrichten.de\/wp-content\/uploads\/2008\/02\/080216_Bischof_93.thumbnail.jpg\" alt=\"080216_Bischof_93.jpg\" \/><\/a><\/p>\n<p>Im Anschlu\u00df an die Begr\u00fc\u00dfung des Generalvikars und die Gru\u00dfworte von Domdechant Dr. Kathrein und Limburgs Bischof Dr. Tebartz-van Elst w\u00fcrdigte Oberb\u00fcrgermeister M\u00f6ller die Person des Jubilars. Im Namen von Stadt und Landkreis Fulda sowie namens der Kommunalpolitik der Region brachte er die Freude an der Mitfeier des Bischofsgeburtstages und Gl\u00fcckw\u00fcnsche zum Ausdruck. \u201eAuch in Zukunft m\u00f6chten wir ein herzliches Einvernehmen in respektvoller Wahrung der unterschiedlichen Aufgaben pflegen\u201c, so M\u00f6ller.<\/p>\n<p><a rel=\"lightbox[roadtrip]\" target=\"_blank\" href=\"http:\/\/www.schoene-nachrichten.de\/wp-content\/uploads\/2008\/02\/080216_Bischof_67.jpg\" title=\"Foto: Max Colin Heydenreich\"><img decoding=\"async\" width=\"128\" src=\"http:\/\/www.schoene-nachrichten.de\/wp-content\/uploads\/2008\/02\/080216_Bischof_67.thumbnail.jpg\" alt=\"080216_Bischof_67.jpg\" \/><\/a> <a rel=\"lightbox[roadtrip]\" target=\"_blank\" href=\"http:\/\/www.schoene-nachrichten.de\/wp-content\/uploads\/2008\/02\/080216_Bischof_68.jpg\" title=\"Foto: Max Colin Heydenreich\"><img decoding=\"async\" width=\"128\" src=\"http:\/\/www.schoene-nachrichten.de\/wp-content\/uploads\/2008\/02\/080216_Bischof_68.thumbnail.jpg\" alt=\"080216_Bischof_68.jpg\" \/><\/a> <a rel=\"lightbox[roadtrip]\" target=\"_blank\" href=\"http:\/\/www.schoene-nachrichten.de\/wp-content\/uploads\/2008\/02\/080216_Bischof_69.jpg\" title=\"Foto: Max Colin Heydenreich\"><img decoding=\"async\" width=\"128\" src=\"http:\/\/www.schoene-nachrichten.de\/wp-content\/uploads\/2008\/02\/080216_Bischof_69.thumbnail.jpg\" alt=\"080216_Bischof_69.jpg\" \/><\/a><\/p>\n<p><a rel=\"lightbox[roadtrip]\" target=\"_blank\" href=\"http:\/\/www.schoene-nachrichten.de\/wp-content\/uploads\/2008\/02\/080216_Bischof_85.jpg\" title=\"Foto: Max Colin Heydenreich\"><img decoding=\"async\" width=\"128\" src=\"http:\/\/www.schoene-nachrichten.de\/wp-content\/uploads\/2008\/02\/080216_Bischof_85.thumbnail.jpg\" alt=\"080216_Bischof_85.jpg\" \/><\/a> <a rel=\"lightbox[roadtrip]\" target=\"_blank\" href=\"http:\/\/www.schoene-nachrichten.de\/wp-content\/uploads\/2008\/02\/080216_Bischof_86.jpg\" title=\"Foto: Max Colin Heydenreich\"><img decoding=\"async\" width=\"128\" src=\"http:\/\/www.schoene-nachrichten.de\/wp-content\/uploads\/2008\/02\/080216_Bischof_86.thumbnail.jpg\" alt=\"080216_Bischof_86.jpg\" \/><\/a> <a rel=\"lightbox[roadtrip]\" target=\"_blank\" href=\"http:\/\/www.schoene-nachrichten.de\/wp-content\/uploads\/2008\/02\/080216_Bischof_94.jpg\" title=\"Foto: Max Colin Heydenreich\"><img decoding=\"async\" width=\"128\" src=\"http:\/\/www.schoene-nachrichten.de\/wp-content\/uploads\/2008\/02\/080216_Bischof_94.thumbnail.jpg\" alt=\"080216_Bischof_94.jpg\" \/><\/a>\u00c2\u00a0<\/p>\n<p>Die B\u00fcrger der Stadt und die Einwohner der Region sp\u00fcrten, da\u00df Bischof Algermissen in Fulda heimisch geworden sei und sich ihnen immer zuwende. Besonders pr\u00e4gend sei f\u00fcr ihn, M\u00f6ller, die einvernehmliche und herzliche Zusammenarbeit im Bonifatiusjahr 2004 gewesen. Des weiteren erinnerte der Oberb\u00fcrgermeister an das gemeinsame Vorgehen unter anderem von Stadt und Bistum Fulda gegen einen geplanten Neonazi-Aufmarsch im August 2006. Bundesweit werde Bischof Algermissens Stimme besonders in den Bereichen Frieden und Bioethik geh\u00f6rt.<\/p>\n<p><a rel=\"lightbox[roadtrip]\" target=\"_blank\" href=\"http:\/\/www.schoene-nachrichten.de\/wp-content\/uploads\/2008\/02\/080216_Bischof_70.jpg\" title=\"Foto: Max Colin Heydenreich\"><img decoding=\"async\" width=\"128\" src=\"http:\/\/www.schoene-nachrichten.de\/wp-content\/uploads\/2008\/02\/080216_Bischof_70.thumbnail.jpg\" alt=\"080216_Bischof_70.jpg\" \/><\/a> <a rel=\"lightbox[roadtrip]\" target=\"_blank\" href=\"http:\/\/www.schoene-nachrichten.de\/wp-content\/uploads\/2008\/02\/080216_Bischof_71.jpg\" title=\"Foto: Max Colin Heydenreich\"><img decoding=\"async\" width=\"128\" src=\"http:\/\/www.schoene-nachrichten.de\/wp-content\/uploads\/2008\/02\/080216_Bischof_71.thumbnail.jpg\" alt=\"080216_Bischof_71.jpg\" \/><\/a> <a rel=\"lightbox[roadtrip]\" target=\"_blank\" href=\"http:\/\/www.schoene-nachrichten.de\/wp-content\/uploads\/2008\/02\/080216_Bischof_72.jpg\" title=\"Foto: Max Colin Heydenreich\"><img decoding=\"async\" width=\"128\" src=\"http:\/\/www.schoene-nachrichten.de\/wp-content\/uploads\/2008\/02\/080216_Bischof_72.thumbnail.jpg\" alt=\"080216_Bischof_72.jpg\" \/><\/a><\/p>\n<p><a rel=\"lightbox[roadtrip]\" target=\"_blank\" href=\"http:\/\/www.schoene-nachrichten.de\/wp-content\/uploads\/2008\/02\/080216_Bischof_01.jpg\" title=\"Foto: Max Colin Heydenreich\"><img decoding=\"async\" width=\"128\" src=\"http:\/\/www.schoene-nachrichten.de\/wp-content\/uploads\/2008\/02\/080216_Bischof_01.thumbnail.jpg\" alt=\"080216_Bischof_01.jpg\" \/><\/a>\u00c2\u00a0<a rel=\"lightbox[roadtrip]\" target=\"_blank\" href=\"http:\/\/www.schoene-nachrichten.de\/wp-content\/uploads\/2008\/02\/080216_Bischof_73.jpg\" title=\"Foto: Max Colin Heydenreich\"><img decoding=\"async\" width=\"128\" src=\"http:\/\/www.schoene-nachrichten.de\/wp-content\/uploads\/2008\/02\/080216_Bischof_73.thumbnail.jpg\" alt=\"080216_Bischof_73.jpg\" \/><\/a> <a rel=\"lightbox[roadtrip]\" target=\"_blank\" href=\"http:\/\/www.schoene-nachrichten.de\/wp-content\/uploads\/2008\/02\/080216_Bischof_74.jpg\" title=\"Foto: Max Colin Heydenreich\"><img decoding=\"async\" width=\"128\" src=\"http:\/\/www.schoene-nachrichten.de\/wp-content\/uploads\/2008\/02\/080216_Bischof_74.thumbnail.jpg\" alt=\"080216_Bischof_74.jpg\" \/><\/a><\/p>\n<p>Der hessische Wirtschaftsminister Dr. Alois Rhiel \u00fcbermittelte die Gr\u00fc\u00dfe und Gl\u00fcckw\u00fcnsche des Ministerpr\u00e4sidenten und der Landesregierung. Als Oberhirte im Bistum Fulda wisse Algermissen um die Bedeutung des besonderen Verh\u00e4ltnisses von Kirche und Staat. \u201eDie Kirchen sind das Gewissen der Gesellschaft\u201c, unterstrich der Politiker und erinnerte daran, da\u00df sich der Staat seine ethischen Grundlagen nicht selber schaffen k\u00f6nne. Richtschnur f\u00fcr das Leben in Gesellschaft und Staat m\u00fcsse heute ein wahrhaftes Bild vom Menschen sein, wie es das Christentum vermittle, und auch der katholischen Soziallehre komme nach wie vor eine gro\u00dfe Bedeutung zu.<\/p>\n<p>Der Sprecher des Priesterrates, Pfarrer Martin Sch\u00f6ppe, \u00fcbermittelte die Gl\u00fcck- und Segensw\u00fcnsche der Di\u00f6zesanpriester und dankte daf\u00fcr, da\u00df Bischof Algermissen mit dem Pastoralen Proze\u00df im Bistum Fulda einen notwendigen Aufbruch eingeleitet habe. Katholikenratsvorsitzender Richard Pfeifer erinnerte daran, da\u00df der von Bischof Algermissen gleich nach seiner Amts\u00fcbernahme initiierte Pastorale Proze\u00df mittlerweile weitgehend umgesetzt oder auf gutem Wege sei.<\/p>\n<p>F\u00fcr sehr wichtig hielt Pfeifer auch die Wiederaufnahme der Praxis der bisch\u00f6flichen Visitation in den Gemeinden. Die engagierten katholischen Laien f\u00fchlten sich vom Bischof angenommen und engagierten sich gerne. Prof. Dr. Richard Hartmann, Rektor der Theologischen Fakult\u00e4t Fulda, \u00fcbermittelte den Dank der Fakult\u00e4t und auch des Katholischen Seminars in Marburg und \u00fcberraschte den Bischof mit der Ank\u00fcndigung, da\u00df ihm der noch im Druck befindliche neue Band der Fuldaer Hochschulschriften gewidmet sein werde.<\/p>\n","protected":false},"excerpt":{"rendered":"<div class=\"tmnf_excerpt\"><p>Fulda. Bei einem Empfang aus Anla\u00df des 65. Geburtstag von Fuldas Bischof Heinz Algermissen hat Generalvikar Pr\u00e4lat Peter-Martin Schmidt am Freitag zahlreiche G\u00e4ste aus Kirche und Gesellschaft im Auditorium maximum der Theologischen Fakult\u00e4t begr\u00fc\u00dft und dem Bischof \u201ein Freude und Dankbarkeit\u201c Gottes reichen Segen gew\u00fcnscht. Fotos (48): Max Colin Heydenreich \u00c2\u00a0\u00c2\u00a0 \u00c2\u00a0\u00c2\u00a0<\/p>\n<\/div>","protected":false},"author":1,"featured_media":0,"comment_status":"closed","ping_status":"closed","sticky":false,"template":"","format":"standard","meta":{"footnotes":""},"categories":[1,54,50],"tags":[],"class_list":["post-7882","post","type-post","status-publish","format-standard","hentry","category-startseite","category-bildergalerien","category-kirche"],"_links":{"self":[{"href":"https:\/\/www.fuldaernachrichten.de\/index.php?rest_route=\/wp\/v2\/posts\/7882","targetHints":{"allow":["GET"]}}],"collection":[{"href":"https:\/\/www.fuldaernachrichten.de\/index.php?rest_route=\/wp\/v2\/posts"}],"about":[{"href":"https:\/\/www.fuldaernachrichten.de\/index.php?rest_route=\/wp\/v2\/types\/post"}],"author":[{"embeddable":true,"href":"https:\/\/www.fuldaernachrichten.de\/index.php?rest_route=\/wp\/v2\/users\/1"}],"replies":[{"embeddable":true,"href":"https:\/\/www.fuldaernachrichten.de\/index.php?rest_route=%2Fwp%2Fv2%2Fcomments&post=7882"}],"version-history":[{"count":0,"href":"https:\/\/www.fuldaernachrichten.de\/index.php?rest_route=\/wp\/v2\/posts\/7882\/revisions"}],"wp:attachment":[{"href":"https:\/\/www.fuldaernachrichten.de\/index.php?rest_route=%2Fwp%2Fv2%2Fmedia&parent=7882"}],"wp:term":[{"taxonomy":"category","embeddable":true,"href":"https:\/\/www.fuldaernachrichten.de\/index.php?rest_route=%2Fwp%2Fv2%2Fcategories&post=7882"},{"taxonomy":"post_tag","embeddable":true,"href":"https:\/\/www.fuldaernachrichten.de\/index.php?rest_route=%2Fwp%2Fv2%2Ftags&post=7882"}],"curies":[{"name":"wp","href":"https:\/\/api.w.org\/{rel}","templated":true}]}}