{"id":78767,"date":"2010-12-13T00:05:55","date_gmt":"2010-12-13T00:05:55","guid":{"rendered":"http:\/\/www.fuldaer-nachrichten.de\/?p=78767"},"modified":"2010-12-13T07:55:44","modified_gmt":"2010-12-13T07:55:44","slug":"zweckverband-abfallsammlung-verabschiedet-haushalt-2011","status":"publish","type":"post","link":"https:\/\/www.fuldaernachrichten.de\/?p=78767","title":{"rendered":"Zweckverband Abfallsammlung verabschiedet Haushalt 2011"},"content":{"rendered":"<p>Fulda. Mit einem einstimmigen Beschluss hat der Zweckverband Abfallsammlung des Landkreises Fulda, dem alle kreisangeh\u00f6rigen St\u00e4dte und Gemeinden mit Ausnahme der Stadt Fulda angeh\u00f6ren, den Haushalt 2011 verabschiedet. Laut Aussage des Verbandsvorsitzenden und Ersten Kreisbeigeordneter Dr. Heiko Wingenfeld schlie\u00dft der Ergebnishaushalt in Einnahme und Ausgabe ausgeglichen mit 10,9 Millionen Euro ab.<!--more--><\/p>\n<p>W\u00e4hrend der weltweiten Finanz- und Wirtschaftskrise in den Jahren 2008 und 2009 waren die Erl\u00f6se aus der Altpapiervermarktung drastisch zur\u00fcckgegangen. Zwischenzeitlich sind sie wieder unerwartet schnell und stark angestiegen. Gemeinsam mit den erhobenen Abfallgeb\u00fchren kann der Zweckverband in 2011 voraussichtlich fast alle seine Aufwendungen decken.<\/p>\n<p>Die positive Entwicklung in 2010 und die Tatsache, dass \u00dcbersch\u00fcsse aus den Vorjahren in einer R\u00fccklage zur Verf\u00fcgung stehen, waren f\u00fcr die Zweckverbandsversammlung Veranlassung, den Zweckverbandsvorstand aufzufordern, die finanziellen Rahmenbedingungen intensiv zu verfolgen und der Verbandsversammlung in 2011 Kalkulationsgrundlagen zur Verf\u00fcgung zu stellen, damit das Vertretungsorgan \u00fcber die Abfallgeb\u00fchren der k\u00fcnftigen Jahre entscheiden kann. Dr. Wingenfeld wies in diesem Zusammenhang neben den Unw\u00e4gbarkeiten der weiteren Preisentwicklung auf dem Altpapiermarkt auch auf Ver\u00e4nderungen und drohende finanzielle Risiken durch das derzeit von der Bundesregierung novellierte Kreislaufwirtschafts- und Abfallgesetzes hin.<\/p>\n<p>Der zust\u00e4ndige Fachdienstleiter Abfallwirtschaft der Kreisverwaltung, Claus-Dieter Blachnik, berichtete \u00fcber Erfahrungen, die seit Mitte des Jahres mit der ver\u00e4nderten Form der Sperrm\u00fcllabfuhr gemacht wurden. Das neue Abrufsystem werde insgesamt\u00c2\u00a0 von den B\u00fcrgerinnen und B\u00fcrgern gut angenommen. Die Abfuhrintervalle mit im Schnitt vier bis sechs Wochen seien gegen\u00fcber den fr\u00fcheren halbj\u00e4hrigen Stra\u00dfensammlungen erheblich k\u00fcrzer geworden. Auch habe sich als positiver Effekt des neuen Sammelsystems herausgestellt, dass die Verschmutzungen, die bei den Stra\u00dfensammlungen zwangsl\u00e4ufig die Folge gewesen seien, nachhaltig zur\u00fcckgegangen seien.<\/p>\n","protected":false},"excerpt":{"rendered":"<div class=\"tmnf_excerpt\"><p>Fulda. Mit einem einstimmigen Beschluss hat der Zweckverband Abfallsammlung des Landkreises Fulda, dem alle kreisangeh\u00f6rigen St\u00e4dte und Gemeinden mit Ausnahme der Stadt Fulda angeh\u00f6ren, den Haushalt 2011 verabschiedet. Laut Aussage des Verbandsvorsitzenden und Ersten Kreisbeigeordneter Dr. Heiko Wingenfeld schlie\u00dft der Ergebnishaushalt in Einnahme und Ausgabe ausgeglichen mit 10,9 Millionen Euro ab.<\/p>\n<\/div>","protected":false},"author":1,"featured_media":0,"comment_status":"closed","ping_status":"closed","sticky":false,"template":"","format":"standard","meta":{"footnotes":""},"categories":[1,29],"tags":[],"class_list":["post-78767","post","type-post","status-publish","format-standard","hentry","category-startseite","category-politik"],"_links":{"self":[{"href":"https:\/\/www.fuldaernachrichten.de\/index.php?rest_route=\/wp\/v2\/posts\/78767","targetHints":{"allow":["GET"]}}],"collection":[{"href":"https:\/\/www.fuldaernachrichten.de\/index.php?rest_route=\/wp\/v2\/posts"}],"about":[{"href":"https:\/\/www.fuldaernachrichten.de\/index.php?rest_route=\/wp\/v2\/types\/post"}],"author":[{"embeddable":true,"href":"https:\/\/www.fuldaernachrichten.de\/index.php?rest_route=\/wp\/v2\/users\/1"}],"replies":[{"embeddable":true,"href":"https:\/\/www.fuldaernachrichten.de\/index.php?rest_route=%2Fwp%2Fv2%2Fcomments&post=78767"}],"version-history":[{"count":1,"href":"https:\/\/www.fuldaernachrichten.de\/index.php?rest_route=\/wp\/v2\/posts\/78767\/revisions"}],"predecessor-version":[{"id":78768,"href":"https:\/\/www.fuldaernachrichten.de\/index.php?rest_route=\/wp\/v2\/posts\/78767\/revisions\/78768"}],"wp:attachment":[{"href":"https:\/\/www.fuldaernachrichten.de\/index.php?rest_route=%2Fwp%2Fv2%2Fmedia&parent=78767"}],"wp:term":[{"taxonomy":"category","embeddable":true,"href":"https:\/\/www.fuldaernachrichten.de\/index.php?rest_route=%2Fwp%2Fv2%2Fcategories&post=78767"},{"taxonomy":"post_tag","embeddable":true,"href":"https:\/\/www.fuldaernachrichten.de\/index.php?rest_route=%2Fwp%2Fv2%2Ftags&post=78767"}],"curies":[{"name":"wp","href":"https:\/\/api.w.org\/{rel}","templated":true}]}}