{"id":7876,"date":"2008-02-16T00:24:47","date_gmt":"2008-02-15T23:24:47","guid":{"rendered":"http:\/\/www.schoene-nachrichten.de\/?p=7876"},"modified":"2008-02-15T23:27:28","modified_gmt":"2008-02-15T22:27:28","slug":"landkreis-fulda-verbessert-sicherheit-in-schulbussen","status":"publish","type":"post","link":"https:\/\/www.fuldaernachrichten.de\/?p=7876","title":{"rendered":"Landkreis Fulda verbessert Sicherheit in Schulbussen"},"content":{"rendered":"<p><strong>Fulda.<\/strong>\u00c2\u00a0Das richtige Verhalten der Sch\u00fclerinnen und Sch\u00fcler bei der Schulbusbenutzung ist ein Dauerthema. Nachdem in der Vergangenheit bereits Schulungsma\u00dfnahmen stattgefunden hatten, waren mehrere Schulleitungen an den Landkreis Fulda mit der Frage herangetreten, ob ein solches Angebot auch nach dem Wechsel des Verkehrstr\u00e4gers wieder eingerichtet werden k\u00f6nne.<\/p>\n<p><strong>Fotos (3):<\/strong> Landkreis Fulda<\/p>\n<p><a rel=\"lightbox[roadtrip]\" target=\"_blank\" href=\"http:\/\/www.schoene-nachrichten.de\/wp-content\/uploads\/2008\/02\/080216_schulbusbegleiter1.jpg\" title=\"080216_schulbusbegleiter1.jpg\"><img decoding=\"async\" src=\"http:\/\/www.schoene-nachrichten.de\/wp-content\/uploads\/2008\/02\/080216_schulbusbegleiter1.thumbnail.jpg\" alt=\"080216_schulbusbegleiter1.jpg\" \/><\/a>\u00c2\u00a0<a rel=\"lightbox[roadtrip]\" target=\"_blank\" href=\"http:\/\/www.schoene-nachrichten.de\/wp-content\/uploads\/2008\/02\/080216_schulbusbegleiter2.jpg\" title=\"080216_schulbusbegleiter2.jpg\"><img decoding=\"async\" src=\"http:\/\/www.schoene-nachrichten.de\/wp-content\/uploads\/2008\/02\/080216_schulbusbegleiter2.thumbnail.jpg\" alt=\"080216_schulbusbegleiter2.jpg\" \/><\/a>\u00c2\u00a0<a rel=\"lightbox[roadtrip]\" target=\"_blank\" href=\"http:\/\/www.schoene-nachrichten.de\/wp-content\/uploads\/2008\/02\/080216_schulbusbegleiter3.jpg\" title=\"080216_schulbusbegleiter3.jpg\"><img decoding=\"async\" src=\"http:\/\/www.schoene-nachrichten.de\/wp-content\/uploads\/2008\/02\/080216_schulbusbegleiter3.thumbnail.jpg\" alt=\"080216_schulbusbegleiter3.jpg\" \/><\/a><!--more--><\/p>\n<p>In Abstimmungsgespr\u00e4chen mit dem Polizeipr\u00e4sidium Osthessen wurde darauf hin vom Fachdienst Schulen der Kreisverwaltung unter Federf\u00fchrung des stellvertretenden Fachdienstleiters R\u00fcdiger Seifert ein Konzept ausgearbeitet, \u00e4hnlich wie bei der Schulung der Schulbuslotsen. Am Dienstag dieser Woche war es dann soweit. Durch qualifizierte Mitarbeiter des Polizeipr\u00e4sidiums wurden an der Johannes-Hack-Schule Petersberg zw\u00f6lf interessierte p\u00e4dagogische Fachkr\u00e4fte, die an Schulen in Tr\u00e4gerschaft des Landkreises t\u00e4tig sind, \u00fcber das richtige Verhalten der Sch\u00fclerinnen und Sch\u00fcler bei der Schulbusbenutzung geschult. Die Ausbildungsteilnehmer werden in den kommenden Wochen als Multiplikatoren vor Ort in ihrer Schule die Ausbildung der Sch\u00fclerinnen und Sch\u00fcler selbst vornehmen.<\/p>\n<p>Ein besonderer Dank gilt neben Polizeihauptkommissar Dieter Rosenberger, Polizeioberkommissar Michael Keidel und Polizeioberkommissarin Lioba Mihm vom Regionalen Verkehrsdienst Fulda des Polizeipr\u00e4sidiums Osthessen dem Busunternehmen Rh\u00f6nperle-Reisen aus B\u00f6ckels, das f\u00fcr den praktischen Teil einen Bus kostenlos zur Verf\u00fcgung stellte. In Absprache mit dem Polizeipr\u00e4sidium Osthessen besteht die M\u00f6glichkeit, weitere interessierte p\u00e4dagogische Fachkr\u00e4fte zu schulen. Landrat Bernd Woide \u00e4u\u00dferte die Hoffnung, dass durch dieses Projekt noch mehr Sicherheit bei der Schulbusnutzung erreicht werden k\u00f6nne.<\/p>\n","protected":false},"excerpt":{"rendered":"<div class=\"tmnf_excerpt\"><p>Fulda.\u00c2\u00a0Das richtige Verhalten der Sch\u00fclerinnen und Sch\u00fcler bei der Schulbusbenutzung ist ein Dauerthema. Nachdem in der Vergangenheit bereits Schulungsma\u00dfnahmen stattgefunden hatten, waren mehrere Schulleitungen an den Landkreis Fulda mit der Frage herangetreten, ob ein solches Angebot auch nach dem Wechsel des Verkehrstr\u00e4gers wieder eingerichtet werden k\u00f6nne. Fotos (3): Landkreis Fulda \u00c2\u00a0\u00c2\u00a0<\/p>\n<\/div>","protected":false},"author":1,"featured_media":0,"comment_status":"closed","ping_status":"closed","sticky":false,"template":"","format":"standard","meta":{"footnotes":""},"categories":[1,29],"tags":[],"class_list":["post-7876","post","type-post","status-publish","format-standard","hentry","category-startseite","category-politik"],"_links":{"self":[{"href":"https:\/\/www.fuldaernachrichten.de\/index.php?rest_route=\/wp\/v2\/posts\/7876","targetHints":{"allow":["GET"]}}],"collection":[{"href":"https:\/\/www.fuldaernachrichten.de\/index.php?rest_route=\/wp\/v2\/posts"}],"about":[{"href":"https:\/\/www.fuldaernachrichten.de\/index.php?rest_route=\/wp\/v2\/types\/post"}],"author":[{"embeddable":true,"href":"https:\/\/www.fuldaernachrichten.de\/index.php?rest_route=\/wp\/v2\/users\/1"}],"replies":[{"embeddable":true,"href":"https:\/\/www.fuldaernachrichten.de\/index.php?rest_route=%2Fwp%2Fv2%2Fcomments&post=7876"}],"version-history":[{"count":0,"href":"https:\/\/www.fuldaernachrichten.de\/index.php?rest_route=\/wp\/v2\/posts\/7876\/revisions"}],"wp:attachment":[{"href":"https:\/\/www.fuldaernachrichten.de\/index.php?rest_route=%2Fwp%2Fv2%2Fmedia&parent=7876"}],"wp:term":[{"taxonomy":"category","embeddable":true,"href":"https:\/\/www.fuldaernachrichten.de\/index.php?rest_route=%2Fwp%2Fv2%2Fcategories&post=7876"},{"taxonomy":"post_tag","embeddable":true,"href":"https:\/\/www.fuldaernachrichten.de\/index.php?rest_route=%2Fwp%2Fv2%2Ftags&post=7876"}],"curies":[{"name":"wp","href":"https:\/\/api.w.org\/{rel}","templated":true}]}}