{"id":7871,"date":"2008-02-15T00:23:48","date_gmt":"2008-02-14T23:23:48","guid":{"rendered":"http:\/\/www.schoene-nachrichten.de\/?p=7871"},"modified":"2008-02-15T00:23:48","modified_gmt":"2008-02-14T23:23:48","slug":"fit-fuer-die-jugendarbeit-es-sind-noch-plaetze-frei","status":"publish","type":"post","link":"https:\/\/www.fuldaernachrichten.de\/?p=7871","title":{"rendered":"Fit f\u00fcr die Jugendarbeit? Es sind noch Pl\u00e4tze frei!"},"content":{"rendered":"<p><strong>Termin.<\/strong> F\u00fcr Jugendliche zwischen 16 und 27 Jahren, die gern eine Jugendgruppe leiten wollen, bietet das Jugendwerk der Arbeiterwohlfahrt auch in diesem Jahr wieder eine spannende und kompakte Schulungsreihe an. Vom 30. M\u00e4rz bis 4. April 2008 werden den Teilnehmern im \u201eHaus der Jugend\u201c in Hessisch Lichtenau-Reichenbach p\u00e4dagogische und rechtliche Grundlagen vermittelt, Organisations- und Planungsfragen diskutiert, gemeinsam \u00fcber die Motivation und Rolle als Gruppenleiter nachgedacht, aber auch wichtige Schl\u00fcsselqualifikationen wie z.B. Teamf\u00e4higkeit trainiert. H\u00f6hepunkt der Schulung ist ein Ausflug in den Klettergarten.<!--more--><br \/>\nAm Ende der Schulungswoche wird den Teilnehmern die JugendgruppenleiterInnen-Card verliehen, die sie auch offiziell zum Leiten einer Jugendgruppe bef\u00e4higt. Die einw\u00f6chige Ausbildung (inkl. Tagungsgeb\u00fchren, Verpflegung, \u00dcbernachtung und Kletterkurs) kostet 50 Euro. Infos und Anmeldung ab sofort unter Elke Pfeil Jugendwerk der AWO, Tel.: 5076-472, Fax: 0561 5076- 479 oder E-Mail: <a href=\"mailto:ep@jwawo.de\">ep@jwawo.de<\/a><\/p>\n","protected":false},"excerpt":{"rendered":"<div class=\"tmnf_excerpt\"><p>Termin. F\u00fcr Jugendliche zwischen 16 und 27 Jahren, die gern eine Jugendgruppe leiten wollen, bietet das Jugendwerk der Arbeiterwohlfahrt auch in diesem Jahr wieder eine spannende und kompakte Schulungsreihe an. Vom 30. M\u00e4rz bis 4. April 2008 werden den Teilnehmern im \u201eHaus der Jugend\u201c in Hessisch Lichtenau-Reichenbach p\u00e4dagogische und rechtliche Grundlagen vermittelt, Organisations- und Planungsfragen &hellip;<\/p>\n<\/div>","protected":false},"author":1,"featured_media":0,"comment_status":"closed","ping_status":"closed","sticky":false,"template":"","format":"standard","meta":{"footnotes":""},"categories":[1,72],"tags":[],"class_list":["post-7871","post","type-post","status-publish","format-standard","hentry","category-startseite","category-jugend"],"_links":{"self":[{"href":"https:\/\/www.fuldaernachrichten.de\/index.php?rest_route=\/wp\/v2\/posts\/7871","targetHints":{"allow":["GET"]}}],"collection":[{"href":"https:\/\/www.fuldaernachrichten.de\/index.php?rest_route=\/wp\/v2\/posts"}],"about":[{"href":"https:\/\/www.fuldaernachrichten.de\/index.php?rest_route=\/wp\/v2\/types\/post"}],"author":[{"embeddable":true,"href":"https:\/\/www.fuldaernachrichten.de\/index.php?rest_route=\/wp\/v2\/users\/1"}],"replies":[{"embeddable":true,"href":"https:\/\/www.fuldaernachrichten.de\/index.php?rest_route=%2Fwp%2Fv2%2Fcomments&post=7871"}],"version-history":[{"count":0,"href":"https:\/\/www.fuldaernachrichten.de\/index.php?rest_route=\/wp\/v2\/posts\/7871\/revisions"}],"wp:attachment":[{"href":"https:\/\/www.fuldaernachrichten.de\/index.php?rest_route=%2Fwp%2Fv2%2Fmedia&parent=7871"}],"wp:term":[{"taxonomy":"category","embeddable":true,"href":"https:\/\/www.fuldaernachrichten.de\/index.php?rest_route=%2Fwp%2Fv2%2Fcategories&post=7871"},{"taxonomy":"post_tag","embeddable":true,"href":"https:\/\/www.fuldaernachrichten.de\/index.php?rest_route=%2Fwp%2Fv2%2Ftags&post=7871"}],"curies":[{"name":"wp","href":"https:\/\/api.w.org\/{rel}","templated":true}]}}