{"id":7869,"date":"2008-02-15T00:26:51","date_gmt":"2008-02-14T23:26:51","guid":{"rendered":"http:\/\/www.schoene-nachrichten.de\/?p=7869"},"modified":"2008-02-15T00:26:51","modified_gmt":"2008-02-14T23:26:51","slug":"filmvorfuehrung-zum-thema-geburt-und-hebamme","status":"publish","type":"post","link":"https:\/\/www.fuldaernachrichten.de\/?p=7869","title":{"rendered":"Filmvorf\u00fchrung zum Thema \u201eGeburt und Hebamme\u201c"},"content":{"rendered":"<p><strong>Fulda.<\/strong> Als Vorpremiere vor dem Bundesstart wird am Montag, 18. Februar, um 20.30 Uhr im Museumscaf\u00e9 Fulda der Dokumentarfilm \u201eDer lange Weg ans Licht\u201c gezeigt, der sich mit dem Thema \u201eGeburt und Hebamme\u201c befa\u00dft. Die Hauptperson Edeltraut Hertel wird anwesend sein und nach dem Film f\u00fcr Fragen zur Verf\u00fcgung stehen. Der Film wird im \u201eWinterzeitkino\u201c in Kooperation von Filmb\u00fchne Fulda und Geburtshaus &amp; Familienzentrum Fulda gezeigt. Der Eintritt kosten 6,50 Euro (erm\u00e4\u00dfigt 5 Euro); Einla\u00df ist ab 20 Uhr. Reservierungen k\u00f6nnen unter Tel. 0661\/240230, E-Mail: <a href=\"mailto:filmbuehnefulda@arcor.de\">filmbuehnefulda@arcor.de<\/a> erfolgen. (bpf)<\/p>\n","protected":false},"excerpt":{"rendered":"<div class=\"tmnf_excerpt\"><p>Fulda. Als Vorpremiere vor dem Bundesstart wird am Montag, 18. Februar, um 20.30 Uhr im Museumscaf\u00e9 Fulda der Dokumentarfilm \u201eDer lange Weg ans Licht\u201c gezeigt, der sich mit dem Thema \u201eGeburt und Hebamme\u201c befa\u00dft. Die Hauptperson Edeltraut Hertel wird anwesend sein und nach dem Film f\u00fcr Fragen zur Verf\u00fcgung stehen. Der Film wird im \u201eWinterzeitkino\u201c &hellip;<\/p>\n<\/div>","protected":false},"author":1,"featured_media":0,"comment_status":"closed","ping_status":"closed","sticky":false,"template":"","format":"standard","meta":{"footnotes":""},"categories":[1,44],"tags":[],"class_list":["post-7869","post","type-post","status-publish","format-standard","hentry","category-startseite","category-kultur"],"_links":{"self":[{"href":"https:\/\/www.fuldaernachrichten.de\/index.php?rest_route=\/wp\/v2\/posts\/7869","targetHints":{"allow":["GET"]}}],"collection":[{"href":"https:\/\/www.fuldaernachrichten.de\/index.php?rest_route=\/wp\/v2\/posts"}],"about":[{"href":"https:\/\/www.fuldaernachrichten.de\/index.php?rest_route=\/wp\/v2\/types\/post"}],"author":[{"embeddable":true,"href":"https:\/\/www.fuldaernachrichten.de\/index.php?rest_route=\/wp\/v2\/users\/1"}],"replies":[{"embeddable":true,"href":"https:\/\/www.fuldaernachrichten.de\/index.php?rest_route=%2Fwp%2Fv2%2Fcomments&post=7869"}],"version-history":[{"count":0,"href":"https:\/\/www.fuldaernachrichten.de\/index.php?rest_route=\/wp\/v2\/posts\/7869\/revisions"}],"wp:attachment":[{"href":"https:\/\/www.fuldaernachrichten.de\/index.php?rest_route=%2Fwp%2Fv2%2Fmedia&parent=7869"}],"wp:term":[{"taxonomy":"category","embeddable":true,"href":"https:\/\/www.fuldaernachrichten.de\/index.php?rest_route=%2Fwp%2Fv2%2Fcategories&post=7869"},{"taxonomy":"post_tag","embeddable":true,"href":"https:\/\/www.fuldaernachrichten.de\/index.php?rest_route=%2Fwp%2Fv2%2Ftags&post=7869"}],"curies":[{"name":"wp","href":"https:\/\/api.w.org\/{rel}","templated":true}]}}