{"id":7868,"date":"2008-02-15T00:13:36","date_gmt":"2008-02-14T23:13:36","guid":{"rendered":"http:\/\/www.schoene-nachrichten.de\/?p=7868"},"modified":"2008-02-14T23:53:35","modified_gmt":"2008-02-14T22:53:35","slug":"johannespassion-bachs-im-fuldaer-dom","status":"publish","type":"post","link":"https:\/\/www.fuldaernachrichten.de\/?p=7868","title":{"rendered":"Johannespassion Bachs im Fuldaer Dom"},"content":{"rendered":"<p><strong><a rel=\"lightbox[roadtrip]\" target=\"_blank\" href=\"http:\/\/www.schoene-nachrichten.de\/wp-content\/uploads\/2008\/02\/080215_crediton-ii.jpg\" title=\"080215_crediton-ii.jpg\"><img decoding=\"async\" align=\"left\" src=\"http:\/\/www.schoene-nachrichten.de\/wp-content\/uploads\/2008\/02\/080215_crediton-ii.thumbnail.jpg\" hspace=\"5\" alt=\"080215_crediton-ii.jpg\" \/><\/a>Fulda.<\/strong> Am Freitag, 7. M\u00e4rz, und am Samstag, 8. M\u00e4rz, wird jeweils um 19.30 Uhr im Hochchor des Fuldaer Doms die Johannespassion von Johann Sebastian Bach zu h\u00f6ren sein. &#8220;Die Johannespassion von Bach z\u00e4hlt zu den Gipfelwerken der abendl\u00e4ndischen Kultur&#8221;, betont Domkapellmeister Franz-Peter Huber. <!--more--><\/p>\n<p>Mit der Verherrlichung des &#8220;Herrschers&#8221; reflektiere Bach von Anfang an den Gedanken, da\u00df Jesus die Botschaft des Vaters zu den Menschen bringt, und zwar in musikalisch so grandioser Weise, wie es keinem Musiker vor und nach ihm gelungen ist. &#8220;Eine faszinierende dramatische Gestaltung gibt Bach seiner Johannespassion durch die Eingliederung freier Dichtung (Solisten-Arien) und von Choralstrophen, die vom Chor gestaltet werden&#8221;, so Huber. Ebenso seien dem Chor die au\u00dferordentlich virtuosen, aufw\u00fchlenden Szenen des &#8220;Volkes&#8221; \u00fcbertragen.<\/p>\n<p>Ausf\u00fchrende sind die Gesangssolisten Nele Gram\u00df (Sopran), Matthias Lucht (Altus), Ralf Emge (Tenor), Bernd Valentin (Ba\u00df, Jesus), Thomas Gropper (Ba\u00df, Arien) und Kilian Gottwald (Pilatuspartie) sowie die Capella Cathedralis Fulda und das Barockorchester L&#8217;arpa festante unter der Leitung von Domkapellmeister Huber. Eintrittskarten sind zum Preis von 20 Euro (erm\u00e4\u00dfigt 14 Euro) im Vorverkauf im B\u00fcro der Ch\u00f6re am Fuldaer Dom, Eduard-Schick-Platz 3, Tel. 0661\/87-390, FAX 87-410, e-mail: <a href=\"mailto:choere-am-dom@bistum-fulda.de\">choere-am-dom@bistum-fulda.de<\/a>, erh\u00e4ltlich.<\/p>\n<p>Die 2003 gegr\u00fcndete Capella Cathedralis Fulda besteht aus Mitgliedern der Ch\u00f6re am Fuldaer Dom sowie aus qualifizierten S\u00e4ngerinnen und S\u00e4ngern und \u00fcbernimmt sowohl liturgische Dienste an der Kathedralkirche als auch Konzertverpflichtungen im In- und Ausland. Das Barockorchester L&#8217;arpa festante, 1983 gegr\u00fcndet, ist eines der traditionsreichsten deutschen Ensembles f\u00fcr Alte Musik. (bpf)<\/p>\n","protected":false},"excerpt":{"rendered":"<div class=\"tmnf_excerpt\"><p>Fulda. Am Freitag, 7. M\u00e4rz, und am Samstag, 8. M\u00e4rz, wird jeweils um 19.30 Uhr im Hochchor des Fuldaer Doms die Johannespassion von Johann Sebastian Bach zu h\u00f6ren sein. &#8220;Die Johannespassion von Bach z\u00e4hlt zu den Gipfelwerken der abendl\u00e4ndischen Kultur&#8221;, betont Domkapellmeister Franz-Peter Huber.<\/p>\n<\/div>","protected":false},"author":1,"featured_media":0,"comment_status":"closed","ping_status":"closed","sticky":false,"template":"","format":"standard","meta":{"footnotes":""},"categories":[1,44],"tags":[],"class_list":["post-7868","post","type-post","status-publish","format-standard","hentry","category-startseite","category-kultur"],"_links":{"self":[{"href":"https:\/\/www.fuldaernachrichten.de\/index.php?rest_route=\/wp\/v2\/posts\/7868","targetHints":{"allow":["GET"]}}],"collection":[{"href":"https:\/\/www.fuldaernachrichten.de\/index.php?rest_route=\/wp\/v2\/posts"}],"about":[{"href":"https:\/\/www.fuldaernachrichten.de\/index.php?rest_route=\/wp\/v2\/types\/post"}],"author":[{"embeddable":true,"href":"https:\/\/www.fuldaernachrichten.de\/index.php?rest_route=\/wp\/v2\/users\/1"}],"replies":[{"embeddable":true,"href":"https:\/\/www.fuldaernachrichten.de\/index.php?rest_route=%2Fwp%2Fv2%2Fcomments&post=7868"}],"version-history":[{"count":0,"href":"https:\/\/www.fuldaernachrichten.de\/index.php?rest_route=\/wp\/v2\/posts\/7868\/revisions"}],"wp:attachment":[{"href":"https:\/\/www.fuldaernachrichten.de\/index.php?rest_route=%2Fwp%2Fv2%2Fmedia&parent=7868"}],"wp:term":[{"taxonomy":"category","embeddable":true,"href":"https:\/\/www.fuldaernachrichten.de\/index.php?rest_route=%2Fwp%2Fv2%2Fcategories&post=7868"},{"taxonomy":"post_tag","embeddable":true,"href":"https:\/\/www.fuldaernachrichten.de\/index.php?rest_route=%2Fwp%2Fv2%2Ftags&post=7868"}],"curies":[{"name":"wp","href":"https:\/\/api.w.org\/{rel}","templated":true}]}}