{"id":7867,"date":"2008-02-15T00:35:25","date_gmt":"2008-02-14T23:35:25","guid":{"rendered":"http:\/\/www.schoene-nachrichten.de\/?p=7867"},"modified":"2008-02-14T23:54:54","modified_gmt":"2008-02-14T22:54:54","slug":"awo-verleiht-zertifikate-an-22-absolventen-der-ehrenamtsschulung","status":"publish","type":"post","link":"https:\/\/www.fuldaernachrichten.de\/?p=7867","title":{"rendered":"AWO verleiht Zertifikate an 22 Absolventen der Ehrenamtsschulung"},"content":{"rendered":"<p><strong><a rel=\"lightbox[roadtrip]\" target=\"_blank\" href=\"http:\/\/www.schoene-nachrichten.de\/wp-content\/uploads\/2008\/02\/080216_ehrenamtsschulung.jpg\" title=\"080216_ehrenamtsschulung.jpg\"><img decoding=\"async\" align=\"left\" src=\"http:\/\/www.schoene-nachrichten.de\/wp-content\/uploads\/2008\/02\/080216_ehrenamtsschulung.thumbnail.jpg\" hspace=\"5\" alt=\"080216_ehrenamtsschulung.jpg\" \/><\/a>Fulda.<\/strong> 22 M\u00e4nner und Frauen hatten sich im September letzten Jahres auf die Anzeige der Arbeiterwohlfahrt \u201eSchulung zum ehrenamtlichen Betreuer\u201c gemeldet. Alle 22 blieben dabei und konnten gestern im Rahmen einer kleinen Feierstunde ihre Zertifikate \u00fcber eine erfolgreiche Teilnahme entgegennehmen.<!--more--><\/p>\n<p>Bis dahin hatten sie immer im 2-w\u00f6chentlichen Abstand an einer Abendschulung in den R\u00e4umen der Arbeiterwohlfahrt in der Langenbr\u00fcckenstra\u00dfe 14 teilgenommen und die Aufgabenfelder eines Betreuers, also die Gesundheitssorge, die Aufenthaltssorge und die Verm\u00f6genssorge f\u00fcr einen anderen Menschen kennengelernt. Bei jedem neuen Schulungstermin hatten sie sich dabei mit neuen Inhalten auseinandersetzen m\u00fcssen.<\/p>\n<p>\u201eDas Feld der ehrenamtlichen Betreuung ist ja so vielf\u00e4ltig\u201c, so Kathleen Kissmann, Leiterin der von der Landesarbeitsgemeinschaft (LAG) der Betreuungsvereine Hessen und dem Land Hessen initiierten Schulung. \u201eWir haben daher zu jedem Thema einen anderen Referenten eingeladen, alles Spezialisten auf ihrem Gebiet.\u201c So referierte z.B. Dr. Klitsch, Facharzt f\u00fcr Psychiatrie und Neurologie mit eigener Praxis in Fulda, \u00fcber Krankheitsbilder wie Demenz und die Sozialp\u00e4dagogin, Anita Mader, erkl\u00e4rte den angehenden Betreuern geistige Behinderungen in ihren verschiedenen Abstufungen.<\/p>\n<p>Aber auch die gesetzlichen Grundlagen eines Betreuungsverh\u00e4ltnisses, die Rechte und Pflichten eines Betreuers, Sozialleistungen, Vorsorgem\u00f6glichkeiten wie z.B. eine Patientenverf\u00fcgung und vieles mehr wurden im Rahmen der Schulung diskutiert. So beschrieb z.B. Helmut Blum, Diplom Rechtspfleger und Vorsitzender des Vereins \u201eGemeinsam Leben \u2013 Gemeinsam Lernen\u201c seinen aufmerksamen Zuh\u00f6rern den Gang durch die Institutionen, der auch zum Aufgabenbereich des Betreuers geh\u00f6rt, und referierte \u00fcber das \u201epers\u00f6nliche Budget\u201c, eine neue Form der Leistungserbringung f\u00fcr Menschen mit Behinderungen, die seit 1.1.2008 in Kraft getreten ist.<\/p>\n<p>Dass dennoch nicht alles, was an Aufgaben auf einen zukommt, wenn man einen anderen Menschen betreut, abschlie\u00dfend in der Schulung gekl\u00e4rt werden konnte, versteht sich von selbst. Die meisten Fragen ergeben sich erst im praktischen Handeln. Daher werden die frischgebackenen Betreuer auch weiter von der Arbeiterwohlfahrt begleitet. Sie finden dort z.B. in Martina Schuchert, die auch die Schulung mitorganisiert hat, immer einen Ansprechpartner f\u00fcr ihre Fragen und Probleme und Unterst\u00fctzung bei besonderen Herausforderungen, wobei die wirklich schweren F\u00e4lle nach wie vor den hauptamtlichen Betreuern zugewiesen werden.<\/p>\n<p>\u201eMan darf Ehrenamtliche auch nicht \u00fcberfordern\u201c, so Edith Becker, die Gesch\u00e4ftsf\u00fchrerin der AWO Fulda, \u201ewichtig ist, dass sie gut vorbereitet und dann nicht allein gelassen werden.\u201c Dass diese Botschaft bei den Teilnehmern angekommen ist, konnte man bei der Verleihung der Urkunden sehen und h\u00f6ren. Voller Elan wollen sie sich an ihre ersten F\u00e4lle wagen. Wie gro\u00df der Bedarf an qualifizierten ehrenamtlichen Betreuern ist, zeigt die Tatsache, dass einer der Absolventen bereits kurz vor der Aush\u00e4ndigung der Urkunden die Zuteilung des Gerichts in H\u00e4nden hielt. Er freut sich schon auf seine Aufgabe: \u201eIch bin jetzt in Rente und ich wollte was Sinnvolleres tun, als nur Rasenplatten neu verlegen.\u201c<\/p>\n<p>N\u00e4here Infos zur n\u00e4chsten Schulung und zum Ehrenamt gibt es in der Gesch\u00e4ftsstelle der AWO Fulda, in der Langebr\u00fcckenstra\u00dfe 14, telefonisch unter: 0661 \u2013 480 045-0, Email: <a href=\"mailto:info@awo-fulda.de\">info@awo-fulda.de<\/a>, Langebr\u00fcckenstra\u00dfe 14, oder im Internet: <a href=\"http:\/\/www.awo-fulda.de\/\">www.awo-fulda.de<\/a>.<\/p>\n","protected":false},"excerpt":{"rendered":"<div class=\"tmnf_excerpt\"><p>Fulda. 22 M\u00e4nner und Frauen hatten sich im September letzten Jahres auf die Anzeige der Arbeiterwohlfahrt \u201eSchulung zum ehrenamtlichen Betreuer\u201c gemeldet. Alle 22 blieben dabei und konnten gestern im Rahmen einer kleinen Feierstunde ihre Zertifikate \u00fcber eine erfolgreiche Teilnahme entgegennehmen.<\/p>\n<\/div>","protected":false},"author":1,"featured_media":0,"comment_status":"closed","ping_status":"closed","sticky":false,"template":"","format":"standard","meta":{"footnotes":""},"categories":[1],"tags":[],"class_list":["post-7867","post","type-post","status-publish","format-standard","hentry","category-startseite"],"_links":{"self":[{"href":"https:\/\/www.fuldaernachrichten.de\/index.php?rest_route=\/wp\/v2\/posts\/7867","targetHints":{"allow":["GET"]}}],"collection":[{"href":"https:\/\/www.fuldaernachrichten.de\/index.php?rest_route=\/wp\/v2\/posts"}],"about":[{"href":"https:\/\/www.fuldaernachrichten.de\/index.php?rest_route=\/wp\/v2\/types\/post"}],"author":[{"embeddable":true,"href":"https:\/\/www.fuldaernachrichten.de\/index.php?rest_route=\/wp\/v2\/users\/1"}],"replies":[{"embeddable":true,"href":"https:\/\/www.fuldaernachrichten.de\/index.php?rest_route=%2Fwp%2Fv2%2Fcomments&post=7867"}],"version-history":[{"count":0,"href":"https:\/\/www.fuldaernachrichten.de\/index.php?rest_route=\/wp\/v2\/posts\/7867\/revisions"}],"wp:attachment":[{"href":"https:\/\/www.fuldaernachrichten.de\/index.php?rest_route=%2Fwp%2Fv2%2Fmedia&parent=7867"}],"wp:term":[{"taxonomy":"category","embeddable":true,"href":"https:\/\/www.fuldaernachrichten.de\/index.php?rest_route=%2Fwp%2Fv2%2Fcategories&post=7867"},{"taxonomy":"post_tag","embeddable":true,"href":"https:\/\/www.fuldaernachrichten.de\/index.php?rest_route=%2Fwp%2Fv2%2Ftags&post=7867"}],"curies":[{"name":"wp","href":"https:\/\/api.w.org\/{rel}","templated":true}]}}