{"id":78649,"date":"2010-12-13T00:20:10","date_gmt":"2010-12-13T00:20:10","guid":{"rendered":"http:\/\/www.fuldaer-nachrichten.de\/?p=78649"},"modified":"2010-12-13T07:44:32","modified_gmt":"2010-12-13T07:44:32","slug":"mittel-fuer-tagespflegeeinrichtung-und-seniorenbegegnungsstaette-in-huenfeld-und-nuesttal","status":"publish","type":"post","link":"https:\/\/www.fuldaernachrichten.de\/?p=78649","title":{"rendered":"Mittel f\u00fcr Tagespflegeeinrichtung und Seniorenbegegnungsst\u00e4tte in H\u00fcnfeld und N\u00fcsttal"},"content":{"rendered":"<p><strong>H\u00fcnfeld\/N\u00fcsttal. <\/strong>Die Hessische Landesregierung unterst\u00fctzt mit \u00fcber 179.000 Euro die Einrichtung einer Tagespflegeeinrichtung und einer Seniorenbegegnungsst\u00e4tte in H\u00fcnfeld und einer Seniorenbegegnungsst\u00e4tte in N\u00fcsttal. Die Staatssekret\u00e4rin im Hessischen Sozialministerium, Petra M\u00fcller-Klepper, \u00fcberreichte bei einem Besuch vor Ort die Bewilligungsbescheide in H\u00f6he von 121.860 Euro f\u00fcr das Vorhaben in H\u00fcnfeld und \u00fcber 57.300 Euro f\u00fcr die Begegnungsst\u00e4tte in N\u00fcsttal. <!--more--><\/p>\n<p><strong>Land unterst\u00fctzt Ausbau der Seniorenarbeit<\/strong><\/p>\n<p>\u201eIn H\u00fcnfeld und N\u00fcsttal werden nun attraktive Angebote f\u00fcr \u00e4ltere Menschen geschaffen und die Seniorenarbeit weiter ausgebaut. Hervorzuheben ist vor allem die interkommunale Zusammenarbeit in Seniorenfragen\u201c, lobte Petra M\u00fcller-Klepper. So gebe es zentrale Angebote f\u00fcr Senioren in H\u00fcnfeld, aber auch dezentrale in den kleineren Gemeinden. \u201eSo wird den Seniorinnen und Senioren erm\u00f6glicht, sich in ihrer gewohnten Umgebung zu bewegen und dabei nicht auf attraktive Veranstaltungsangebote verzichten zu m\u00fcssen.\u201c<\/p>\n<p>Tr\u00e4ger der Tagespflegeeinrichtung und der Seniorenbegegnungsst\u00e4tte in H\u00fcnfeld wird der Deutsche Rote Kreuz Kreisverband H\u00fcnfeld e.V. sein. Im DRK-Haus in H\u00fcnfeld soll eine Tagespflegeeinrichtung f\u00fcr 12 bis 15 Personen eingerichtet werden. Au\u00dferdem wird eine Seniorenbegegnungsst\u00e4tte geschaffen, in der es unter anderem einen Senioren-Internet-Treff geben wird.<\/p>\n<p><strong>Staatssekret\u00e4rin Petra M\u00fcller-Klepper lobt interkommunale Zusammenarbeit<\/strong><\/p>\n<p>In der Seniorenbegegnungsst\u00e4tte N\u00fcsttal sollen regelm\u00e4\u00dfige Seniorentreffen stattfinden. Hier wird ein vielf\u00e4ltiges Programm geboten, bei dem aus den Bereichen Spiele, Basteln, Sitzgymnastik und Gehirnjogging viele attraktive Angebote f\u00fcr die Seniorinnen und Senioren bereitgestellt werden. Das Deutsche Rote Kreuz H\u00fcnfeld wird au\u00dferdem in der Einrichtung Beratungen f\u00fcr Seniorinnen und Senioren anbieten.<\/p>\n","protected":false},"excerpt":{"rendered":"<div class=\"tmnf_excerpt\"><p>H\u00fcnfeld\/N\u00fcsttal. Die Hessische Landesregierung unterst\u00fctzt mit \u00fcber 179.000 Euro die Einrichtung einer Tagespflegeeinrichtung und einer Seniorenbegegnungsst\u00e4tte in H\u00fcnfeld und einer Seniorenbegegnungsst\u00e4tte in N\u00fcsttal. Die Staatssekret\u00e4rin im Hessischen Sozialministerium, Petra M\u00fcller-Klepper, \u00fcberreichte bei einem Besuch vor Ort die Bewilligungsbescheide in H\u00f6he von 121.860 Euro f\u00fcr das Vorhaben in H\u00fcnfeld und \u00fcber 57.300 Euro f\u00fcr die Begegnungsst\u00e4tte &hellip;<\/p>\n<\/div>","protected":false},"author":1,"featured_media":0,"comment_status":"closed","ping_status":"closed","sticky":false,"template":"","format":"standard","meta":{"footnotes":""},"categories":[1,51,44],"tags":[],"class_list":["post-78649","post","type-post","status-publish","format-standard","hentry","category-startseite","category-medizin","category-kultur"],"_links":{"self":[{"href":"https:\/\/www.fuldaernachrichten.de\/index.php?rest_route=\/wp\/v2\/posts\/78649","targetHints":{"allow":["GET"]}}],"collection":[{"href":"https:\/\/www.fuldaernachrichten.de\/index.php?rest_route=\/wp\/v2\/posts"}],"about":[{"href":"https:\/\/www.fuldaernachrichten.de\/index.php?rest_route=\/wp\/v2\/types\/post"}],"author":[{"embeddable":true,"href":"https:\/\/www.fuldaernachrichten.de\/index.php?rest_route=\/wp\/v2\/users\/1"}],"replies":[{"embeddable":true,"href":"https:\/\/www.fuldaernachrichten.de\/index.php?rest_route=%2Fwp%2Fv2%2Fcomments&post=78649"}],"version-history":[{"count":3,"href":"https:\/\/www.fuldaernachrichten.de\/index.php?rest_route=\/wp\/v2\/posts\/78649\/revisions"}],"predecessor-version":[{"id":78754,"href":"https:\/\/www.fuldaernachrichten.de\/index.php?rest_route=\/wp\/v2\/posts\/78649\/revisions\/78754"}],"wp:attachment":[{"href":"https:\/\/www.fuldaernachrichten.de\/index.php?rest_route=%2Fwp%2Fv2%2Fmedia&parent=78649"}],"wp:term":[{"taxonomy":"category","embeddable":true,"href":"https:\/\/www.fuldaernachrichten.de\/index.php?rest_route=%2Fwp%2Fv2%2Fcategories&post=78649"},{"taxonomy":"post_tag","embeddable":true,"href":"https:\/\/www.fuldaernachrichten.de\/index.php?rest_route=%2Fwp%2Fv2%2Ftags&post=78649"}],"curies":[{"name":"wp","href":"https:\/\/api.w.org\/{rel}","templated":true}]}}