{"id":7863,"date":"2008-02-15T00:40:59","date_gmt":"2008-02-14T23:40:59","guid":{"rendered":"http:\/\/www.schoene-nachrichten.de\/?p=7863"},"modified":"2008-02-14T23:55:30","modified_gmt":"2008-02-14T22:55:30","slug":"spendenuebergabe-fuer-christina-caritas-stockt-betrag-fuer-pflegebeduerftige-auf","status":"publish","type":"post","link":"https:\/\/www.fuldaernachrichten.de\/?p=7863","title":{"rendered":"Spenden\u00fcbergabe f\u00fcr \u201eChristina\u201c: Caritas stockt Betrag f\u00fcr Pflegebed\u00fcrftige auf"},"content":{"rendered":"<p><strong><a rel=\"lightbox[roadtrip]\" target=\"_blank\" href=\"http:\/\/www.schoene-nachrichten.de\/wp-content\/uploads\/2008\/02\/080215_christina.jpg\" title=\"080215_christina.jpg\"><img decoding=\"async\" align=\"left\" src=\"http:\/\/www.schoene-nachrichten.de\/wp-content\/uploads\/2008\/02\/080215_christina.thumbnail.jpg\" hspace=\"5\" alt=\"080215_christina.jpg\" \/><\/a>Fulda\/H\u00fcnfeld.<\/strong> Erneut gab es eine Spendenaktion f\u00fcr \u201eChristina\u201c (Pseudonym), die nach der Geburt ihres Kindes vor drei Jahren schwere Komplikationen erlitt, ins Koma fiel und sich inzwischen langsam ins Leben zur\u00fcck k\u00e4mpft. Die Medien berichteten bereits 2007 \u00fcber die junge Frau, die zeitweiiig in einem Pflegeheim in H\u00fcnfeld lebte, mittlerweile in Bad T\u00f6lz in der Reha ist, dabei von ihrer Mutter betreut wird und permanent auf Medizin und Therapie angwiesen ist \u2013 Notwendigkeiten, die die Familie finanziell \u00fcberfordern. Nur Spenden k\u00f6nnen die weitere Intensivbehandlung in der Spezialklinik in Bayern von Christina erm\u00f6glichen.<!--more--><\/p>\n<p>Hiltrud Wahl war eine derjenigen, die von dem Drama um Christina im vergangenen Jahr h\u00f6rten. Die 76-j\u00e4hrige Fuldaerin engagiert sich seitdem f\u00fcr Christina und f\u00e4delte im Januar \u00fcber ihren Klavierlehrer, den Musiker Frank Tischer, ein Benefizkonzert ein: In der \u201eAlten Piesel Dirlos\u201c organisierte Tischer den Auftritt der beiden heimischen Rockbands \u201eTischer Men\u00e2\u20ac\u2122s Friend\u201c und \u201ePurple Rain\u201c zugunsten von Christina, die Werbung f\u00fcr die Veranstaltung steuerte ebenfalls kostenlos die Fa. Schwob Ditgitaldruck bei.<\/p>\n<p>Der Ertrag der gesamten Aktion waren gut 1500 Euro, zusammen mit verschiedenen\u00c2\u00a0 Einzelspenden summierte sich das Geld auf weit \u00fcber 2000 Euro. Durch Caritas-Vorstand Ansgar Erb kurzerhand aufgerundet auf den glatten Betrag von 2500 Euro \u00fcbergaben nun im Helene-Weber-Haus Hiltrud Wahl und Frank Tischer symbolisch einen Scheck \u00fcber die Gesamtsumme\u00c2\u00a0 an Marita Wilhelm, Caritas-Mitarbeiterin im Ressort Finanzen.<\/p>\n<p>Frau Wilhelm wird den Betrag unmittelbar an die Mutter von Christina weiter leiten; die Caritas stellt f\u00fcr das Hilfsprojekt sein Spendenkonto zur Verf\u00fcgung und leitet den Spendern auf Wunsch entsprechende Spendenquittungen zu.\u00c2\u00a0 Die 2500 Euro dienen in erster Linie zur weiteren Finanzierung der\u00c2\u00a0 Therapiema\u00dfnahmen in der Spezialklinik in Bad T\u00f6lz.<br \/>\nWeitere Spenden f\u00fcr diesen Zweck sind m\u00f6glich auf das Spendenkonto Nr. 220 des Caritasverbandes f\u00fcr die Di\u00f6zese Fulda bei der Sparkasse Fulda, BLZ 530 501 80, Stichwort \u201eChristina\u201c. (cif)<\/p>\n","protected":false},"excerpt":{"rendered":"<div class=\"tmnf_excerpt\"><p>Fulda\/H\u00fcnfeld. Erneut gab es eine Spendenaktion f\u00fcr \u201eChristina\u201c (Pseudonym), die nach der Geburt ihres Kindes vor drei Jahren schwere Komplikationen erlitt, ins Koma fiel und sich inzwischen langsam ins Leben zur\u00fcck k\u00e4mpft. Die Medien berichteten bereits 2007 \u00fcber die junge Frau, die zeitweiiig in einem Pflegeheim in H\u00fcnfeld lebte, mittlerweile in Bad T\u00f6lz in der &hellip;<\/p>\n<\/div>","protected":false},"author":1,"featured_media":0,"comment_status":"closed","ping_status":"closed","sticky":false,"template":"","format":"standard","meta":{"footnotes":""},"categories":[1,51],"tags":[],"class_list":["post-7863","post","type-post","status-publish","format-standard","hentry","category-startseite","category-medizin"],"_links":{"self":[{"href":"https:\/\/www.fuldaernachrichten.de\/index.php?rest_route=\/wp\/v2\/posts\/7863","targetHints":{"allow":["GET"]}}],"collection":[{"href":"https:\/\/www.fuldaernachrichten.de\/index.php?rest_route=\/wp\/v2\/posts"}],"about":[{"href":"https:\/\/www.fuldaernachrichten.de\/index.php?rest_route=\/wp\/v2\/types\/post"}],"author":[{"embeddable":true,"href":"https:\/\/www.fuldaernachrichten.de\/index.php?rest_route=\/wp\/v2\/users\/1"}],"replies":[{"embeddable":true,"href":"https:\/\/www.fuldaernachrichten.de\/index.php?rest_route=%2Fwp%2Fv2%2Fcomments&post=7863"}],"version-history":[{"count":0,"href":"https:\/\/www.fuldaernachrichten.de\/index.php?rest_route=\/wp\/v2\/posts\/7863\/revisions"}],"wp:attachment":[{"href":"https:\/\/www.fuldaernachrichten.de\/index.php?rest_route=%2Fwp%2Fv2%2Fmedia&parent=7863"}],"wp:term":[{"taxonomy":"category","embeddable":true,"href":"https:\/\/www.fuldaernachrichten.de\/index.php?rest_route=%2Fwp%2Fv2%2Fcategories&post=7863"},{"taxonomy":"post_tag","embeddable":true,"href":"https:\/\/www.fuldaernachrichten.de\/index.php?rest_route=%2Fwp%2Fv2%2Ftags&post=7863"}],"curies":[{"name":"wp","href":"https:\/\/api.w.org\/{rel}","templated":true}]}}