{"id":7857,"date":"2008-02-14T00:18:29","date_gmt":"2008-02-13T23:18:29","guid":{"rendered":"http:\/\/www.schoene-nachrichten.de\/?p=7857"},"modified":"2008-02-13T23:37:46","modified_gmt":"2008-02-13T22:37:46","slug":"neue-chancen-fuer-die-wasserkraft","status":"publish","type":"post","link":"https:\/\/www.fuldaernachrichten.de\/?p=7857","title":{"rendered":"Neue Chancen f\u00fcr die Wasserkraft?"},"content":{"rendered":"<p><strong><a href=\"http:\/\/www.schoene-nachrichten.de\/wp-content\/uploads\/2008\/02\/080213_wasserkraft.jpg\" rel=\"lightbox[roadtrip]\" target=\"_blank\" title=\"080213_wasserkraft.jpg\"><img decoding=\"async\" src=\"http:\/\/www.schoene-nachrichten.de\/wp-content\/uploads\/2008\/02\/080213_wasserkraft.thumbnail.jpg\" alt=\"080213_wasserkraft.jpg\" align=\"left\" hspace=\"5\" \/><\/a>Rh\u00f6n.<\/strong> Zwei Fachforen des Vereins Natur- und Lebensraum befassten sich unter der Leitung der B\u00fcrgermeisterinnen Brigitte Erb und Margrit Trittin mit der Situation der heimischen Wasserkraftanlagen. In einem Einf\u00fchrungsvortrag stellte Martin Kremer die Situation im Landkreis Fulda vor.<!--more--><\/p>\n<p>80 kleine Wasserkr\u00e4fte mit einer Leistung zwischen 2 und 200 KW wurden im Rahmen einer Diplomarbeit der Hochschule Fulda, Fachrichtung Elektrotechnik, erfasst. Zusammen haben diese Anlagen ein Leistungspotential pro Jahr von 8,5 Millionen kWh. Dies entspricht in etwa dem Strombedarf von 2800 Haushalten. \u00dcber Jahrzehnte hinweg sind durch den Strukturwandel in der Landwirtschaft und im technischen Fortschritt viele M\u00fchlenstandorte aus der Nutzung genommen. Seit etwa 10 Jahren stellt Kremer allerdings ein Umdenken fest.<\/p>\n<p>Kremer: \u201eStill und leise haben viele Anlagenbetreiber trotz fehlender staatlicher F\u00f6rderprogramme ihre Anlagen saniert und insbesondere durch technische Fortschritte die Leistung der Anlagen um bis zu 40% erh\u00f6ht.\u201c Aus Sicht des Biosph\u00e4renreservates stellen die heimischen Wasserkr\u00e4fte einen wichtigen Baustein im Energiemix der Zukunft dar.<\/p>\n<p>Allerdings wird auch darauf hingewiesen, dass Wasserkraftanlagen Eingriffe in das \u00d6kosystem der B\u00e4che und Fl\u00fcsse darstellen. Hier gilt es, mit Blick auf die Europ\u00e4ische Wasserrahmenrichtlinie sinnvolle L\u00f6sungen zu finden, die die volkswirtschaftlich sinnvolle Wasserkraftnutzung mit dem Schutz des \u00d6kosystems in Einklang bringen.<\/p>\n<p>In Zusammenarbeit mit der Hochschule Fulda, Fachrichtung Elektrotechnik, soll nun gepr\u00fcft werden, ob es sinnvolle Standorte zur Reaktivierung von Wasserkraftanlagen gibt. Dieses Thema wird von dem Studenten Johannes Trumpf aus Gersfeld aufgegriffen, der in Zusammenarbeit mit dem Biosph\u00e4renreservat eine Expertise erstellt. In diesem Zusammenhang werden Interessenten gebeten sich beim Biosph\u00e4renreservat zu melden.<\/p>\n<p>Diskutiert wurde aber auch der Einsatz von Geldern aus der Ausgleichsabgabe um z.B. Fischtreppen zu finanzieren. Otto Evers, Leiter des Fachdienstes Natur und Landschaft beim Landkreis Fulda, sieht hier durchaus M\u00f6glichkeiten. Durch die im Rahmen der Eingriffsregelung anfallenden Gelder, k\u00f6nnten Wasserkraftbetreibern durch den Einbau von Fischtreppen geholfen werden, ihre Anlagen \u00f6kologisch zu optimieren, um damit auch in eine h\u00f6here Stromverg\u00fctung zu gelangen. Auch in diesem Zusammenhang k\u00f6nnen sich Interessenten an das Biosph\u00e4renreservat Rh\u00f6n, Tel.: 06654-9612-0, wenden.<\/p>\n","protected":false},"excerpt":{"rendered":"<div class=\"tmnf_excerpt\"><p>Rh\u00f6n. Zwei Fachforen des Vereins Natur- und Lebensraum befassten sich unter der Leitung der B\u00fcrgermeisterinnen Brigitte Erb und Margrit Trittin mit der Situation der heimischen Wasserkraftanlagen. In einem Einf\u00fchrungsvortrag stellte Martin Kremer die Situation im Landkreis Fulda vor.<\/p>\n<\/div>","protected":false},"author":1,"featured_media":0,"comment_status":"closed","ping_status":"closed","sticky":false,"template":"","format":"standard","meta":{"footnotes":""},"categories":[1,52],"tags":[],"class_list":["post-7857","post","type-post","status-publish","format-standard","hentry","category-startseite","category-umwelt"],"_links":{"self":[{"href":"https:\/\/www.fuldaernachrichten.de\/index.php?rest_route=\/wp\/v2\/posts\/7857","targetHints":{"allow":["GET"]}}],"collection":[{"href":"https:\/\/www.fuldaernachrichten.de\/index.php?rest_route=\/wp\/v2\/posts"}],"about":[{"href":"https:\/\/www.fuldaernachrichten.de\/index.php?rest_route=\/wp\/v2\/types\/post"}],"author":[{"embeddable":true,"href":"https:\/\/www.fuldaernachrichten.de\/index.php?rest_route=\/wp\/v2\/users\/1"}],"replies":[{"embeddable":true,"href":"https:\/\/www.fuldaernachrichten.de\/index.php?rest_route=%2Fwp%2Fv2%2Fcomments&post=7857"}],"version-history":[{"count":0,"href":"https:\/\/www.fuldaernachrichten.de\/index.php?rest_route=\/wp\/v2\/posts\/7857\/revisions"}],"wp:attachment":[{"href":"https:\/\/www.fuldaernachrichten.de\/index.php?rest_route=%2Fwp%2Fv2%2Fmedia&parent=7857"}],"wp:term":[{"taxonomy":"category","embeddable":true,"href":"https:\/\/www.fuldaernachrichten.de\/index.php?rest_route=%2Fwp%2Fv2%2Fcategories&post=7857"},{"taxonomy":"post_tag","embeddable":true,"href":"https:\/\/www.fuldaernachrichten.de\/index.php?rest_route=%2Fwp%2Fv2%2Ftags&post=7857"}],"curies":[{"name":"wp","href":"https:\/\/api.w.org\/{rel}","templated":true}]}}