{"id":78525,"date":"2010-12-13T00:42:59","date_gmt":"2010-12-13T00:42:59","guid":{"rendered":"http:\/\/www.fuldaer-nachrichten.de\/?p=78525"},"modified":"2010-12-13T07:43:09","modified_gmt":"2010-12-13T07:43:09","slug":"wettbewerb-um-hessischen-exportpreis-gestartet","status":"publish","type":"post","link":"https:\/\/www.fuldaernachrichten.de\/?p=78525","title":{"rendered":"Wettbewerb um Hessischen Exportpreis gestartet"},"content":{"rendered":"<p><strong>Hessen. <\/strong>Auf die Pl\u00e4tze \u2013 fertig \u2013 los: Das gilt f\u00fcr alle kleinen und mittelst\u00e4ndischen hessischen Unternehmen, die auf internationalen M\u00e4rkten erfolgreich t\u00e4tig sind. Denn ab sofort k\u00f6nnen sie sich um den Hessischen Exportpreis bewerben. Die Bewerbungsfrist l\u00e4uft bis zum 31. M\u00e4rz. Der Preis wird zum ersten Mal von den hessischen Industrie- und Handelskammer, den hessischen Handwerkskammern und dem Land Hessen vergeben. Schirmherr ist der Hessische Wirtschaftsminister Dieter Posch. \u201eDer Exportpreis pr\u00e4miert herausragende internationale Gesch\u00e4ftserfolge hessischer Unternehmer und schafft Anreize f\u00fcr andere, diesen Beispielen zu folgen. Wir wissen, dass der Erfahrungsaustausch und das Benchmarking gerade f\u00fcr mittelst\u00e4ndische Unternehmen enorm wichtig ist. <!--more--><\/p>\n<p>Die Preisverleihung am 6. Juni und der daran anschlie\u00dfende Hessische Au\u00dfenwirtschaftstag bieten hierf\u00fcr eine hervorragende Gelegenheit\u201c, sagte Dr. Mathias M\u00fcller, Vorsitzender der Arbeitsgemeinschaft hessischer IHKs. Der Preis richtet sich an Handwerksbetriebe, Dienstleistungsunternehmen und Gro\u00dfh\u00e4ndler sowie an produzierende Unternehmen mit bis zu 250 Mitarbeitern und einem j\u00e4hrlichen Umsatz von maximal 50 Millionen Euro. Er wird in den drei Einzelkategorien verliehen: \u201eHandwerk \u2013 grenzenlos erfolgreich\u201c, \u201eService und Beratung International\u201c und \u201eInnovative Exportstrategien\u201c. Die Bewerbungsunterlagen zur Teilnahme am Wettbewerb um den hessischen Exportpreis stehen als Online-Fragebogen zur Verf\u00fcgung unter <a href=\"http:\/\/www.hessischer-exportpreis.de\" target=\"_blank\">www.hessischer-exportpreis.de<\/a>.<\/p>\n","protected":false},"excerpt":{"rendered":"<div class=\"tmnf_excerpt\"><p>Hessen. Auf die Pl\u00e4tze \u2013 fertig \u2013 los: Das gilt f\u00fcr alle kleinen und mittelst\u00e4ndischen hessischen Unternehmen, die auf internationalen M\u00e4rkten erfolgreich t\u00e4tig sind. Denn ab sofort k\u00f6nnen sie sich um den Hessischen Exportpreis bewerben. Die Bewerbungsfrist l\u00e4uft bis zum 31. M\u00e4rz. Der Preis wird zum ersten Mal von den hessischen Industrie- und Handelskammer, den &hellip;<\/p>\n<\/div>","protected":false},"author":1,"featured_media":0,"comment_status":"closed","ping_status":"closed","sticky":false,"template":"","format":"standard","meta":{"footnotes":""},"categories":[1],"tags":[],"class_list":["post-78525","post","type-post","status-publish","format-standard","hentry","category-startseite"],"_links":{"self":[{"href":"https:\/\/www.fuldaernachrichten.de\/index.php?rest_route=\/wp\/v2\/posts\/78525","targetHints":{"allow":["GET"]}}],"collection":[{"href":"https:\/\/www.fuldaernachrichten.de\/index.php?rest_route=\/wp\/v2\/posts"}],"about":[{"href":"https:\/\/www.fuldaernachrichten.de\/index.php?rest_route=\/wp\/v2\/types\/post"}],"author":[{"embeddable":true,"href":"https:\/\/www.fuldaernachrichten.de\/index.php?rest_route=\/wp\/v2\/users\/1"}],"replies":[{"embeddable":true,"href":"https:\/\/www.fuldaernachrichten.de\/index.php?rest_route=%2Fwp%2Fv2%2Fcomments&post=78525"}],"version-history":[{"count":2,"href":"https:\/\/www.fuldaernachrichten.de\/index.php?rest_route=\/wp\/v2\/posts\/78525\/revisions"}],"predecessor-version":[{"id":78751,"href":"https:\/\/www.fuldaernachrichten.de\/index.php?rest_route=\/wp\/v2\/posts\/78525\/revisions\/78751"}],"wp:attachment":[{"href":"https:\/\/www.fuldaernachrichten.de\/index.php?rest_route=%2Fwp%2Fv2%2Fmedia&parent=78525"}],"wp:term":[{"taxonomy":"category","embeddable":true,"href":"https:\/\/www.fuldaernachrichten.de\/index.php?rest_route=%2Fwp%2Fv2%2Fcategories&post=78525"},{"taxonomy":"post_tag","embeddable":true,"href":"https:\/\/www.fuldaernachrichten.de\/index.php?rest_route=%2Fwp%2Fv2%2Ftags&post=78525"}],"curies":[{"name":"wp","href":"https:\/\/api.w.org\/{rel}","templated":true}]}}