{"id":78519,"date":"2010-12-13T00:43:27","date_gmt":"2010-12-13T00:43:27","guid":{"rendered":"http:\/\/www.fuldaer-nachrichten.de\/?p=78519"},"modified":"2010-12-13T07:43:35","modified_gmt":"2010-12-13T07:43:35","slug":"ehrungen-bei-der-oekumenischen-bahnhofsmission-2","status":"publish","type":"post","link":"https:\/\/www.fuldaernachrichten.de\/?p=78519","title":{"rendered":"Ehrungen bei der \u00f6kumenischen Bahnhofsmission"},"content":{"rendered":"<p><strong><a href=\"http:\/\/www.fuldaer-nachrichten.de\/wp-content\/uploads\/2010\/12\/101209_Ehrungen.jpg\"><img decoding=\"async\" class=\"alignleft size-thumbnail wp-image-78520\" title=\"101209_Ehrungen\" src=\"http:\/\/www.fuldaer-nachrichten.de\/wp-content\/uploads\/2010\/12\/101209_Ehrungen-265x152.jpg\" alt=\"\" width=\"265\" height=\"152\" srcset=\"https:\/\/www.fuldaernachrichten.de\/wp-content\/uploads\/2010\/12\/101209_Ehrungen-265x152.jpg 265w, https:\/\/www.fuldaernachrichten.de\/wp-content\/uploads\/2010\/12\/101209_Ehrungen.jpg 592w\" sizes=\"(max-width: 265px) 100vw, 265px\" \/><\/a>Fulda. <\/strong>Seit 25 Jahren arbeitet Marie \u2013 Luise Gr\u00e4fin zu Eulenburg aus Fulda ehrenamtlich in der \u00f6kumenischen Bahnhofsmission Fulda mit. Daf\u00fcr wurde sie w\u00e4hrend der Adventsfeier mit dem Goldenen Kronenkreuz der Diakonie und der Urkunde der Konferenz der Bahnhofsmissionen in Deutschland von Diakoniepfarrer Sven Pernak in Vertretung von Landespfarrer Dr. Eberhard Schwarz und Gesch\u00e4ftsf\u00fchrer Winfried M\u00f6ller, Caritasverband f\u00fcr die Regionen Fulda und Geisa e.V. ausgezeichnet. Die \u00f6kumenische Bahnhofsmission Fulda wird von Caritas und Diakonie gemeinsam getragen. Pfarrer Pernak betonte, dass das Kronenkreuz ein Markenzeichen daf\u00fcr sei, das christlicher Glaube nicht f\u00fcr sich bleibe, sondern in die Mitte der Lebenswelt geh\u00f6re. <!--more--><\/p>\n<p>Mit zu den Gratulanten geh\u00f6rten die Leiterinnen Helga Stumpf (Diakonie) und Monika Niestroj (Caritas). In der Laudatio betonte Helga Stumpf, dass Frau Gr\u00e4fin zu Eulenburg zu jeder Zeit bereit gewesen sei, sich f\u00fcr die Sache der Bahnhofsmission einzusetzen. Neben ihrem regelm\u00e4\u00dfigen Dienst am Bahnhof habe sie als Stiftsdame des Stiftes Wallenstein in Fulda daf\u00fcr gesorgt, dass Tisch und Geschirrw\u00e4sche unentgeltlich gereinigt und gepl\u00e4ttet wurde. Geehrte wurden auch Frau Hildegard Werba, Gl\u00e4serzell f\u00fcr 10 Jahre ehrenamtliche Mitarbeit mit dem Silbernen Kronenkreuz und Frau Gertrud Schau\u00df f\u00fcr f\u00fcnf Jahre mit einer Urkunde. Ohne die Ehrenamtlichen w\u00fcrde es in Fulda keine Bahnhofsmission geben, so Gesch\u00e4ftsf\u00fchrer\u00c2\u00a0 Winfried M\u00f6ller.\u00c2\u00a0 Als Kirche am Bahnhof sei sie f\u00fcr viele mit Problemen beladene\u00c2\u00a0 Menschen erste Anlaufstelle.<\/p>\n<p>Er dankte den Ehrenamtlichen f\u00fcr ihre Geduld, ihr Zuh\u00f6ren und das Schaffen einer Atmosph\u00e4re, die deutliche mache Willkommen zu sein. Aus gesundheitlichen Gr\u00fcnden musste Helmut Richter nach \u00fcber 17 Jahre seinen Dienst aufgeben. Er dankte den Leiterinnen f\u00fcr deren kompetente Begleitung und w\u00fcnschte ihnen, dass sie immer gen\u00fcgend motivierte Helferinnen und Helfer f\u00e4nden. Begonnen hatte die Adventsfeier mit einer von den Ehrenamtlichen gestalteten Andacht unter Leitung von Monika Niestroj. Einen \u00dcberblick \u00fcber die Arbeit im zu Ende gehenden Jahr gab Leiterin Helga Stumpf. Um den Dienst sicher stellen zu k\u00f6nnen, sei die Werbung von neuen ehrenamtlichen Mitarbeiterinnen und Mitarbeitern wichtig. Informationen sind bei Monika Niestroj, Caritas, Telefon 0661\/ 2428321, Helga Stumpf, Diakonie, Telefon 0661\/ 8388208 oder direkt bei der Bahnhofsmission Fulda, Telefon 0661\/ 73327 zu erhalten.<\/p>\n<p>Foto: Winfried M\u00f6ller<\/p>\n","protected":false},"excerpt":{"rendered":"<div class=\"tmnf_excerpt\"><p>Fulda. Seit 25 Jahren arbeitet Marie \u2013 Luise Gr\u00e4fin zu Eulenburg aus Fulda ehrenamtlich in der \u00f6kumenischen Bahnhofsmission Fulda mit. Daf\u00fcr wurde sie w\u00e4hrend der Adventsfeier mit dem Goldenen Kronenkreuz der Diakonie und der Urkunde der Konferenz der Bahnhofsmissionen in Deutschland von Diakoniepfarrer Sven Pernak in Vertretung von Landespfarrer Dr. Eberhard Schwarz und Gesch\u00e4ftsf\u00fchrer Winfried &hellip;<\/p>\n<\/div>","protected":false},"author":1,"featured_media":0,"comment_status":"closed","ping_status":"closed","sticky":false,"template":"","format":"standard","meta":{"footnotes":""},"categories":[1],"tags":[],"class_list":["post-78519","post","type-post","status-publish","format-standard","hentry","category-startseite"],"_links":{"self":[{"href":"https:\/\/www.fuldaernachrichten.de\/index.php?rest_route=\/wp\/v2\/posts\/78519","targetHints":{"allow":["GET"]}}],"collection":[{"href":"https:\/\/www.fuldaernachrichten.de\/index.php?rest_route=\/wp\/v2\/posts"}],"about":[{"href":"https:\/\/www.fuldaernachrichten.de\/index.php?rest_route=\/wp\/v2\/types\/post"}],"author":[{"embeddable":true,"href":"https:\/\/www.fuldaernachrichten.de\/index.php?rest_route=\/wp\/v2\/users\/1"}],"replies":[{"embeddable":true,"href":"https:\/\/www.fuldaernachrichten.de\/index.php?rest_route=%2Fwp%2Fv2%2Fcomments&post=78519"}],"version-history":[{"count":2,"href":"https:\/\/www.fuldaernachrichten.de\/index.php?rest_route=\/wp\/v2\/posts\/78519\/revisions"}],"predecessor-version":[{"id":78752,"href":"https:\/\/www.fuldaernachrichten.de\/index.php?rest_route=\/wp\/v2\/posts\/78519\/revisions\/78752"}],"wp:attachment":[{"href":"https:\/\/www.fuldaernachrichten.de\/index.php?rest_route=%2Fwp%2Fv2%2Fmedia&parent=78519"}],"wp:term":[{"taxonomy":"category","embeddable":true,"href":"https:\/\/www.fuldaernachrichten.de\/index.php?rest_route=%2Fwp%2Fv2%2Fcategories&post=78519"},{"taxonomy":"post_tag","embeddable":true,"href":"https:\/\/www.fuldaernachrichten.de\/index.php?rest_route=%2Fwp%2Fv2%2Ftags&post=78519"}],"curies":[{"name":"wp","href":"https:\/\/api.w.org\/{rel}","templated":true}]}}