{"id":78510,"date":"2010-12-13T00:15:31","date_gmt":"2010-12-13T00:15:31","guid":{"rendered":"http:\/\/www.fuldaer-nachrichten.de\/?p=78510"},"modified":"2010-12-13T07:42:49","modified_gmt":"2010-12-13T07:42:49","slug":"gut-besuchte-gwv-schulung-fuer-installateure","status":"publish","type":"post","link":"https:\/\/www.fuldaernachrichten.de\/?p=78510","title":{"rendered":"Gut besuchte GWV-Schulung f\u00fcr Installateure"},"content":{"rendered":"<p><strong><a href=\"http:\/\/www.fuldaer-nachrichten.de\/wp-content\/uploads\/2010\/12\/101209_Schulung.jpg\"><img decoding=\"async\" class=\"alignleft size-thumbnail wp-image-78511\" title=\"101209_Schulung\" src=\"http:\/\/www.fuldaer-nachrichten.de\/wp-content\/uploads\/2010\/12\/101209_Schulung-265x176.jpg\" alt=\"\" width=\"265\" height=\"176\" srcset=\"https:\/\/www.fuldaernachrichten.de\/wp-content\/uploads\/2010\/12\/101209_Schulung-265x176.jpg 265w, https:\/\/www.fuldaernachrichten.de\/wp-content\/uploads\/2010\/12\/101209_Schulung.jpg 592w\" sizes=\"(max-width: 265px) 100vw, 265px\" \/><\/a>Fulda. <\/strong>Vor dem Hintergrund des Klimaschutzes hat in den letzten Jahren das Thema \u201eEnergieeffizienz\u201c stark an Bedeutung gewonnen. F\u00fcr die Gas- und Wasserversorgung Fulda GmbH (GWV) ist Energie sparen seit langem ein zentrales Thema. Immer mehr Kunden fragen nach zukunftsgerechten L\u00f6sungen, die Kohlendioxid vermeiden und damit die Umwelt schonen. Neue, auf dem Energietr\u00e4ger Erdgas basierende Technologien wie Gas-W\u00e4rmepumpe und -klimager\u00e4te bieten in diesem Zusammenhang interessante Ans\u00e4tze. Denn die neuen Ger\u00e4te k\u00f6nnen nicht nur effizient heizen, sondern auch k\u00fchlen. Diese Doppelfunktion hat hinsichtlich Technik, Wirtschaftlichkeit und Umweltschutz viele Vorteile. Au\u00dferdem erfordert eine moderne Architektur auch vermehrt K\u00fchlleistung in den Sommermonaten.<!--more--><\/p>\n<p>Zur Schulung der regionalen Architekten und Installateure veranstaltete GWV in diesen Tagen ein kompaktes Seminar zum Thema \u201eGasw\u00e4rmepumpen und Gasklimager\u00e4te\u201c. Ausgewiesene Experten informierten die osthessischen Marktpartner \u00fcber die vielf\u00e4ltigen technischen und wirtschaftlichen Aspekte der neuen Technologien. Wichtige Themen waren auch das EEW\u00e4rmeGesetz und die sich daraus ableitenden Chancen, zum Beispiel bez\u00fcglich der Kraft-W\u00e4rme-Kopplung mit Blockheiz-Kraftwerke (BHKWs). Weitere GWV-Fortbildungsveranstaltungen f\u00fcr die osthessischen Marktpartner sind in Vorbereitung, sie werden wieder als Fortbildungsma\u00dfnahme f\u00fcr Architekten bewertet sein.<\/p>\n","protected":false},"excerpt":{"rendered":"<div class=\"tmnf_excerpt\"><p>Fulda. Vor dem Hintergrund des Klimaschutzes hat in den letzten Jahren das Thema \u201eEnergieeffizienz\u201c stark an Bedeutung gewonnen. F\u00fcr die Gas- und Wasserversorgung Fulda GmbH (GWV) ist Energie sparen seit langem ein zentrales Thema. Immer mehr Kunden fragen nach zukunftsgerechten L\u00f6sungen, die Kohlendioxid vermeiden und damit die Umwelt schonen. Neue, auf dem Energietr\u00e4ger Erdgas basierende &hellip;<\/p>\n<\/div>","protected":false},"author":1,"featured_media":0,"comment_status":"closed","ping_status":"closed","sticky":false,"template":"","format":"standard","meta":{"footnotes":""},"categories":[1],"tags":[],"class_list":["post-78510","post","type-post","status-publish","format-standard","hentry","category-startseite"],"_links":{"self":[{"href":"https:\/\/www.fuldaernachrichten.de\/index.php?rest_route=\/wp\/v2\/posts\/78510","targetHints":{"allow":["GET"]}}],"collection":[{"href":"https:\/\/www.fuldaernachrichten.de\/index.php?rest_route=\/wp\/v2\/posts"}],"about":[{"href":"https:\/\/www.fuldaernachrichten.de\/index.php?rest_route=\/wp\/v2\/types\/post"}],"author":[{"embeddable":true,"href":"https:\/\/www.fuldaernachrichten.de\/index.php?rest_route=\/wp\/v2\/users\/1"}],"replies":[{"embeddable":true,"href":"https:\/\/www.fuldaernachrichten.de\/index.php?rest_route=%2Fwp%2Fv2%2Fcomments&post=78510"}],"version-history":[{"count":2,"href":"https:\/\/www.fuldaernachrichten.de\/index.php?rest_route=\/wp\/v2\/posts\/78510\/revisions"}],"predecessor-version":[{"id":78750,"href":"https:\/\/www.fuldaernachrichten.de\/index.php?rest_route=\/wp\/v2\/posts\/78510\/revisions\/78750"}],"wp:attachment":[{"href":"https:\/\/www.fuldaernachrichten.de\/index.php?rest_route=%2Fwp%2Fv2%2Fmedia&parent=78510"}],"wp:term":[{"taxonomy":"category","embeddable":true,"href":"https:\/\/www.fuldaernachrichten.de\/index.php?rest_route=%2Fwp%2Fv2%2Fcategories&post=78510"},{"taxonomy":"post_tag","embeddable":true,"href":"https:\/\/www.fuldaernachrichten.de\/index.php?rest_route=%2Fwp%2Fv2%2Ftags&post=78510"}],"curies":[{"name":"wp","href":"https:\/\/api.w.org\/{rel}","templated":true}]}}