{"id":7851,"date":"2008-02-14T00:26:55","date_gmt":"2008-02-13T23:26:55","guid":{"rendered":"http:\/\/www.schoene-nachrichten.de\/?p=7851"},"modified":"2008-02-13T23:39:08","modified_gmt":"2008-02-13T22:39:08","slug":"katholische-jugend-gratuliert-erzbischof-dr-robert-zollitsch","status":"publish","type":"post","link":"https:\/\/www.fuldaernachrichten.de\/?p=7851","title":{"rendered":"Katholische Jugend gratuliert Erzbischof Dr. Robert Zollitsch"},"content":{"rendered":"<p><strong>Fulda.<\/strong> &#8220;Sie schickt der Himmel&#8221; &#8211; so gratuliert der Bund der Deutschen Katholischen Jugend (BDKJ) Erzbischof Dr. Robert Zollitsch zur Wahl als Vorsitzender der Deutschen Bischofskonferenz. &#8220;Der Erzbischof steht vor der Herausforderung, katholische Kirche in Deutschland zukunftsf\u00e4hig zu machen. Daf\u00fcr w\u00fcnschen wir ihm Kreativit\u00e4t, Ausdauer und Gottes Segen&#8221;, so der Di\u00f6zesanvorsitzender des BDKJ im Bistum Fulda Steffen Flicker. <!--more--><\/p>\n<p>Mit Zollitsch habe die Vollversammlung der Bischofskonferenz einen ausgleichenden und engagierten Bischof gew\u00e4hlt, der die kommenden Aufgaben mit Geschick und Weitsicht angehen werde. &#8220;Wir vertrauen darauf, da\u00df Erzbischof Zollitsch wie bislang ein offenes Ohr f\u00fcr die Anliegen junger Menschen und damit f\u00fcr die Zukunft von Kirche haben wird\u201c, betont Flicker.<\/p>\n<p>Einen Kurswechsel in der katholischen Kirche sieht der BDKJ nicht kommen: &#8220;Man darf das Amt nicht mit zu hohen Erwartungen \u00fcberfordern.&#8221; Auch wenn es jetzt j\u00fcngere Bisch\u00f6fe in Deutschland g\u00e4be, werde der so genannte Generationswechsel in seiner Wirkung \u00fcbersch\u00e4tzt. &#8220;Das biologische Alter sagt nur wenig \u00fcber die Richtung aus&#8221;, so der Di\u00f6zesanvorsitzende.<\/p>\n<p>Gerade, da in vielen Bist\u00fcmern gro\u00dfe Umstrukturierungsprozesse stattf\u00e4nden, stehe die Kirche vor richtungsweisenden Entscheidungen. &#8220;Kirche mu\u00df wissen, wo sie in Zukunft stehen will, sie mu\u00df Schwerpunkte setzen. Dabei spielt der Vorsitzende der Bischofskonferenz eine wichtige Rolle, er kann Zukunftsmacher sein.\u201c<\/p>\n","protected":false},"excerpt":{"rendered":"<div class=\"tmnf_excerpt\"><p>Fulda. &#8220;Sie schickt der Himmel&#8221; &#8211; so gratuliert der Bund der Deutschen Katholischen Jugend (BDKJ) Erzbischof Dr. Robert Zollitsch zur Wahl als Vorsitzender der Deutschen Bischofskonferenz. &#8220;Der Erzbischof steht vor der Herausforderung, katholische Kirche in Deutschland zukunftsf\u00e4hig zu machen. Daf\u00fcr w\u00fcnschen wir ihm Kreativit\u00e4t, Ausdauer und Gottes Segen&#8221;, so der Di\u00f6zesanvorsitzender des BDKJ im Bistum &hellip;<\/p>\n<\/div>","protected":false},"author":1,"featured_media":0,"comment_status":"closed","ping_status":"closed","sticky":false,"template":"","format":"standard","meta":{"footnotes":""},"categories":[1,50],"tags":[],"class_list":["post-7851","post","type-post","status-publish","format-standard","hentry","category-startseite","category-kirche"],"_links":{"self":[{"href":"https:\/\/www.fuldaernachrichten.de\/index.php?rest_route=\/wp\/v2\/posts\/7851","targetHints":{"allow":["GET"]}}],"collection":[{"href":"https:\/\/www.fuldaernachrichten.de\/index.php?rest_route=\/wp\/v2\/posts"}],"about":[{"href":"https:\/\/www.fuldaernachrichten.de\/index.php?rest_route=\/wp\/v2\/types\/post"}],"author":[{"embeddable":true,"href":"https:\/\/www.fuldaernachrichten.de\/index.php?rest_route=\/wp\/v2\/users\/1"}],"replies":[{"embeddable":true,"href":"https:\/\/www.fuldaernachrichten.de\/index.php?rest_route=%2Fwp%2Fv2%2Fcomments&post=7851"}],"version-history":[{"count":0,"href":"https:\/\/www.fuldaernachrichten.de\/index.php?rest_route=\/wp\/v2\/posts\/7851\/revisions"}],"wp:attachment":[{"href":"https:\/\/www.fuldaernachrichten.de\/index.php?rest_route=%2Fwp%2Fv2%2Fmedia&parent=7851"}],"wp:term":[{"taxonomy":"category","embeddable":true,"href":"https:\/\/www.fuldaernachrichten.de\/index.php?rest_route=%2Fwp%2Fv2%2Fcategories&post=7851"},{"taxonomy":"post_tag","embeddable":true,"href":"https:\/\/www.fuldaernachrichten.de\/index.php?rest_route=%2Fwp%2Fv2%2Ftags&post=7851"}],"curies":[{"name":"wp","href":"https:\/\/api.w.org\/{rel}","templated":true}]}}