{"id":7848,"date":"2008-02-14T00:36:31","date_gmt":"2008-02-13T23:36:31","guid":{"rendered":"http:\/\/www.schoene-nachrichten.de\/?p=7848"},"modified":"2008-02-13T23:37:02","modified_gmt":"2008-02-13T22:37:02","slug":"burkina-faso-macht-schule-ev-zieht-positive-bilanz","status":"publish","type":"post","link":"https:\/\/www.fuldaernachrichten.de\/?p=7848","title":{"rendered":"Burkina Faso macht Schule e.V. zieht positive Bilanz"},"content":{"rendered":"<p><strong><a href=\"http:\/\/www.schoene-nachrichten.de\/wp-content\/uploads\/2008\/02\/081213_bufamaschu-logo.jpg\" rel=\"lightbox[roadtrip]\" target=\"_blank\" title=\"081213_bufamaschu-logo.jpg\"><img decoding=\"async\" src=\"http:\/\/www.schoene-nachrichten.de\/wp-content\/uploads\/2008\/02\/081213_bufamaschu-logo.thumbnail.jpg\" alt=\"081213_bufamaschu-logo.jpg\" align=\"left\" hspace=\"5\" \/><\/a>Hosenfeld.<\/strong> \u201eObwohl wir gerade etwas mehr als ein halbes Jahr existieren, k\u00f6nnen wir schon beachtliche Erfolge verzeichnen, was mich pers\u00f6nlich sehr freut.\u201c Mit diesen Worten begr\u00fc\u00dfte Anja Listmann, erste Vorsitzende des Vereins \u201eBurkina Faso macht Schule e.V. &#8211; Bufamaschu\u201c die anwesenden Vereinsmitglieder, die zur ersten Jahreshauptversammlung des noch jungen Vereins in die Sieberzm\u00fchle nach Hosenfeld gekommen waren.<!--more--><\/p>\n<p>Nicht nur die Mitglieder, die aus der Region angereist waren, hatten gro\u00dfes Interesse daran, was seit der Vereinsgr\u00fcndung im Juli vergangenen Jahres passiert war. Auch Unterst\u00fctzer aus Emden und Stuttgart hatten den Weg zur Versammlung nicht gescheut, um \u00fcber die Arbeit, die Erfolge und die Planungen des bundesweit t\u00e4tigen Hosenfelder Vereins f\u00fcr das kommende Jahr informiert zu werden. So seien bereits 35 Patenschaften f\u00fcr Sch\u00fclerinnen und Sch\u00fcler in Burkina Faso mit Paten aus Deutschland abgeschlossen worden, erkl\u00e4rte Listmann.<\/p>\n<p>Mit den Geldern, die die Paten bezahlen, werde nicht nur das Schulgeld, sondern auch Nahrungsmittel f\u00fcr die Familie, Medikamente oder Schulmaterial bezahlt. Dies werde ganz individuell vom Partnerverein \u201eUn enfant une education\u201c vor Ort entschieden.<\/p>\n<p>Zu den weiteren Erfolgen der vergangenen Monate z\u00e4hlte die Vorsitzende den Versand eines Containers mit Hilfsg\u00fctern nach Burkina Faso. Ein Auto, N\u00e4hmaschinen, Fahrr\u00e4der, IT-Ger\u00e4te und Schulmaterial seien innerhalb weniger Wochen gesammelt, im Dezember verschifft und vor Kurzem in Ouagadougou, der Hauptstadt Burkina Fasos, vom Partnerverein in Empfang genommen worden.<\/p>\n<p>Die Sachen werden Mitte Februar im offiziellen Rahmen verteilt und f\u00fcr die Unterst\u00fctzung der Kinder und Ausstattung von Bildungseinrichtungen zweckgebunden eingesetzt. Erfreulich sei, dass die N\u00e4hmaschinen zum Ausbau von zwei Ausbildungszentren f\u00fcr N\u00e4herinnen genutzt werden.<\/p>\n<p>Die Erfolge der vergangenen Monate, so betonte Anja Listmann, seien ohne die Kooperation mit den Verantwortlichen des Partnervereins vor Ort nicht m\u00f6glich gewesen. Mit gro\u00dfem pers\u00f6nlichem Einsatz w\u00fcrde daf\u00fcr Sorge getragen, dass die Patenschaftsgelder und Spenden effektiv eingesetzt werden.<\/p>\n<p>Anhand einer multimedialen Pr\u00e4sentation mit zahlreichen Fotografien und statistischen Informationen zum Bildungssystem konnte den Vereinsmitgliedern ein kleiner Einblick in die Lebensumst\u00e4nde der Menschen in Burkina Faso und die Bildungssituation vermittelt werden.<\/p>\n<p>Als Aufgaben f\u00fcr die Zukunft wurden neben dem Bau eines M\u00e4dcheninternats und der Gewinnung weiterer Paten f\u00fcr Schulkinder und Mitglieder auch der Aufbau von Partnerschaften zwischen Kinderg\u00e4rten und Schulen in Deutschland und Burkina Faso genannt. Nicht allein materielle, sondern vielmehr auch ideelle Unterst\u00fctzung und das Zeigen von Verbundenheit st\u00fcnden im Mittelpunkt dieser Bestrebungen, denen man sich im kommenden Jahr intensiv widmen werde, so Anja Listmann in ihrem Bericht.<\/p>\n<p>Mehr Informationen zum Verein gibt es im Internet unter <a href=\"http:\/\/www.bufamaschu.de\" target=\"_blank\">www.bufamaschu.de<\/a> oder unter Tel.: 06669\/900988.<\/p>\n","protected":false},"excerpt":{"rendered":"<div class=\"tmnf_excerpt\"><p>Hosenfeld. \u201eObwohl wir gerade etwas mehr als ein halbes Jahr existieren, k\u00f6nnen wir schon beachtliche Erfolge verzeichnen, was mich pers\u00f6nlich sehr freut.\u201c Mit diesen Worten begr\u00fc\u00dfte Anja Listmann, erste Vorsitzende des Vereins \u201eBurkina Faso macht Schule e.V. &#8211; Bufamaschu\u201c die anwesenden Vereinsmitglieder, die zur ersten Jahreshauptversammlung des noch jungen Vereins in die Sieberzm\u00fchle nach Hosenfeld &hellip;<\/p>\n<\/div>","protected":false},"author":1,"featured_media":0,"comment_status":"closed","ping_status":"closed","sticky":false,"template":"","format":"standard","meta":{"footnotes":""},"categories":[1,44,29],"tags":[],"class_list":["post-7848","post","type-post","status-publish","format-standard","hentry","category-startseite","category-kultur","category-politik"],"_links":{"self":[{"href":"https:\/\/www.fuldaernachrichten.de\/index.php?rest_route=\/wp\/v2\/posts\/7848","targetHints":{"allow":["GET"]}}],"collection":[{"href":"https:\/\/www.fuldaernachrichten.de\/index.php?rest_route=\/wp\/v2\/posts"}],"about":[{"href":"https:\/\/www.fuldaernachrichten.de\/index.php?rest_route=\/wp\/v2\/types\/post"}],"author":[{"embeddable":true,"href":"https:\/\/www.fuldaernachrichten.de\/index.php?rest_route=\/wp\/v2\/users\/1"}],"replies":[{"embeddable":true,"href":"https:\/\/www.fuldaernachrichten.de\/index.php?rest_route=%2Fwp%2Fv2%2Fcomments&post=7848"}],"version-history":[{"count":0,"href":"https:\/\/www.fuldaernachrichten.de\/index.php?rest_route=\/wp\/v2\/posts\/7848\/revisions"}],"wp:attachment":[{"href":"https:\/\/www.fuldaernachrichten.de\/index.php?rest_route=%2Fwp%2Fv2%2Fmedia&parent=7848"}],"wp:term":[{"taxonomy":"category","embeddable":true,"href":"https:\/\/www.fuldaernachrichten.de\/index.php?rest_route=%2Fwp%2Fv2%2Fcategories&post=7848"},{"taxonomy":"post_tag","embeddable":true,"href":"https:\/\/www.fuldaernachrichten.de\/index.php?rest_route=%2Fwp%2Fv2%2Ftags&post=7848"}],"curies":[{"name":"wp","href":"https:\/\/api.w.org\/{rel}","templated":true}]}}