{"id":7839,"date":"2008-02-13T00:49:06","date_gmt":"2008-02-12T23:49:06","guid":{"rendered":"http:\/\/www.schoene-nachrichten.de\/?p=7839"},"modified":"2008-12-15T13:15:42","modified_gmt":"2008-12-15T12:15:42","slug":"neu-und-umfassender-der-statistische-bericht-der-stadt-fulda","status":"publish","type":"post","link":"https:\/\/www.fuldaernachrichten.de\/?p=7839","title":{"rendered":"Neu und umfassender &#8211; der &#8220;Statistische Bericht der Stadt Fulda\u201c"},"content":{"rendered":"<p><strong>Fulda.<\/strong> Ein neues Erscheinungsbild hat der aktuelle \u201eStatistische Bericht der Stadt Fulda\u201c bekommen. Neben dem neuen Titel ist das Zahlenwerk um eine Chronik bereichert worden. Die Fuldaer Momente aus den Jahren 2005 und 2006 findet der Leser auf zehn Seiten in Wort und Bild zusammengefasst. \u201eWir bewahren damit ein St\u00fcck Stadtgeschichte\u201c, erkl\u00e4rte Oberb\u00fcrgermeister Gerhard M\u00f6ller anl\u00e4sslich der gestrigen Vorstellung des Statistischen Berichts, der in Zukunft wieder im Zwei-Jahres-Vergleich erscheinen wird. Weitere Informationen gibt es im Video.<\/p>\n<p><strong>Fotos (3) und Video:<\/strong> Max Colin Heydenreich<\/p>\n<p><strong>Video ansehen mit:<\/strong> <a target=\"_blank\" href=\"http:\/\/www.schoene-nachrichten.de\/wp-content\/uploads\/2008\/02\/080213_Statistikbericht.wmv\">Windows Media Player<\/a> oder <a target=\"_blank\" href=\"http:\/\/www.schoene-nachrichten.de\/Video\/080213_Statistikbericht.rmvb\">Real Media Player<\/a><\/p>\n<p><a rel=\"lightbox[roadtrip]\" target=\"_blank\" href=\"http:\/\/www.schoene-nachrichten.de\/wp-content\/uploads\/2008\/02\/080213_stadt_03.jpg\" title=\"080213_stadt_03.jpg\"><img decoding=\"async\" src=\"http:\/\/www.schoene-nachrichten.de\/wp-content\/uploads\/2008\/02\/080213_stadt_03.thumbnail.jpg\" alt=\"080213_stadt_03.jpg\" \/><\/a>\u00c2\u00a0<a rel=\"lightbox[roadtrip]\" target=\"_blank\" href=\"http:\/\/www.schoene-nachrichten.de\/wp-content\/uploads\/2008\/02\/080213_stadt_01.jpg\" title=\"080213_stadt_01.jpg\"><img decoding=\"async\" src=\"http:\/\/www.schoene-nachrichten.de\/wp-content\/uploads\/2008\/02\/080213_stadt_01.thumbnail.jpg\" alt=\"080213_stadt_01.jpg\" \/><\/a>\u00c2\u00a0<a rel=\"lightbox[roadtrip]\" target=\"_blank\" href=\"http:\/\/www.schoene-nachrichten.de\/wp-content\/uploads\/2008\/02\/080213_stadt_02.jpg\" title=\"080213_stadt_02.jpg\"><img decoding=\"async\" src=\"http:\/\/www.schoene-nachrichten.de\/wp-content\/uploads\/2008\/02\/080213_stadt_02.thumbnail.jpg\" alt=\"080213_stadt_02.jpg\" \/><\/a>\u00c2\u00a0<\/p>\n","protected":false},"excerpt":{"rendered":"<div class=\"tmnf_excerpt\"><p>Fulda. Ein neues Erscheinungsbild hat der aktuelle \u201eStatistische Bericht der Stadt Fulda\u201c bekommen. Neben dem neuen Titel ist das Zahlenwerk um eine Chronik bereichert worden. Die Fuldaer Momente aus den Jahren 2005 und 2006 findet der Leser auf zehn Seiten in Wort und Bild zusammengefasst. \u201eWir bewahren damit ein St\u00fcck Stadtgeschichte\u201c, erkl\u00e4rte Oberb\u00fcrgermeister Gerhard M\u00f6ller &hellip;<\/p>\n<\/div>","protected":false},"author":1,"featured_media":0,"comment_status":"closed","ping_status":"closed","sticky":false,"template":"","format":"standard","meta":{"footnotes":""},"categories":[1,79,29],"tags":[],"class_list":["post-7839","post","type-post","status-publish","format-standard","hentry","category-startseite","category-kino","category-politik"],"_links":{"self":[{"href":"https:\/\/www.fuldaernachrichten.de\/index.php?rest_route=\/wp\/v2\/posts\/7839","targetHints":{"allow":["GET"]}}],"collection":[{"href":"https:\/\/www.fuldaernachrichten.de\/index.php?rest_route=\/wp\/v2\/posts"}],"about":[{"href":"https:\/\/www.fuldaernachrichten.de\/index.php?rest_route=\/wp\/v2\/types\/post"}],"author":[{"embeddable":true,"href":"https:\/\/www.fuldaernachrichten.de\/index.php?rest_route=\/wp\/v2\/users\/1"}],"replies":[{"embeddable":true,"href":"https:\/\/www.fuldaernachrichten.de\/index.php?rest_route=%2Fwp%2Fv2%2Fcomments&post=7839"}],"version-history":[{"count":1,"href":"https:\/\/www.fuldaernachrichten.de\/index.php?rest_route=\/wp\/v2\/posts\/7839\/revisions"}],"predecessor-version":[{"id":17482,"href":"https:\/\/www.fuldaernachrichten.de\/index.php?rest_route=\/wp\/v2\/posts\/7839\/revisions\/17482"}],"wp:attachment":[{"href":"https:\/\/www.fuldaernachrichten.de\/index.php?rest_route=%2Fwp%2Fv2%2Fmedia&parent=7839"}],"wp:term":[{"taxonomy":"category","embeddable":true,"href":"https:\/\/www.fuldaernachrichten.de\/index.php?rest_route=%2Fwp%2Fv2%2Fcategories&post=7839"},{"taxonomy":"post_tag","embeddable":true,"href":"https:\/\/www.fuldaernachrichten.de\/index.php?rest_route=%2Fwp%2Fv2%2Ftags&post=7839"}],"curies":[{"name":"wp","href":"https:\/\/api.w.org\/{rel}","templated":true}]}}