{"id":7835,"date":"2008-02-13T00:32:03","date_gmt":"2008-02-12T23:32:03","guid":{"rendered":"http:\/\/www.schoene-nachrichten.de\/?p=7835"},"modified":"2008-02-12T21:02:28","modified_gmt":"2008-02-12T20:02:28","slug":"wanderkalender-des-rhoenklub-ev-vorgestellt","status":"publish","type":"post","link":"https:\/\/www.fuldaernachrichten.de\/?p=7835","title":{"rendered":"Wanderkalender des Rh\u00f6nklub e.V. vorgestellt"},"content":{"rendered":"<p><strong><a rel=\"lightbox[roadtrip]\" target=\"_blank\" href=\"http:\/\/www.schoene-nachrichten.de\/wp-content\/uploads\/2008\/02\/080212_wanderkalender.jpg\" title=\"080212_wanderkalender.jpg\"><img decoding=\"async\" align=\"left\" src=\"http:\/\/www.schoene-nachrichten.de\/wp-content\/uploads\/2008\/02\/080212_wanderkalender.thumbnail.jpg\" hspace=\"5\" alt=\"080212_wanderkalender.jpg\" \/><\/a>Rh\u00f6n.<\/strong> Im Rh\u00f6n-Park-Hotel, einem Partner des Rh\u00f6nklubs beim Deutschen Wandertag, konnten der Hauptwanderwart Gerhard Sch\u00e4fer und Pr\u00e4sidentin Regina Rinke der Presse den Wanderkalender f\u00fcr das Wanderjahr 2008 vorstellen. Seit 2002 kann dank der Unterst\u00fctzung durch Inserenten dieses schmucke B\u00fcchlein erstellt und kostenlos an Interessenten abgegeben werden. Die vorhergehenden Wanderkalender waren nur einfache kopierte DIN A 4-Bl\u00e4tter.<!--more--><\/p>\n<p>Der in Buchform herausgegebene Kalender erfreut sich unter den Wanderern gro\u00dfer Beliebtheit, enth\u00e4lt er doch immerhin 53 gef\u00fchrte Wanderungen, die sich \u00fcber das gesamte Gebiet der Rh\u00f6n erstrecken. Unter den Wanderungen sind auch 7 Mehr-Tages-Touren. Im Angebot sind viele naturkundliche Wanderungen, aber auch kulturelle Touren und viele, die sich der sch\u00f6nen Rh\u00f6n-Landschaft widmen. Erfreulich ist die Tatsache, dass auch neu geschaffene Strecken, wie der Hochrh\u00f6ner und die 20 Extratouren\u00c2\u00a0 oder der Franziskusweg unter die F\u00fc\u00dfe genommen werden.<\/p>\n<p>Die meisten Vorschl\u00e4ge kommen wieder aus dem Saalegau, der insgesamt 19 Touren anbietet. Gefolgt wird er vom Fuldagau mit 14 Wanderungen. Die k\u00fcrzeste Tour ist nur 5 km lang, die l\u00e4ngste um die 20 km. Das Genuss-Wandern steht eindeutig im Vordergrund. Bei allen Touren geht es nicht um Meter und Sekunden, sondern um das Erleben der Heimat mit Bedacht. Im Innenteil des B\u00fcchleins ist eine Karte der Rh\u00f6n abgebildet, in welcher der Interessent alle Zweigvereine des Rh\u00f6nklubs und somit alle Treffpunkte finden kann.<\/p>\n<p>Im Vergleich zum letzten Jahr ist die Zahl der Wandervorschl\u00e4ge zwar etwas zur\u00fcckgegangen, das liegt aber an den mannigfaltigen Aktivit\u00e4ten, die durch den Deutschen Wandertag auf den Rh\u00f6nklub und seine Wanderf\u00fchrer zukommen. In der Zeit des Wandertages bietet der Rh\u00f6nklub seinen G\u00e4sten 93 Wandertouren an. Die ersten Anmeldungen sind schon eingegangen! Auskunft \u00fcber all die Angebote des Wandertages gibt das Programmheft, welches in 2. Auflage vorliegt. Es ist ebenso wie der neue Wanderkalender in der Gesch\u00e4ftsstelle des Rh\u00f6nklubs, Peterstor 7; 36037 Fulda, \u00ef\u20ac\u00a7 0661 \u2013 73488, aber auch in jeder Tourist-Information kostenlos erh\u00e4ltlich. Bei Versand durch die Post entstehen dem Empf\u00e4nger Versandkosten.<br \/>\n\u00c2\u00a0<\/p>\n","protected":false},"excerpt":{"rendered":"<div class=\"tmnf_excerpt\"><p>Rh\u00f6n. Im Rh\u00f6n-Park-Hotel, einem Partner des Rh\u00f6nklubs beim Deutschen Wandertag, konnten der Hauptwanderwart Gerhard Sch\u00e4fer und Pr\u00e4sidentin Regina Rinke der Presse den Wanderkalender f\u00fcr das Wanderjahr 2008 vorstellen. Seit 2002 kann dank der Unterst\u00fctzung durch Inserenten dieses schmucke B\u00fcchlein erstellt und kostenlos an Interessenten abgegeben werden. Die vorhergehenden Wanderkalender waren nur einfache kopierte DIN A &hellip;<\/p>\n<\/div>","protected":false},"author":1,"featured_media":0,"comment_status":"closed","ping_status":"closed","sticky":false,"template":"","format":"standard","meta":{"footnotes":""},"categories":[1],"tags":[],"class_list":["post-7835","post","type-post","status-publish","format-standard","hentry","category-startseite"],"_links":{"self":[{"href":"https:\/\/www.fuldaernachrichten.de\/index.php?rest_route=\/wp\/v2\/posts\/7835","targetHints":{"allow":["GET"]}}],"collection":[{"href":"https:\/\/www.fuldaernachrichten.de\/index.php?rest_route=\/wp\/v2\/posts"}],"about":[{"href":"https:\/\/www.fuldaernachrichten.de\/index.php?rest_route=\/wp\/v2\/types\/post"}],"author":[{"embeddable":true,"href":"https:\/\/www.fuldaernachrichten.de\/index.php?rest_route=\/wp\/v2\/users\/1"}],"replies":[{"embeddable":true,"href":"https:\/\/www.fuldaernachrichten.de\/index.php?rest_route=%2Fwp%2Fv2%2Fcomments&post=7835"}],"version-history":[{"count":0,"href":"https:\/\/www.fuldaernachrichten.de\/index.php?rest_route=\/wp\/v2\/posts\/7835\/revisions"}],"wp:attachment":[{"href":"https:\/\/www.fuldaernachrichten.de\/index.php?rest_route=%2Fwp%2Fv2%2Fmedia&parent=7835"}],"wp:term":[{"taxonomy":"category","embeddable":true,"href":"https:\/\/www.fuldaernachrichten.de\/index.php?rest_route=%2Fwp%2Fv2%2Fcategories&post=7835"},{"taxonomy":"post_tag","embeddable":true,"href":"https:\/\/www.fuldaernachrichten.de\/index.php?rest_route=%2Fwp%2Fv2%2Ftags&post=7835"}],"curies":[{"name":"wp","href":"https:\/\/api.w.org\/{rel}","templated":true}]}}