{"id":7834,"date":"2008-02-13T00:24:50","date_gmt":"2008-02-12T23:24:50","guid":{"rendered":"http:\/\/www.schoene-nachrichten.de\/?p=7834"},"modified":"2008-02-12T21:01:12","modified_gmt":"2008-02-12T20:01:12","slug":"pflege-von-demenzkranken-seminar-der-vhs","status":"publish","type":"post","link":"https:\/\/www.fuldaernachrichten.de\/?p=7834","title":{"rendered":"Pflege von Demenzkranken &#8211; Seminar der vhs"},"content":{"rendered":"<p><strong>Termin.<\/strong>\u00c2\u00a0Demenzerkrankungen stellen pflegende Angeh\u00f6rige vor gro\u00dfe Anforderungen. Das Wissen \u00fcber Krankheitsverlauf und den Umgang mit erkrankten alten Menschen, aber auch die Selbstpflege der Angeh\u00f6rigen stehen im Mittelpunkt einer Veranstaltung der Volkshochschule des Landkreises Fulda. Seminarbeginn ist am Donnerstag, dem 6. M\u00e4rz 2008, um 18 Uhr in Fulda, Georg-Stieler-Haus, Gallasiniring 1. Informationen und vorherige Anmeldungen bitte bei der vhs des Landkreises, Gallasiniring 30, 36043 Fulda, Tel. 0661\/25199-0, oder unter <a href=\"http:\/\/www.vhs-fulda.de\/\">www.vhs-fulda.de<\/a>.<\/p>\n","protected":false},"excerpt":{"rendered":"<div class=\"tmnf_excerpt\"><p>Termin.\u00c2\u00a0Demenzerkrankungen stellen pflegende Angeh\u00f6rige vor gro\u00dfe Anforderungen. Das Wissen \u00fcber Krankheitsverlauf und den Umgang mit erkrankten alten Menschen, aber auch die Selbstpflege der Angeh\u00f6rigen stehen im Mittelpunkt einer Veranstaltung der Volkshochschule des Landkreises Fulda. Seminarbeginn ist am Donnerstag, dem 6. M\u00e4rz 2008, um 18 Uhr in Fulda, Georg-Stieler-Haus, Gallasiniring 1. Informationen und vorherige Anmeldungen bitte &hellip;<\/p>\n<\/div>","protected":false},"author":1,"featured_media":0,"comment_status":"closed","ping_status":"closed","sticky":false,"template":"","format":"standard","meta":{"footnotes":""},"categories":[1],"tags":[],"class_list":["post-7834","post","type-post","status-publish","format-standard","hentry","category-startseite"],"_links":{"self":[{"href":"https:\/\/www.fuldaernachrichten.de\/index.php?rest_route=\/wp\/v2\/posts\/7834","targetHints":{"allow":["GET"]}}],"collection":[{"href":"https:\/\/www.fuldaernachrichten.de\/index.php?rest_route=\/wp\/v2\/posts"}],"about":[{"href":"https:\/\/www.fuldaernachrichten.de\/index.php?rest_route=\/wp\/v2\/types\/post"}],"author":[{"embeddable":true,"href":"https:\/\/www.fuldaernachrichten.de\/index.php?rest_route=\/wp\/v2\/users\/1"}],"replies":[{"embeddable":true,"href":"https:\/\/www.fuldaernachrichten.de\/index.php?rest_route=%2Fwp%2Fv2%2Fcomments&post=7834"}],"version-history":[{"count":0,"href":"https:\/\/www.fuldaernachrichten.de\/index.php?rest_route=\/wp\/v2\/posts\/7834\/revisions"}],"wp:attachment":[{"href":"https:\/\/www.fuldaernachrichten.de\/index.php?rest_route=%2Fwp%2Fv2%2Fmedia&parent=7834"}],"wp:term":[{"taxonomy":"category","embeddable":true,"href":"https:\/\/www.fuldaernachrichten.de\/index.php?rest_route=%2Fwp%2Fv2%2Fcategories&post=7834"},{"taxonomy":"post_tag","embeddable":true,"href":"https:\/\/www.fuldaernachrichten.de\/index.php?rest_route=%2Fwp%2Fv2%2Ftags&post=7834"}],"curies":[{"name":"wp","href":"https:\/\/api.w.org\/{rel}","templated":true}]}}