{"id":7832,"date":"2008-02-17T00:24:23","date_gmt":"2008-02-16T23:24:23","guid":{"rendered":"http:\/\/www.schoene-nachrichten.de\/?p=7832"},"modified":"2008-02-17T00:26:47","modified_gmt":"2008-02-16T23:26:47","slug":"wort-gottes-feier-in-der-stadtpfarrkirche-mariae-namen","status":"publish","type":"post","link":"https:\/\/www.fuldaernachrichten.de\/?p=7832","title":{"rendered":"Wort-Gottes-Feier in der Stadtpfarrkirche Mari\u00e4 Namen"},"content":{"rendered":"<p><strong>Termin.<\/strong> \u201eGott wendet uns sein Gesicht zu\u201c ist das Thema der Wort-Gottes-Feier mit Eucharistischem Segen am heutigen Sonntagabend, dem 17.02., um 18.00 Uhr in der Hanauer Stadtpfarrkirche Mari\u00e4 Namen, Theodor-Weidner-Platz\/Im Bangert, die in Verbindung mit der Katholischen Klinikseelsorge\u00c2\u00a0 gehalten wird. Gott ist mit uns in den Bedr\u00e4ngnissen des Lebens, das will dieser Gottesdienst in der Fastenzeit vermitteln, zu dem alle Interessierten eingeladen sind, besonders aber die Gl\u00e4ubigen, die f\u00fcr erkrankte Mitmenschen beten wollen, wie die Angeh\u00f6rigen der Gebetskette f\u00fcr die Kranken.<br \/>\n\u00c2\u00a0<\/p>\n","protected":false},"excerpt":{"rendered":"<div class=\"tmnf_excerpt\"><p>Termin. \u201eGott wendet uns sein Gesicht zu\u201c ist das Thema der Wort-Gottes-Feier mit Eucharistischem Segen am heutigen Sonntagabend, dem 17.02., um 18.00 Uhr in der Hanauer Stadtpfarrkirche Mari\u00e4 Namen, Theodor-Weidner-Platz\/Im Bangert, die in Verbindung mit der Katholischen Klinikseelsorge\u00c2\u00a0 gehalten wird. Gott ist mit uns in den Bedr\u00e4ngnissen des Lebens, das will dieser Gottesdienst in der &hellip;<\/p>\n<\/div>","protected":false},"author":1,"featured_media":0,"comment_status":"closed","ping_status":"closed","sticky":false,"template":"","format":"standard","meta":{"footnotes":""},"categories":[1,50],"tags":[],"class_list":["post-7832","post","type-post","status-publish","format-standard","hentry","category-startseite","category-kirche"],"_links":{"self":[{"href":"https:\/\/www.fuldaernachrichten.de\/index.php?rest_route=\/wp\/v2\/posts\/7832","targetHints":{"allow":["GET"]}}],"collection":[{"href":"https:\/\/www.fuldaernachrichten.de\/index.php?rest_route=\/wp\/v2\/posts"}],"about":[{"href":"https:\/\/www.fuldaernachrichten.de\/index.php?rest_route=\/wp\/v2\/types\/post"}],"author":[{"embeddable":true,"href":"https:\/\/www.fuldaernachrichten.de\/index.php?rest_route=\/wp\/v2\/users\/1"}],"replies":[{"embeddable":true,"href":"https:\/\/www.fuldaernachrichten.de\/index.php?rest_route=%2Fwp%2Fv2%2Fcomments&post=7832"}],"version-history":[{"count":0,"href":"https:\/\/www.fuldaernachrichten.de\/index.php?rest_route=\/wp\/v2\/posts\/7832\/revisions"}],"wp:attachment":[{"href":"https:\/\/www.fuldaernachrichten.de\/index.php?rest_route=%2Fwp%2Fv2%2Fmedia&parent=7832"}],"wp:term":[{"taxonomy":"category","embeddable":true,"href":"https:\/\/www.fuldaernachrichten.de\/index.php?rest_route=%2Fwp%2Fv2%2Fcategories&post=7832"},{"taxonomy":"post_tag","embeddable":true,"href":"https:\/\/www.fuldaernachrichten.de\/index.php?rest_route=%2Fwp%2Fv2%2Ftags&post=7832"}],"curies":[{"name":"wp","href":"https:\/\/api.w.org\/{rel}","templated":true}]}}