{"id":7831,"date":"2008-02-13T00:11:18","date_gmt":"2008-02-12T23:11:18","guid":{"rendered":"http:\/\/www.schoene-nachrichten.de\/?p=7831"},"modified":"2008-02-12T21:01:59","modified_gmt":"2008-02-12T20:01:59","slug":"konzert-der-egerlaender-in-poppenhausen","status":"publish","type":"post","link":"https:\/\/www.fuldaernachrichten.de\/?p=7831","title":{"rendered":"Konzert der Egerl\u00e4nder in Poppenhausen"},"content":{"rendered":"<p><strong>Termin.<\/strong> Nach dem ausverkauften Konzert der Original Kapelle Egerland in 2006 kommen die Egerl\u00e4nder nun erneut unter der Leitung von Edi Sagert nach Poppenhausen: Am 05.04.2008 um 19:30 Uhr im Von-Steinr\u00fcck-Haus Poppenhausen. <!--more--><\/p>\n<p>Die Original Kapelle Egerland hat sich der traditionellen Egerl\u00e4nder Musik verschrieben. Tradition hei\u00dft, Altes bewahren und Neues in altbew\u00e4hrter Weise hinzuzuf\u00fcgen. Immer wieder sind bekannte Melodien und neue \u201cOhrw\u00fcrmer\u00e2\u20ac\u009d in den Konzerten zu h\u00f6ren. Dies alles, im Hintergrund das Gef\u00fchl der Egerl\u00e4nder, ist der Garant f\u00fcr Egerl\u00e4nder Blasmusik mit Qualit\u00e4t.<\/p>\n<p>Es gibt noch einige Karten im Vorverkauf in der Tourist-Information f\u00fcr 10,00 EUR je Karte zu kaufen. Nutzen Sie die Gelegenheit &#8211; auch als sch\u00f6nes Geschenk zu Ostern<br \/>\n\u00c2\u00a0<\/p>\n","protected":false},"excerpt":{"rendered":"<div class=\"tmnf_excerpt\"><p>Termin. Nach dem ausverkauften Konzert der Original Kapelle Egerland in 2006 kommen die Egerl\u00e4nder nun erneut unter der Leitung von Edi Sagert nach Poppenhausen: Am 05.04.2008 um 19:30 Uhr im Von-Steinr\u00fcck-Haus Poppenhausen.<\/p>\n<\/div>","protected":false},"author":1,"featured_media":0,"comment_status":"closed","ping_status":"closed","sticky":false,"template":"","format":"standard","meta":{"footnotes":""},"categories":[1,44],"tags":[],"class_list":["post-7831","post","type-post","status-publish","format-standard","hentry","category-startseite","category-kultur"],"_links":{"self":[{"href":"https:\/\/www.fuldaernachrichten.de\/index.php?rest_route=\/wp\/v2\/posts\/7831","targetHints":{"allow":["GET"]}}],"collection":[{"href":"https:\/\/www.fuldaernachrichten.de\/index.php?rest_route=\/wp\/v2\/posts"}],"about":[{"href":"https:\/\/www.fuldaernachrichten.de\/index.php?rest_route=\/wp\/v2\/types\/post"}],"author":[{"embeddable":true,"href":"https:\/\/www.fuldaernachrichten.de\/index.php?rest_route=\/wp\/v2\/users\/1"}],"replies":[{"embeddable":true,"href":"https:\/\/www.fuldaernachrichten.de\/index.php?rest_route=%2Fwp%2Fv2%2Fcomments&post=7831"}],"version-history":[{"count":0,"href":"https:\/\/www.fuldaernachrichten.de\/index.php?rest_route=\/wp\/v2\/posts\/7831\/revisions"}],"wp:attachment":[{"href":"https:\/\/www.fuldaernachrichten.de\/index.php?rest_route=%2Fwp%2Fv2%2Fmedia&parent=7831"}],"wp:term":[{"taxonomy":"category","embeddable":true,"href":"https:\/\/www.fuldaernachrichten.de\/index.php?rest_route=%2Fwp%2Fv2%2Fcategories&post=7831"},{"taxonomy":"post_tag","embeddable":true,"href":"https:\/\/www.fuldaernachrichten.de\/index.php?rest_route=%2Fwp%2Fv2%2Ftags&post=7831"}],"curies":[{"name":"wp","href":"https:\/\/api.w.org\/{rel}","templated":true}]}}