{"id":7829,"date":"2008-02-12T19:43:29","date_gmt":"2008-02-12T18:43:29","guid":{"rendered":"http:\/\/www.schoene-nachrichten.de\/?p=7829"},"modified":"2008-02-12T19:43:29","modified_gmt":"2008-02-12T18:43:29","slug":"kab-hofft-auf-kontinuitaet-bei-deutscher-bischofskonferenz","status":"publish","type":"post","link":"https:\/\/www.fuldaernachrichten.de\/?p=7829","title":{"rendered":"KAB hofft auf Kontinuit\u00e4t bei Deutscher Bischofskonferenz"},"content":{"rendered":"<p><strong>Fulda.<\/strong> Die Katholische Arbeitnehmer-Bewegung (KAB) Di\u00f6zesanverband Fulda gratuliert dem Freiburger Erzbischof Dr. Robert Zollitsch zur Wahl zum Vorsitzenden der Deutschen Bischofskonferenz. \u201eMit der Wahl von Erzbischof Zollitsch auf der Fr\u00fchjahrsvollversammlung der Bisch\u00f6fe in W\u00fcrzburg wurde ein Gottesmann an die Spitze der Deutschen Bischofskonferenz gew\u00e4hlt, der wie kaum ein anderer die personellen N\u00f6te und finanziellen Sorgen in den Pfarrgemeinden und der Seelsorge vor Ort kennt\u201c, erkl\u00e4rte Di\u00f6zesanpr\u00e4ses Pfr. Christian Sack. <!--more--><\/p>\n<p>Sack sieht in der Wahl des 69-j\u00e4hrigen Freiburger Erzbischofs ein wichtiges Zeichen der deutschen Bisch\u00f6fe, um wichtige und dringende Antworten auf die sozialen und gesellschaftlichen Herausforderungen in Deutschland und dem \u00f6kumenischen Dialog zu finden.<\/p>\n<p>Der Di\u00f6zesanpr\u00e4ses begr\u00fc\u00dfte Zollitsch Erkl\u00e4rung nach seiner Wahl, dass sich die Kirche st\u00e4rker ihrer gesellschaftspolitischen Verantwortung stellen will. \u201eMit der Wahl Zollitsch haben die Bisch\u00f6fe ein deutliches Signal den Menschen in Deutschland und den Katholiken im Besonderen gegeben, dass die erfolgreichen Bem\u00fchungen seines Vorg\u00e4ngers Karl Kardinal Lehmanns in Bezug auf den Zusammenhalt der deutschen Katholiken fortgesetzt werden und das Miteinander mit den anderen christlichen Kirchen und religi\u00f6sen Gemeinschaften eine fruchtbare Weiterentwicklung erf\u00e4hrt\u201c, so Sack. Zollitsch selbst hatte nach seiner Wahl erkl\u00e4rt, er wolle Br\u00fccken bauen, speziell in der \u00f6kumenischen Bewegung. (Michael Schmitt)<\/p>\n","protected":false},"excerpt":{"rendered":"<div class=\"tmnf_excerpt\"><p>Fulda. Die Katholische Arbeitnehmer-Bewegung (KAB) Di\u00f6zesanverband Fulda gratuliert dem Freiburger Erzbischof Dr. Robert Zollitsch zur Wahl zum Vorsitzenden der Deutschen Bischofskonferenz. \u201eMit der Wahl von Erzbischof Zollitsch auf der Fr\u00fchjahrsvollversammlung der Bisch\u00f6fe in W\u00fcrzburg wurde ein Gottesmann an die Spitze der Deutschen Bischofskonferenz gew\u00e4hlt, der wie kaum ein anderer die personellen N\u00f6te und finanziellen Sorgen &hellip;<\/p>\n<\/div>","protected":false},"author":1,"featured_media":0,"comment_status":"closed","ping_status":"closed","sticky":false,"template":"","format":"standard","meta":{"footnotes":""},"categories":[1,50],"tags":[],"class_list":["post-7829","post","type-post","status-publish","format-standard","hentry","category-startseite","category-kirche"],"_links":{"self":[{"href":"https:\/\/www.fuldaernachrichten.de\/index.php?rest_route=\/wp\/v2\/posts\/7829","targetHints":{"allow":["GET"]}}],"collection":[{"href":"https:\/\/www.fuldaernachrichten.de\/index.php?rest_route=\/wp\/v2\/posts"}],"about":[{"href":"https:\/\/www.fuldaernachrichten.de\/index.php?rest_route=\/wp\/v2\/types\/post"}],"author":[{"embeddable":true,"href":"https:\/\/www.fuldaernachrichten.de\/index.php?rest_route=\/wp\/v2\/users\/1"}],"replies":[{"embeddable":true,"href":"https:\/\/www.fuldaernachrichten.de\/index.php?rest_route=%2Fwp%2Fv2%2Fcomments&post=7829"}],"version-history":[{"count":0,"href":"https:\/\/www.fuldaernachrichten.de\/index.php?rest_route=\/wp\/v2\/posts\/7829\/revisions"}],"wp:attachment":[{"href":"https:\/\/www.fuldaernachrichten.de\/index.php?rest_route=%2Fwp%2Fv2%2Fmedia&parent=7829"}],"wp:term":[{"taxonomy":"category","embeddable":true,"href":"https:\/\/www.fuldaernachrichten.de\/index.php?rest_route=%2Fwp%2Fv2%2Fcategories&post=7829"},{"taxonomy":"post_tag","embeddable":true,"href":"https:\/\/www.fuldaernachrichten.de\/index.php?rest_route=%2Fwp%2Fv2%2Ftags&post=7829"}],"curies":[{"name":"wp","href":"https:\/\/api.w.org\/{rel}","templated":true}]}}