{"id":7828,"date":"2008-02-12T19:42:25","date_gmt":"2008-02-12T18:42:25","guid":{"rendered":"http:\/\/www.schoene-nachrichten.de\/?p=7828"},"modified":"2008-02-12T19:42:25","modified_gmt":"2008-02-12T18:42:25","slug":"bischof-algermissen-ueber-neuen-vorsitzenden-der-deutschen-bischofskonferenz","status":"publish","type":"post","link":"https:\/\/www.fuldaernachrichten.de\/?p=7828","title":{"rendered":"Bischof Algermissen \u00fcber neuen Vorsitzenden der Deutschen Bischofskonferenz"},"content":{"rendered":"<p><strong>Fulda.<\/strong> Der Fuldaer Bischof Heinz Josef Algermissen \u00e4u\u00dfert sich \u00fcber den heute auf der Fr\u00fchjahrsvollversammlung in W\u00fcrzburg neugew\u00e4hlten Vorsitzenden der Deutschen Bischofskonferenz, den Freiburger Erzbischof Dr. Robert Zollitsch (69): \u201eIch bin sehr zufrieden und sehr froh, weil ich wei\u00df, da\u00df mit Erzbischof Zollitsch die Wahl auf einen Mann gefallen ist, der nicht nur ein hochkompetenter Theologe und guter Moderator, sondern auch ein erfahrener Seelsorger und tief geistlicher Mensch ist. Er wird dieses Amt mit gro\u00dfer Umsicht und Besonnenheit wahrnehmen und eine deutliche Stimme der katholischen Kirche in die Gesellschaft hinein sein.\u201c<br \/>\n\u00c2\u00a0<\/p>\n","protected":false},"excerpt":{"rendered":"<div class=\"tmnf_excerpt\"><p>Fulda. Der Fuldaer Bischof Heinz Josef Algermissen \u00e4u\u00dfert sich \u00fcber den heute auf der Fr\u00fchjahrsvollversammlung in W\u00fcrzburg neugew\u00e4hlten Vorsitzenden der Deutschen Bischofskonferenz, den Freiburger Erzbischof Dr. Robert Zollitsch (69): \u201eIch bin sehr zufrieden und sehr froh, weil ich wei\u00df, da\u00df mit Erzbischof Zollitsch die Wahl auf einen Mann gefallen ist, der nicht nur ein hochkompetenter &hellip;<\/p>\n<\/div>","protected":false},"author":1,"featured_media":0,"comment_status":"closed","ping_status":"closed","sticky":false,"template":"","format":"standard","meta":{"footnotes":""},"categories":[1,50],"tags":[],"class_list":["post-7828","post","type-post","status-publish","format-standard","hentry","category-startseite","category-kirche"],"_links":{"self":[{"href":"https:\/\/www.fuldaernachrichten.de\/index.php?rest_route=\/wp\/v2\/posts\/7828","targetHints":{"allow":["GET"]}}],"collection":[{"href":"https:\/\/www.fuldaernachrichten.de\/index.php?rest_route=\/wp\/v2\/posts"}],"about":[{"href":"https:\/\/www.fuldaernachrichten.de\/index.php?rest_route=\/wp\/v2\/types\/post"}],"author":[{"embeddable":true,"href":"https:\/\/www.fuldaernachrichten.de\/index.php?rest_route=\/wp\/v2\/users\/1"}],"replies":[{"embeddable":true,"href":"https:\/\/www.fuldaernachrichten.de\/index.php?rest_route=%2Fwp%2Fv2%2Fcomments&post=7828"}],"version-history":[{"count":0,"href":"https:\/\/www.fuldaernachrichten.de\/index.php?rest_route=\/wp\/v2\/posts\/7828\/revisions"}],"wp:attachment":[{"href":"https:\/\/www.fuldaernachrichten.de\/index.php?rest_route=%2Fwp%2Fv2%2Fmedia&parent=7828"}],"wp:term":[{"taxonomy":"category","embeddable":true,"href":"https:\/\/www.fuldaernachrichten.de\/index.php?rest_route=%2Fwp%2Fv2%2Fcategories&post=7828"},{"taxonomy":"post_tag","embeddable":true,"href":"https:\/\/www.fuldaernachrichten.de\/index.php?rest_route=%2Fwp%2Fv2%2Ftags&post=7828"}],"curies":[{"name":"wp","href":"https:\/\/api.w.org\/{rel}","templated":true}]}}