{"id":7817,"date":"2008-02-12T00:23:42","date_gmt":"2008-02-11T23:23:42","guid":{"rendered":"http:\/\/www.schoene-nachrichten.de\/?p=7817"},"modified":"2008-02-11T23:37:36","modified_gmt":"2008-02-11T22:37:36","slug":"achtung-sperrung-der-nonnengasse-am-kommenden-freitag","status":"publish","type":"post","link":"https:\/\/www.fuldaernachrichten.de\/?p=7817","title":{"rendered":"Achtung: Sperrung der Nonnengasse am kommenden Freitag"},"content":{"rendered":"<p><strong>Fulda.<\/strong> Am Freitag, 15. Februar 2008 muss die Nonnengasse und die Stra\u00dfe Unterm Heilig Kreuz in H\u00f6he der Stadtpfarrkirche aufgrund von Kranarbeiten voll gesperrt werden. Die Schwerbehinderten-Parkpl\u00e4tze stehen daher an diesem Tag nicht zur Verf\u00fcgung. Die Zufahrt zur Schulstra\u00dfe erfolgt \u00fcber die Nonnengasse von der Schlossstra\u00dfe kommend.<\/p>\n","protected":false},"excerpt":{"rendered":"<div class=\"tmnf_excerpt\"><p>Fulda. Am Freitag, 15. Februar 2008 muss die Nonnengasse und die Stra\u00dfe Unterm Heilig Kreuz in H\u00f6he der Stadtpfarrkirche aufgrund von Kranarbeiten voll gesperrt werden. Die Schwerbehinderten-Parkpl\u00e4tze stehen daher an diesem Tag nicht zur Verf\u00fcgung. Die Zufahrt zur Schulstra\u00dfe erfolgt \u00fcber die Nonnengasse von der Schlossstra\u00dfe kommend.<\/p>\n<\/div>","protected":false},"author":1,"featured_media":0,"comment_status":"closed","ping_status":"closed","sticky":false,"template":"","format":"standard","meta":{"footnotes":""},"categories":[1],"tags":[],"class_list":["post-7817","post","type-post","status-publish","format-standard","hentry","category-startseite"],"_links":{"self":[{"href":"https:\/\/www.fuldaernachrichten.de\/index.php?rest_route=\/wp\/v2\/posts\/7817","targetHints":{"allow":["GET"]}}],"collection":[{"href":"https:\/\/www.fuldaernachrichten.de\/index.php?rest_route=\/wp\/v2\/posts"}],"about":[{"href":"https:\/\/www.fuldaernachrichten.de\/index.php?rest_route=\/wp\/v2\/types\/post"}],"author":[{"embeddable":true,"href":"https:\/\/www.fuldaernachrichten.de\/index.php?rest_route=\/wp\/v2\/users\/1"}],"replies":[{"embeddable":true,"href":"https:\/\/www.fuldaernachrichten.de\/index.php?rest_route=%2Fwp%2Fv2%2Fcomments&post=7817"}],"version-history":[{"count":0,"href":"https:\/\/www.fuldaernachrichten.de\/index.php?rest_route=\/wp\/v2\/posts\/7817\/revisions"}],"wp:attachment":[{"href":"https:\/\/www.fuldaernachrichten.de\/index.php?rest_route=%2Fwp%2Fv2%2Fmedia&parent=7817"}],"wp:term":[{"taxonomy":"category","embeddable":true,"href":"https:\/\/www.fuldaernachrichten.de\/index.php?rest_route=%2Fwp%2Fv2%2Fcategories&post=7817"},{"taxonomy":"post_tag","embeddable":true,"href":"https:\/\/www.fuldaernachrichten.de\/index.php?rest_route=%2Fwp%2Fv2%2Ftags&post=7817"}],"curies":[{"name":"wp","href":"https:\/\/api.w.org\/{rel}","templated":true}]}}