{"id":78096,"date":"2010-12-06T12:23:05","date_gmt":"2010-12-06T11:23:05","guid":{"rendered":"http:\/\/www.fuldaer-nachrichten.de\/?p=78096"},"modified":"2010-12-06T12:23:05","modified_gmt":"2010-12-06T11:23:05","slug":"kreisjugendfeuerwehr-fulda-gewinnt-hessischen-feuerwehrpreis-2010","status":"publish","type":"post","link":"https:\/\/www.fuldaernachrichten.de\/?p=78096","title":{"rendered":"Kreisjugendfeuerwehr Fulda gewinnt Hessischen Feuerwehrpreis 2010"},"content":{"rendered":"<p><strong><a href=\"http:\/\/www.fuldaer-nachrichten.de\/wp-content\/uploads\/2010\/12\/101206_Feuerwehrpreis_004.jpg\"><img decoding=\"async\" class=\"alignleft size-thumbnail wp-image-78097\" title=\"101206_Feuerwehrpreis_004\" src=\"http:\/\/www.fuldaer-nachrichten.de\/wp-content\/uploads\/2010\/12\/101206_Feuerwehrpreis_004-265x176.jpg\" alt=\"\" width=\"265\" height=\"176\" srcset=\"https:\/\/www.fuldaernachrichten.de\/wp-content\/uploads\/2010\/12\/101206_Feuerwehrpreis_004-265x176.jpg 265w, https:\/\/www.fuldaernachrichten.de\/wp-content\/uploads\/2010\/12\/101206_Feuerwehrpreis_004.jpg 592w\" sizes=\"(max-width: 265px) 100vw, 265px\" \/><\/a>Frankfurt.<\/strong> Die Kreisjugendfeuerwehr Fulda hat den 1. Platz des Hessischen Feuerwehrpreises erreicht. Sie \u00fcberzeugte die Jury mit ihrem Projekt \u201eMotivationswettbewerb &#8211; Jugendfeuerwehr des Jahres&#8221;, einem klugen Anreiz-System zur Werbung neuer Feuer\u00c2\u00adwehrmitglieder. Auf Platz zwei schaffte es die Freiwillige Feuerweh\u00c2\u00adren Bad Arolsen, die bei der Nachwuchsgewinnung auf die intensi\u00c2\u00adve Zusammenarbeit mit dem Ausl\u00e4nderbeirat setzt. Platz drei ging an die Feuerwehren der Stadt Wolfhagen f\u00fcr ihr Filmprojekt \u201eNachts, wenn alles schl\u00e4ft&#8221;.<!--more--><\/p>\n<p>Der mit insgesamt 5.000 Euro dotierte Preis wurde 2009 von der Sparda-Bank Hessen in Kooperation mit dem Landesfeuerwehrverband Hessen ins Leben gerufen und am Freitag, 3. Dezember 2010, zum zweiten Mal in der Sparda-Bank im Frankfurter Europaviertel ver\u00c2\u00adgeben. \u201eMit dem Hessischen Feuerwehrpreis und mit einer ec-Karte im Feuerwehr-Design wollen wir unsere Anerkennung f\u00fcr die wert\u00c2\u00advolle Arbeit der Freiwilligen Feuerwehren in Hessen ausdr\u00fccken&#8221;, sagte J\u00fcrgen Weber, Vorsitzender des Vorstandes der Sparda-Bank Hessen, in seiner Rede vor rund 100 G\u00e4sten aus Politik, Ge\u00c2\u00adsellschaft und dem Feuerwehrwesen.<\/p>\n<p><strong> <\/strong><\/p>\n<p><strong>Ehrung durch Staatsminister Rhein<\/strong><\/p>\n<p>Boris Rhein, Hessischer Minister des Innern und f\u00fcr Sport, ehrte die Gewinner. Er sagte: \u201eDer Hessische Feuerwehrpreis ist eine au\u00dfer\u00c2\u00adgew\u00f6hnliche Auszeichnung f\u00fcr besondere Leistungen innerhalb der Freiwilligen Feuerwehren. In diesem Jahr wurden Preistr\u00e4ger aus\u00c2\u00adgew\u00e4hlt, die sich besonders um die Nachwuchsgewinnung verdient gemacht haben. Die Werbung von Frauen f\u00fcr die Feuerwehren und gerade auch die Werbung um junge Menschen mit Migrationshin\u00c2\u00adtergrund ist dabei zurecht ins Zentrum ger\u00fcckt.&#8221;<\/p>\n<p><strong> <\/strong><\/p>\n<p><strong>Sonderpreis<\/strong><\/p>\n<p>Einen Sonderpreis in H\u00f6he von 1.000 Euro vergab die Jury 2010 f\u00fcr eine besonders erfolgreiche Feuerwehr bei der Werbung von weib\u00c2\u00adlichen Mitgliedern. Unter dem Motto \u201eFrauen an den Brandherd&#8221; schaffte es die Freiwillige Feuerwehr Rothenberg-Kortelsh\u00fctte mit Wehrf\u00fchrerin Anja Hinrichs, eine Frauenquote von 27,3 Prozent zu erreichen.<\/p>\n<p><strong>Kompetente Jury<\/strong><\/p>\n<p>Die Jury des Hessischen Feuerwehrpreises 2010 besteht aus Dr. h.c. Ralf Ackermann (Pr\u00e4sident des Landesfeuerwehrverbandes Hessen), Harald Popp (Gesch\u00e4ftsf\u00fchrer des Landesfeuerwehrver\u00c2\u00adbandes Hessen), Hans-J\u00fcrgen Kohnert (Pressesprecher der Branddirektion in Frankfurt), Holger Sch\u00f6nfeld (Medienreferent im Landesfeuerwehrverband Hessen), Karin Plehnert-Helmke (Bundesfrauensprecherin des Deutschen Feuerwehrverbandes), Minis\u00c2\u00adterialdirigent Gunnar Milberg (Leiter der Abteilung f\u00fcr Brand- und Katastrophenschutz, Verteidigungswesen im Hessischen Innenmi\u00c2\u00adnisterium) und Peter Hoffmann (Direktor Unternehmenskommuni\u00c2\u00adkation der Sparda-Bank Hessen).<\/p>\n<p><strong> <\/strong><\/p>\n<p><strong>Die Preise 2010 in der \u00dcbersicht:<\/strong><\/p>\n<ul>\n<li>1. Platz: Kreisjugendfeuerwehr Fulda. Ausgezeichnete Idee: \u201eMotivationswettbewerb &#8211; Jugendfeuerwehr des Jahres&#8221; (2.500 Euro)<\/li>\n<li>2. Platz: Freiwillige Feuerwehr Bad Arolsen. Ausgezeichnete Idee: Einbeziehung des Ausl\u00e4nderbeirates f\u00fcr die Mitgliedergewinnung (1.500 Euro)<\/li>\n<li>3. Platz: Feuerwehren der Stadt Wolfhagen. Ausgezeichnete\u00c2\u00a0\u00c2\u00a0 Idee:\u00c2\u00a0\u00c2\u00a0 Filmprojekt\u00c2\u00a0 \u201eNachts,\u00c2\u00a0 wenn\u00c2\u00a0 alles\u00c2\u00a0 schl\u00e4ft&#8221; (1.000 Euro)<\/li>\n<li>Sonderpreis: Freiwillige Feuerwehr Rothenberg-Kortelsh\u00fctte, aus\u00c2\u00adgezeichnet f\u00fcr \u201eVorbildliche Erfolge bei der Gewinnung von Frauen f\u00fcr die Feuerwehr&#8221; (1.000 Euro).<\/li>\n<\/ul>\n<p>Info: Weitere Details zum Hessischen Feuerwehrpreis erhalten Sie unter<a href=\"http:\/\/www.hessischer-feuerwehrpreis.de\" target=\"_blank\"> www.hessischer-feuerwehrpreis.de<\/a>.<\/p>\n\n\t\t<style type=\"text\/css\">\n\t\t\t#gallery-1 {\n\t\t\t\tmargin: auto;\n\t\t\t}\n\t\t\t#gallery-1 .gallery-item {\n\t\t\t\tfloat: left;\n\t\t\t\tmargin-top: 10px;\n\t\t\t\ttext-align: center;\n\t\t\t\twidth: 50%;\n\t\t\t}\n\t\t\t#gallery-1 img {\n\t\t\t\tborder: 2px solid #cfcfcf;\n\t\t\t}\n\t\t\t#gallery-1 .gallery-caption {\n\t\t\t\tmargin-left: 0;\n\t\t\t}\n\t\t\t\/* see gallery_shortcode() in wp-includes\/media.php *\/\n\t\t<\/style>\n\t\t<div id='gallery-1' class='gallery galleryid-78096 gallery-columns-2 gallery-size-thumbnail'><dl class='gallery-item'>\n\t\t\t<dt class='gallery-icon landscape'>\n\t\t\t\t<a href='https:\/\/www.fuldaernachrichten.de\/wp-content\/uploads\/2010\/12\/101206_Feuerwehrpreis_004.jpg'><img decoding=\"async\" width=\"150\" height=\"100\" src=\"https:\/\/www.fuldaernachrichten.de\/wp-content\/uploads\/2010\/12\/101206_Feuerwehrpreis_004-265x176.jpg\" class=\"attachment-thumbnail size-thumbnail\" alt=\"\" srcset=\"https:\/\/www.fuldaernachrichten.de\/wp-content\/uploads\/2010\/12\/101206_Feuerwehrpreis_004-265x176.jpg 265w, https:\/\/www.fuldaernachrichten.de\/wp-content\/uploads\/2010\/12\/101206_Feuerwehrpreis_004.jpg 592w\" sizes=\"(max-width: 150px) 100vw, 150px\" \/><\/a>\n\t\t\t<\/dt><\/dl><dl class='gallery-item'>\n\t\t\t<dt class='gallery-icon landscape'>\n\t\t\t\t<a href='https:\/\/www.fuldaernachrichten.de\/wp-content\/uploads\/2010\/12\/101206_Feuerwehrpreis_001.jpg'><img decoding=\"async\" width=\"150\" height=\"100\" src=\"https:\/\/www.fuldaernachrichten.de\/wp-content\/uploads\/2010\/12\/101206_Feuerwehrpreis_001-265x176.jpg\" class=\"attachment-thumbnail size-thumbnail\" alt=\"\" srcset=\"https:\/\/www.fuldaernachrichten.de\/wp-content\/uploads\/2010\/12\/101206_Feuerwehrpreis_001-265x176.jpg 265w, https:\/\/www.fuldaernachrichten.de\/wp-content\/uploads\/2010\/12\/101206_Feuerwehrpreis_001.jpg 592w\" sizes=\"(max-width: 150px) 100vw, 150px\" \/><\/a>\n\t\t\t<\/dt><\/dl><br style=\"clear: both\" \/><dl class='gallery-item'>\n\t\t\t<dt class='gallery-icon landscape'>\n\t\t\t\t<a href='https:\/\/www.fuldaernachrichten.de\/wp-content\/uploads\/2010\/12\/101206_Feuerwehrpreis_002.jpg'><img loading=\"lazy\" decoding=\"async\" width=\"150\" height=\"100\" src=\"https:\/\/www.fuldaernachrichten.de\/wp-content\/uploads\/2010\/12\/101206_Feuerwehrpreis_002-265x176.jpg\" class=\"attachment-thumbnail size-thumbnail\" alt=\"\" srcset=\"https:\/\/www.fuldaernachrichten.de\/wp-content\/uploads\/2010\/12\/101206_Feuerwehrpreis_002-265x176.jpg 265w, https:\/\/www.fuldaernachrichten.de\/wp-content\/uploads\/2010\/12\/101206_Feuerwehrpreis_002.jpg 592w\" sizes=\"(max-width: 150px) 100vw, 150px\" \/><\/a>\n\t\t\t<\/dt><\/dl><dl class='gallery-item'>\n\t\t\t<dt class='gallery-icon landscape'>\n\t\t\t\t<a href='https:\/\/www.fuldaernachrichten.de\/wp-content\/uploads\/2010\/12\/101206_Feuerwehrpreis_003.jpg'><img loading=\"lazy\" decoding=\"async\" width=\"150\" height=\"100\" src=\"https:\/\/www.fuldaernachrichten.de\/wp-content\/uploads\/2010\/12\/101206_Feuerwehrpreis_003-265x176.jpg\" class=\"attachment-thumbnail size-thumbnail\" alt=\"\" srcset=\"https:\/\/www.fuldaernachrichten.de\/wp-content\/uploads\/2010\/12\/101206_Feuerwehrpreis_003-265x176.jpg 265w, https:\/\/www.fuldaernachrichten.de\/wp-content\/uploads\/2010\/12\/101206_Feuerwehrpreis_003.jpg 592w\" sizes=\"(max-width: 150px) 100vw, 150px\" \/><\/a>\n\t\t\t<\/dt><\/dl><br style=\"clear: both\" \/><dl class='gallery-item'>\n\t\t\t<dt class='gallery-icon landscape'>\n\t\t\t\t<a href='https:\/\/www.fuldaernachrichten.de\/wp-content\/uploads\/2010\/12\/101206_Feuerwehrpreis_0041.jpg'><img loading=\"lazy\" decoding=\"async\" width=\"150\" height=\"100\" src=\"https:\/\/www.fuldaernachrichten.de\/wp-content\/uploads\/2010\/12\/101206_Feuerwehrpreis_0041-265x176.jpg\" class=\"attachment-thumbnail size-thumbnail\" alt=\"\" srcset=\"https:\/\/www.fuldaernachrichten.de\/wp-content\/uploads\/2010\/12\/101206_Feuerwehrpreis_0041-265x176.jpg 265w, https:\/\/www.fuldaernachrichten.de\/wp-content\/uploads\/2010\/12\/101206_Feuerwehrpreis_0041.jpg 592w\" sizes=\"(max-width: 150px) 100vw, 150px\" \/><\/a>\n\t\t\t<\/dt><\/dl><dl class='gallery-item'>\n\t\t\t<dt class='gallery-icon landscape'>\n\t\t\t\t<a href='https:\/\/www.fuldaernachrichten.de\/wp-content\/uploads\/2010\/12\/101206_Feuerwehrpreis_005.jpg'><img loading=\"lazy\" decoding=\"async\" width=\"150\" height=\"100\" src=\"https:\/\/www.fuldaernachrichten.de\/wp-content\/uploads\/2010\/12\/101206_Feuerwehrpreis_005-265x176.jpg\" class=\"attachment-thumbnail size-thumbnail\" alt=\"\" srcset=\"https:\/\/www.fuldaernachrichten.de\/wp-content\/uploads\/2010\/12\/101206_Feuerwehrpreis_005-265x176.jpg 265w, https:\/\/www.fuldaernachrichten.de\/wp-content\/uploads\/2010\/12\/101206_Feuerwehrpreis_005.jpg 592w\" sizes=\"(max-width: 150px) 100vw, 150px\" \/><\/a>\n\t\t\t<\/dt><\/dl><br style=\"clear: both\" \/><dl class='gallery-item'>\n\t\t\t<dt class='gallery-icon landscape'>\n\t\t\t\t<a href='https:\/\/www.fuldaernachrichten.de\/wp-content\/uploads\/2010\/12\/101206_Feuerwehrpreis_006.jpg'><img loading=\"lazy\" decoding=\"async\" width=\"150\" height=\"100\" src=\"https:\/\/www.fuldaernachrichten.de\/wp-content\/uploads\/2010\/12\/101206_Feuerwehrpreis_006-265x176.jpg\" class=\"attachment-thumbnail size-thumbnail\" alt=\"\" srcset=\"https:\/\/www.fuldaernachrichten.de\/wp-content\/uploads\/2010\/12\/101206_Feuerwehrpreis_006-265x176.jpg 265w, https:\/\/www.fuldaernachrichten.de\/wp-content\/uploads\/2010\/12\/101206_Feuerwehrpreis_006.jpg 592w\" sizes=\"(max-width: 150px) 100vw, 150px\" \/><\/a>\n\t\t\t<\/dt><\/dl><dl class='gallery-item'>\n\t\t\t<dt class='gallery-icon landscape'>\n\t\t\t\t<a href='https:\/\/www.fuldaernachrichten.de\/wp-content\/uploads\/2010\/12\/101206_Feuerwehrpreis_007.jpg'><img loading=\"lazy\" decoding=\"async\" width=\"150\" height=\"100\" src=\"https:\/\/www.fuldaernachrichten.de\/wp-content\/uploads\/2010\/12\/101206_Feuerwehrpreis_007-265x176.jpg\" class=\"attachment-thumbnail size-thumbnail\" alt=\"\" srcset=\"https:\/\/www.fuldaernachrichten.de\/wp-content\/uploads\/2010\/12\/101206_Feuerwehrpreis_007-265x176.jpg 265w, https:\/\/www.fuldaernachrichten.de\/wp-content\/uploads\/2010\/12\/101206_Feuerwehrpreis_007.jpg 592w\" sizes=\"(max-width: 150px) 100vw, 150px\" \/><\/a>\n\t\t\t<\/dt><\/dl><br style=\"clear: both\" \/><dl class='gallery-item'>\n\t\t\t<dt class='gallery-icon landscape'>\n\t\t\t\t<a href='https:\/\/www.fuldaernachrichten.de\/wp-content\/uploads\/2010\/12\/101206_Feuerwehrpreis_008.jpg'><img loading=\"lazy\" decoding=\"async\" width=\"150\" height=\"100\" src=\"https:\/\/www.fuldaernachrichten.de\/wp-content\/uploads\/2010\/12\/101206_Feuerwehrpreis_008-265x176.jpg\" class=\"attachment-thumbnail size-thumbnail\" alt=\"\" srcset=\"https:\/\/www.fuldaernachrichten.de\/wp-content\/uploads\/2010\/12\/101206_Feuerwehrpreis_008-265x176.jpg 265w, https:\/\/www.fuldaernachrichten.de\/wp-content\/uploads\/2010\/12\/101206_Feuerwehrpreis_008.jpg 592w\" sizes=\"(max-width: 150px) 100vw, 150px\" \/><\/a>\n\t\t\t<\/dt><\/dl><dl class='gallery-item'>\n\t\t\t<dt class='gallery-icon landscape'>\n\t\t\t\t<a href='https:\/\/www.fuldaernachrichten.de\/wp-content\/uploads\/2010\/12\/101206_Feuerwehrpreis_009.jpg'><img loading=\"lazy\" decoding=\"async\" width=\"150\" height=\"100\" src=\"https:\/\/www.fuldaernachrichten.de\/wp-content\/uploads\/2010\/12\/101206_Feuerwehrpreis_009-265x176.jpg\" class=\"attachment-thumbnail size-thumbnail\" alt=\"\" srcset=\"https:\/\/www.fuldaernachrichten.de\/wp-content\/uploads\/2010\/12\/101206_Feuerwehrpreis_009-265x176.jpg 265w, https:\/\/www.fuldaernachrichten.de\/wp-content\/uploads\/2010\/12\/101206_Feuerwehrpreis_009.jpg 592w\" sizes=\"(max-width: 150px) 100vw, 150px\" \/><\/a>\n\t\t\t<\/dt><\/dl><br style=\"clear: both\" \/><dl class='gallery-item'>\n\t\t\t<dt class='gallery-icon landscape'>\n\t\t\t\t<a href='https:\/\/www.fuldaernachrichten.de\/wp-content\/uploads\/2010\/12\/101206_Feuerwehrpreis_010.jpg'><img loading=\"lazy\" decoding=\"async\" width=\"150\" height=\"100\" src=\"https:\/\/www.fuldaernachrichten.de\/wp-content\/uploads\/2010\/12\/101206_Feuerwehrpreis_010-265x176.jpg\" class=\"attachment-thumbnail size-thumbnail\" alt=\"\" srcset=\"https:\/\/www.fuldaernachrichten.de\/wp-content\/uploads\/2010\/12\/101206_Feuerwehrpreis_010-265x176.jpg 265w, https:\/\/www.fuldaernachrichten.de\/wp-content\/uploads\/2010\/12\/101206_Feuerwehrpreis_010.jpg 592w\" sizes=\"(max-width: 150px) 100vw, 150px\" \/><\/a>\n\t\t\t<\/dt><\/dl><dl class='gallery-item'>\n\t\t\t<dt class='gallery-icon landscape'>\n\t\t\t\t<a href='https:\/\/www.fuldaernachrichten.de\/wp-content\/uploads\/2010\/12\/101206_Feuerwehrpreis_011.jpg'><img loading=\"lazy\" decoding=\"async\" width=\"150\" height=\"100\" src=\"https:\/\/www.fuldaernachrichten.de\/wp-content\/uploads\/2010\/12\/101206_Feuerwehrpreis_011-265x176.jpg\" class=\"attachment-thumbnail size-thumbnail\" alt=\"\" srcset=\"https:\/\/www.fuldaernachrichten.de\/wp-content\/uploads\/2010\/12\/101206_Feuerwehrpreis_011-265x176.jpg 265w, https:\/\/www.fuldaernachrichten.de\/wp-content\/uploads\/2010\/12\/101206_Feuerwehrpreis_011.jpg 592w\" sizes=\"(max-width: 150px) 100vw, 150px\" \/><\/a>\n\t\t\t<\/dt><\/dl><br style=\"clear: both\" \/><dl class='gallery-item'>\n\t\t\t<dt class='gallery-icon landscape'>\n\t\t\t\t<a href='https:\/\/www.fuldaernachrichten.de\/wp-content\/uploads\/2010\/12\/101206_Feuerwehrpreis_012.jpg'><img loading=\"lazy\" decoding=\"async\" width=\"150\" height=\"100\" src=\"https:\/\/www.fuldaernachrichten.de\/wp-content\/uploads\/2010\/12\/101206_Feuerwehrpreis_012-265x176.jpg\" class=\"attachment-thumbnail size-thumbnail\" alt=\"\" srcset=\"https:\/\/www.fuldaernachrichten.de\/wp-content\/uploads\/2010\/12\/101206_Feuerwehrpreis_012-265x176.jpg 265w, https:\/\/www.fuldaernachrichten.de\/wp-content\/uploads\/2010\/12\/101206_Feuerwehrpreis_012.jpg 592w\" sizes=\"(max-width: 150px) 100vw, 150px\" \/><\/a>\n\t\t\t<\/dt><\/dl><dl class='gallery-item'>\n\t\t\t<dt class='gallery-icon landscape'>\n\t\t\t\t<a href='https:\/\/www.fuldaernachrichten.de\/wp-content\/uploads\/2010\/12\/101206_Feuerwehrpreis_013.jpg'><img loading=\"lazy\" decoding=\"async\" width=\"150\" height=\"100\" src=\"https:\/\/www.fuldaernachrichten.de\/wp-content\/uploads\/2010\/12\/101206_Feuerwehrpreis_013-265x176.jpg\" class=\"attachment-thumbnail size-thumbnail\" alt=\"\" srcset=\"https:\/\/www.fuldaernachrichten.de\/wp-content\/uploads\/2010\/12\/101206_Feuerwehrpreis_013-265x176.jpg 265w, https:\/\/www.fuldaernachrichten.de\/wp-content\/uploads\/2010\/12\/101206_Feuerwehrpreis_013.jpg 592w\" sizes=\"(max-width: 150px) 100vw, 150px\" \/><\/a>\n\t\t\t<\/dt><\/dl><br style=\"clear: both\" \/><dl class='gallery-item'>\n\t\t\t<dt class='gallery-icon landscape'>\n\t\t\t\t<a href='https:\/\/www.fuldaernachrichten.de\/wp-content\/uploads\/2010\/12\/101206_Feuerwehrpreis_014.jpg'><img loading=\"lazy\" decoding=\"async\" width=\"150\" height=\"100\" src=\"https:\/\/www.fuldaernachrichten.de\/wp-content\/uploads\/2010\/12\/101206_Feuerwehrpreis_014-265x176.jpg\" class=\"attachment-thumbnail size-thumbnail\" alt=\"\" srcset=\"https:\/\/www.fuldaernachrichten.de\/wp-content\/uploads\/2010\/12\/101206_Feuerwehrpreis_014-265x176.jpg 265w, https:\/\/www.fuldaernachrichten.de\/wp-content\/uploads\/2010\/12\/101206_Feuerwehrpreis_014.jpg 592w\" sizes=\"(max-width: 150px) 100vw, 150px\" \/><\/a>\n\t\t\t<\/dt><\/dl><dl class='gallery-item'>\n\t\t\t<dt class='gallery-icon landscape'>\n\t\t\t\t<a href='https:\/\/www.fuldaernachrichten.de\/wp-content\/uploads\/2010\/12\/101206_Feuerwehrpreis_015.jpg'><img loading=\"lazy\" decoding=\"async\" width=\"150\" height=\"100\" src=\"https:\/\/www.fuldaernachrichten.de\/wp-content\/uploads\/2010\/12\/101206_Feuerwehrpreis_015-265x176.jpg\" class=\"attachment-thumbnail size-thumbnail\" alt=\"\" srcset=\"https:\/\/www.fuldaernachrichten.de\/wp-content\/uploads\/2010\/12\/101206_Feuerwehrpreis_015-265x176.jpg 265w, https:\/\/www.fuldaernachrichten.de\/wp-content\/uploads\/2010\/12\/101206_Feuerwehrpreis_015.jpg 592w\" sizes=\"(max-width: 150px) 100vw, 150px\" \/><\/a>\n\t\t\t<\/dt><\/dl><br style=\"clear: both\" \/><dl class='gallery-item'>\n\t\t\t<dt class='gallery-icon landscape'>\n\t\t\t\t<a href='https:\/\/www.fuldaernachrichten.de\/wp-content\/uploads\/2010\/12\/101206_Feuerwehrpreis_016.jpg'><img loading=\"lazy\" decoding=\"async\" width=\"150\" height=\"100\" src=\"https:\/\/www.fuldaernachrichten.de\/wp-content\/uploads\/2010\/12\/101206_Feuerwehrpreis_016-265x176.jpg\" class=\"attachment-thumbnail size-thumbnail\" alt=\"\" srcset=\"https:\/\/www.fuldaernachrichten.de\/wp-content\/uploads\/2010\/12\/101206_Feuerwehrpreis_016-265x176.jpg 265w, https:\/\/www.fuldaernachrichten.de\/wp-content\/uploads\/2010\/12\/101206_Feuerwehrpreis_016.jpg 592w\" sizes=\"(max-width: 150px) 100vw, 150px\" \/><\/a>\n\t\t\t<\/dt><\/dl><dl class='gallery-item'>\n\t\t\t<dt class='gallery-icon landscape'>\n\t\t\t\t<a href='https:\/\/www.fuldaernachrichten.de\/wp-content\/uploads\/2010\/12\/101206_Feuerwehrpreis_017.jpg'><img loading=\"lazy\" decoding=\"async\" width=\"150\" height=\"100\" src=\"https:\/\/www.fuldaernachrichten.de\/wp-content\/uploads\/2010\/12\/101206_Feuerwehrpreis_017-265x176.jpg\" class=\"attachment-thumbnail size-thumbnail\" alt=\"\" srcset=\"https:\/\/www.fuldaernachrichten.de\/wp-content\/uploads\/2010\/12\/101206_Feuerwehrpreis_017-265x176.jpg 265w, https:\/\/www.fuldaernachrichten.de\/wp-content\/uploads\/2010\/12\/101206_Feuerwehrpreis_017.jpg 592w\" sizes=\"(max-width: 150px) 100vw, 150px\" \/><\/a>\n\t\t\t<\/dt><\/dl><br style=\"clear: both\" \/><dl class='gallery-item'>\n\t\t\t<dt class='gallery-icon landscape'>\n\t\t\t\t<a href='https:\/\/www.fuldaernachrichten.de\/wp-content\/uploads\/2010\/12\/101206_Feuerwehrpreis_018.jpg'><img loading=\"lazy\" decoding=\"async\" width=\"150\" height=\"100\" src=\"https:\/\/www.fuldaernachrichten.de\/wp-content\/uploads\/2010\/12\/101206_Feuerwehrpreis_018-265x176.jpg\" class=\"attachment-thumbnail size-thumbnail\" alt=\"\" srcset=\"https:\/\/www.fuldaernachrichten.de\/wp-content\/uploads\/2010\/12\/101206_Feuerwehrpreis_018-265x176.jpg 265w, https:\/\/www.fuldaernachrichten.de\/wp-content\/uploads\/2010\/12\/101206_Feuerwehrpreis_018.jpg 592w\" sizes=\"(max-width: 150px) 100vw, 150px\" \/><\/a>\n\t\t\t<\/dt><\/dl><dl class='gallery-item'>\n\t\t\t<dt class='gallery-icon landscape'>\n\t\t\t\t<a href='https:\/\/www.fuldaernachrichten.de\/wp-content\/uploads\/2010\/12\/101206_Feuerwehrpreis_019.jpg'><img loading=\"lazy\" decoding=\"async\" width=\"150\" height=\"100\" src=\"https:\/\/www.fuldaernachrichten.de\/wp-content\/uploads\/2010\/12\/101206_Feuerwehrpreis_019-265x176.jpg\" class=\"attachment-thumbnail size-thumbnail\" alt=\"\" srcset=\"https:\/\/www.fuldaernachrichten.de\/wp-content\/uploads\/2010\/12\/101206_Feuerwehrpreis_019-265x176.jpg 265w, https:\/\/www.fuldaernachrichten.de\/wp-content\/uploads\/2010\/12\/101206_Feuerwehrpreis_019.jpg 592w\" sizes=\"(max-width: 150px) 100vw, 150px\" \/><\/a>\n\t\t\t<\/dt><\/dl><br style=\"clear: both\" \/><dl class='gallery-item'>\n\t\t\t<dt class='gallery-icon landscape'>\n\t\t\t\t<a href='https:\/\/www.fuldaernachrichten.de\/wp-content\/uploads\/2010\/12\/101206_Feuerwehrpreis_020.jpg'><img loading=\"lazy\" decoding=\"async\" width=\"150\" height=\"100\" src=\"https:\/\/www.fuldaernachrichten.de\/wp-content\/uploads\/2010\/12\/101206_Feuerwehrpreis_020-265x176.jpg\" class=\"attachment-thumbnail size-thumbnail\" alt=\"\" srcset=\"https:\/\/www.fuldaernachrichten.de\/wp-content\/uploads\/2010\/12\/101206_Feuerwehrpreis_020-265x176.jpg 265w, https:\/\/www.fuldaernachrichten.de\/wp-content\/uploads\/2010\/12\/101206_Feuerwehrpreis_020.jpg 592w\" sizes=\"(max-width: 150px) 100vw, 150px\" \/><\/a>\n\t\t\t<\/dt><\/dl><dl class='gallery-item'>\n\t\t\t<dt class='gallery-icon landscape'>\n\t\t\t\t<a href='https:\/\/www.fuldaernachrichten.de\/wp-content\/uploads\/2010\/12\/101206_Feuerwehrpreis_021.jpg'><img loading=\"lazy\" decoding=\"async\" width=\"150\" height=\"100\" src=\"https:\/\/www.fuldaernachrichten.de\/wp-content\/uploads\/2010\/12\/101206_Feuerwehrpreis_021-265x176.jpg\" class=\"attachment-thumbnail size-thumbnail\" alt=\"\" srcset=\"https:\/\/www.fuldaernachrichten.de\/wp-content\/uploads\/2010\/12\/101206_Feuerwehrpreis_021-265x176.jpg 265w, https:\/\/www.fuldaernachrichten.de\/wp-content\/uploads\/2010\/12\/101206_Feuerwehrpreis_021.jpg 592w\" sizes=\"(max-width: 150px) 100vw, 150px\" \/><\/a>\n\t\t\t<\/dt><\/dl><br style=\"clear: both\" \/><dl class='gallery-item'>\n\t\t\t<dt class='gallery-icon landscape'>\n\t\t\t\t<a href='https:\/\/www.fuldaernachrichten.de\/wp-content\/uploads\/2010\/12\/101206_Feuerwehrpreis_022.jpg'><img loading=\"lazy\" decoding=\"async\" width=\"150\" height=\"100\" src=\"https:\/\/www.fuldaernachrichten.de\/wp-content\/uploads\/2010\/12\/101206_Feuerwehrpreis_022-265x176.jpg\" class=\"attachment-thumbnail size-thumbnail\" alt=\"\" srcset=\"https:\/\/www.fuldaernachrichten.de\/wp-content\/uploads\/2010\/12\/101206_Feuerwehrpreis_022-265x176.jpg 265w, https:\/\/www.fuldaernachrichten.de\/wp-content\/uploads\/2010\/12\/101206_Feuerwehrpreis_022.jpg 592w\" sizes=\"(max-width: 150px) 100vw, 150px\" \/><\/a>\n\t\t\t<\/dt><\/dl>\n\t\t\t<br style='clear: both' \/>\n\t\t<\/div>\n\n","protected":false},"excerpt":{"rendered":"<div class=\"tmnf_excerpt\"><p>Frankfurt. Die Kreisjugendfeuerwehr Fulda hat den 1. Platz des Hessischen Feuerwehrpreises erreicht. Sie \u00fcberzeugte die Jury mit ihrem Projekt \u201eMotivationswettbewerb &#8211; Jugendfeuerwehr des Jahres&#8221;, einem klugen Anreiz-System zur Werbung neuer Feuer\u00c2\u00adwehrmitglieder. Auf Platz zwei schaffte es die Freiwillige Feuerweh\u00c2\u00adren Bad Arolsen, die bei der Nachwuchsgewinnung auf die intensi\u00c2\u00adve Zusammenarbeit mit dem Ausl\u00e4nderbeirat setzt. Platz drei &hellip;<\/p>\n<\/div>","protected":false},"author":1,"featured_media":0,"comment_status":"closed","ping_status":"closed","sticky":false,"template":"","format":"standard","meta":{"footnotes":""},"categories":[1,71],"tags":[],"class_list":["post-78096","post","type-post","status-publish","format-standard","hentry","category-startseite","category-feuerwehr"],"_links":{"self":[{"href":"https:\/\/www.fuldaernachrichten.de\/index.php?rest_route=\/wp\/v2\/posts\/78096","targetHints":{"allow":["GET"]}}],"collection":[{"href":"https:\/\/www.fuldaernachrichten.de\/index.php?rest_route=\/wp\/v2\/posts"}],"about":[{"href":"https:\/\/www.fuldaernachrichten.de\/index.php?rest_route=\/wp\/v2\/types\/post"}],"author":[{"embeddable":true,"href":"https:\/\/www.fuldaernachrichten.de\/index.php?rest_route=\/wp\/v2\/users\/1"}],"replies":[{"embeddable":true,"href":"https:\/\/www.fuldaernachrichten.de\/index.php?rest_route=%2Fwp%2Fv2%2Fcomments&post=78096"}],"version-history":[{"count":2,"href":"https:\/\/www.fuldaernachrichten.de\/index.php?rest_route=\/wp\/v2\/posts\/78096\/revisions"}],"predecessor-version":[{"id":78134,"href":"https:\/\/www.fuldaernachrichten.de\/index.php?rest_route=\/wp\/v2\/posts\/78096\/revisions\/78134"}],"wp:attachment":[{"href":"https:\/\/www.fuldaernachrichten.de\/index.php?rest_route=%2Fwp%2Fv2%2Fmedia&parent=78096"}],"wp:term":[{"taxonomy":"category","embeddable":true,"href":"https:\/\/www.fuldaernachrichten.de\/index.php?rest_route=%2Fwp%2Fv2%2Fcategories&post=78096"},{"taxonomy":"post_tag","embeddable":true,"href":"https:\/\/www.fuldaernachrichten.de\/index.php?rest_route=%2Fwp%2Fv2%2Ftags&post=78096"}],"curies":[{"name":"wp","href":"https:\/\/api.w.org\/{rel}","templated":true}]}}