{"id":7805,"date":"2008-02-12T00:15:27","date_gmt":"2008-02-11T23:15:27","guid":{"rendered":"http:\/\/www.schoene-nachrichten.de\/?p=7805"},"modified":"2008-02-11T22:53:38","modified_gmt":"2008-02-11T21:53:38","slug":"noch-freie-plaetze-bei-ferienfreizeiten-des-landkreises-fulda","status":"publish","type":"post","link":"https:\/\/www.fuldaernachrichten.de\/?p=7805","title":{"rendered":"Noch freie Pl\u00e4tze bei Ferienfreizeiten des Landkreises Fulda"},"content":{"rendered":"<p><strong>Fulda.<\/strong> Bei nachfolgenden Freizeiten, die vom Landkreis Fulda in den Oster- und Sommerferien angeboten werden, sind noch Pl\u00e4tze frei. Interessenten wenden sich bitte m\u00f6glichst umgehend an den Fachdienst Familie, Jugend, Sport, Ehrenamt der Kreisverwaltung, W\u00f6rthstra\u00dfe 15, in 36037 Fulda, Tel.: 0661\/6006-427, E-Mail: <a href=\"mailto:jugend@landkreis-fulda.de\">jugend@landkreis-fulda.de<\/a>. Eine ausf\u00fchrliche Beschreibung aller Freizeiten gibt es im Internet unter <a target=\"_blank\" href=\"http:\/\/www.fd-jugend.de\">www.fd-jugend.de<\/a>.<\/p>\n<p><!--more--><strong>Osterferien<\/strong><br \/>\n8 \u2013 10 Jahre\u00c2\u00a0Mahlerts -\u00c2\u00a001.04.\u00c2\u00a0bis 04.04.2008\u00c2\u00a0\u00c2\u00a0 85,00 \u00e2\u201a\u00ac<\/p>\n<p><strong>Sommerferien<\/strong><br \/>\n12 &#8211; 15 Jahre\u00c2\u00a0&#8211; Baywatch-Camp\u00c2\u00a0&#8211; 28.06.\u00c2\u00a0bis 04.07.2008\u00c2\u00a0&#8211; 110,00 \u00e2\u201a\u00ac<br \/>\nab 16 Jahre\u00c2\u00a0&#8211; Schweden\u00c2\u00a0&#8211; 05.07.\u00c2\u00a0bis 19.07.2008\u00c2\u00a0&#8211; 330,00 \u00e2\u201a\u00ac<br \/>\n8 &#8211; 10 Jahre\u00c2\u00a0&#8211; Burg Bodenstein\u00c2\u00a0&#8211; 07.07.\u00c2\u00a0bis 13.07.2008\u00c2\u00a0&#8211; 155,00 \u00e2\u201a\u00ac<br \/>\n10 &#8211; 12 Jahre\u00c2\u00a0&#8211; St. Peter Ording\u00c2\u00a0&#8211; 14.07.\u00c2\u00a0bis 25.07.2008\u00c2\u00a0&#8211; 290,00 \u00e2\u201a\u00ac<br \/>\n15 &#8211; 17 Jahre\u00c2\u00a0&#8211; Alliers\/Auvergne\u00c2\u00a0&#8211; 16.07.\u00c2\u00a0bis 29.07.2008\u00c2\u00a0&#8211; 415,00 \u00e2\u201a\u00ac<br \/>\n10 &#8211; 12 Jahre\u00c2\u00a0&#8211; Kochel am See\/Bayern\u00c2\u00a0&#8211; 18.07.\u00c2\u00a0bis 01.08.2008\u00c2\u00a0&#8211; 350,00 \u00e2\u201a\u00ac<br \/>\n8 &#8211; 10 Jahre\u00c2\u00a0&#8211; Burg Wernfels\u00c2\u00a0&#8211; 25.07.\u00c2\u00a0bis 01.08.2008\u00c2\u00a0&#8211; 175,00 \u00e2\u201a\u00ac<\/p>\n<p>Familienfreizeit &#8211; Lindau\/Bodensee\u00c2\u00a025.07. bis 01.08.2008<br \/>\nErwachsene &#8211; 270,00 \u00e2\u201a\u00ac<br \/>\nKinder unter 3 Jahre &#8211; frei<br \/>\nKinder von 3 \u2013 6 Jahre &#8211; 40,00 \u00e2\u201a\u00ac<br \/>\nKinder von 7 \u2013 10 Jahre &#8211; 155,00 \u00e2\u201a\u00ac<br \/>\nKinder ab 11 Jahre &#8211; 175,00 \u00e2\u201a\u00ac<\/p>\n","protected":false},"excerpt":{"rendered":"<div class=\"tmnf_excerpt\"><p>Fulda. Bei nachfolgenden Freizeiten, die vom Landkreis Fulda in den Oster- und Sommerferien angeboten werden, sind noch Pl\u00e4tze frei. Interessenten wenden sich bitte m\u00f6glichst umgehend an den Fachdienst Familie, Jugend, Sport, Ehrenamt der Kreisverwaltung, W\u00f6rthstra\u00dfe 15, in 36037 Fulda, Tel.: 0661\/6006-427, E-Mail: jugend@landkreis-fulda.de. Eine ausf\u00fchrliche Beschreibung aller Freizeiten gibt es im Internet unter www.fd-jugend.de.<\/p>\n<\/div>","protected":false},"author":1,"featured_media":0,"comment_status":"closed","ping_status":"closed","sticky":false,"template":"","format":"standard","meta":{"footnotes":""},"categories":[1,72],"tags":[],"class_list":["post-7805","post","type-post","status-publish","format-standard","hentry","category-startseite","category-jugend"],"_links":{"self":[{"href":"https:\/\/www.fuldaernachrichten.de\/index.php?rest_route=\/wp\/v2\/posts\/7805","targetHints":{"allow":["GET"]}}],"collection":[{"href":"https:\/\/www.fuldaernachrichten.de\/index.php?rest_route=\/wp\/v2\/posts"}],"about":[{"href":"https:\/\/www.fuldaernachrichten.de\/index.php?rest_route=\/wp\/v2\/types\/post"}],"author":[{"embeddable":true,"href":"https:\/\/www.fuldaernachrichten.de\/index.php?rest_route=\/wp\/v2\/users\/1"}],"replies":[{"embeddable":true,"href":"https:\/\/www.fuldaernachrichten.de\/index.php?rest_route=%2Fwp%2Fv2%2Fcomments&post=7805"}],"version-history":[{"count":0,"href":"https:\/\/www.fuldaernachrichten.de\/index.php?rest_route=\/wp\/v2\/posts\/7805\/revisions"}],"wp:attachment":[{"href":"https:\/\/www.fuldaernachrichten.de\/index.php?rest_route=%2Fwp%2Fv2%2Fmedia&parent=7805"}],"wp:term":[{"taxonomy":"category","embeddable":true,"href":"https:\/\/www.fuldaernachrichten.de\/index.php?rest_route=%2Fwp%2Fv2%2Fcategories&post=7805"},{"taxonomy":"post_tag","embeddable":true,"href":"https:\/\/www.fuldaernachrichten.de\/index.php?rest_route=%2Fwp%2Fv2%2Ftags&post=7805"}],"curies":[{"name":"wp","href":"https:\/\/api.w.org\/{rel}","templated":true}]}}