{"id":7801,"date":"2008-02-11T00:25:53","date_gmt":"2008-02-10T23:25:53","guid":{"rendered":"http:\/\/www.schoene-nachrichten.de\/?p=7801"},"modified":"2008-02-10T22:33:32","modified_gmt":"2008-02-10T21:33:32","slug":"impressionen-vom-hutzeltag-in-petersberg-steinau","status":"publish","type":"post","link":"https:\/\/www.fuldaernachrichten.de\/?p=7801","title":{"rendered":"Impressionen vom Hutzeltag in Petersberg-Steinau"},"content":{"rendered":"<p><strong>Steinau.<\/strong> Bereits seit vielen Jahren ist es Tradition, dass die M\u00e4dchen und Jungen der Jugendfeuerwehr des Ortsteils Steinau der Gemeinde Peterberg f\u00fcr das Hutzelfeuer zust\u00e4ndig sind. In vielen gemeinsamen Stunden wurde der Hutzelplatz hergerichtet, B\u00e4ume gesammelt und ein riesiger Hutzelberg, mit dem Hutzelmann, aufgeschichtet. Unter besten Bedingungen konnte auf das Kommando des Jugendfeuerwehrwartes dann endlich das Hutzelfeuer entz\u00fcndet werden. Viele G\u00e4ste wohnten dem Brauch, den Winter mit Feuer auszutreiben, bei. F\u00fcr das leibliche Wohl war wie immer bestens gesorgt. Nachfolgend ein paar sch\u00f6ne Impressionen des tollen Hutzeltages.<\/p>\n<p><strong>Fotos (11) &amp; Text:<\/strong> Michael Schwab<\/p>\n<p><a rel=\"lightbox[roadtrip]\" target=\"_blank\" href=\"http:\/\/www.schoene-nachrichten.de\/wp-content\/uploads\/2008\/02\/080210_Hutzel_05.jpg\" title=\"Foto: Michael Schwab\"><img decoding=\"async\" width=\"128\" src=\"http:\/\/www.schoene-nachrichten.de\/wp-content\/uploads\/2008\/02\/080210_Hutzel_05.thumbnail.jpg\" alt=\"080210_Hutzel_05.jpg\" \/><\/a> <a rel=\"lightbox[roadtrip]\" target=\"_blank\" href=\"http:\/\/www.schoene-nachrichten.de\/wp-content\/uploads\/2008\/02\/080210_Hutzel_06.jpg\" title=\"Foto: Michael Schwab\"><img decoding=\"async\" width=\"128\" src=\"http:\/\/www.schoene-nachrichten.de\/wp-content\/uploads\/2008\/02\/080210_Hutzel_06.thumbnail.jpg\" alt=\"080210_Hutzel_06.jpg\" \/><\/a> <a rel=\"lightbox[roadtrip]\" target=\"_blank\" href=\"http:\/\/www.schoene-nachrichten.de\/wp-content\/uploads\/2008\/02\/080210_Hutzel_09.jpg\" title=\"Foto: Michael Schwab\"><img decoding=\"async\" width=\"128\" src=\"http:\/\/www.schoene-nachrichten.de\/wp-content\/uploads\/2008\/02\/080210_Hutzel_09.thumbnail.jpg\" alt=\"080210_Hutzel_09.jpg\" \/><\/a><\/p>\n<p><a rel=\"lightbox[roadtrip]\" target=\"_blank\" href=\"http:\/\/www.schoene-nachrichten.de\/wp-content\/uploads\/2008\/02\/080210_Hutzel_07.jpg\" title=\"Foto: Michael Schwab\"><img decoding=\"async\" width=\"128\" src=\"http:\/\/www.schoene-nachrichten.de\/wp-content\/uploads\/2008\/02\/080210_Hutzel_07.thumbnail.jpg\" alt=\"080210_Hutzel_07.jpg\" \/><\/a>\u00c2\u00a0<a rel=\"lightbox[roadtrip]\" target=\"_blank\" href=\"http:\/\/www.schoene-nachrichten.de\/wp-content\/uploads\/2008\/02\/080210_Hutzel_10.jpg\" title=\"Foto: Michael Schwab\"><img decoding=\"async\" width=\"128\" src=\"http:\/\/www.schoene-nachrichten.de\/wp-content\/uploads\/2008\/02\/080210_Hutzel_10.thumbnail.jpg\" alt=\"080210_Hutzel_10.jpg\" \/><\/a> <a rel=\"lightbox[roadtrip]\" target=\"_blank\" href=\"http:\/\/www.schoene-nachrichten.de\/wp-content\/uploads\/2008\/02\/080210_Hutzel_03.jpg\" title=\"Foto: Michael Schwab\"><img decoding=\"async\" width=\"128\" src=\"http:\/\/www.schoene-nachrichten.de\/wp-content\/uploads\/2008\/02\/080210_Hutzel_03.thumbnail.jpg\" alt=\"080210_Hutzel_03.jpg\" \/><\/a><\/p>\n<p><!--more--><a rel=\"lightbox[roadtrip]\" target=\"_blank\" href=\"http:\/\/www.schoene-nachrichten.de\/wp-content\/uploads\/2008\/02\/080210_Hutzel_04.jpg\" title=\"Foto: Michael Schwab\"><img decoding=\"async\" width=\"128\" src=\"http:\/\/www.schoene-nachrichten.de\/wp-content\/uploads\/2008\/02\/080210_Hutzel_04.thumbnail.jpg\" alt=\"080210_Hutzel_04.jpg\" \/><\/a>\u00c2\u00a0<a rel=\"lightbox[roadtrip]\" target=\"_blank\" href=\"http:\/\/www.schoene-nachrichten.de\/wp-content\/uploads\/2008\/02\/080210_Hutzel_02.jpg\" title=\"Foto: Michael Schwab\"><img decoding=\"async\" width=\"128\" src=\"http:\/\/www.schoene-nachrichten.de\/wp-content\/uploads\/2008\/02\/080210_Hutzel_02.thumbnail.jpg\" alt=\"080210_Hutzel_02.jpg\" \/><\/a> <a rel=\"lightbox[roadtrip]\" target=\"_blank\" href=\"http:\/\/www.schoene-nachrichten.de\/wp-content\/uploads\/2008\/02\/080210_Hutzel_08.jpg\" title=\"Foto: Michael Schwab\"><img decoding=\"async\" width=\"128\" src=\"http:\/\/www.schoene-nachrichten.de\/wp-content\/uploads\/2008\/02\/080210_Hutzel_08.thumbnail.jpg\" alt=\"080210_Hutzel_08.jpg\" \/><\/a><\/p>\n<p><a rel=\"lightbox[roadtrip]\" target=\"_blank\" href=\"http:\/\/www.schoene-nachrichten.de\/wp-content\/uploads\/2008\/02\/080210_Hutzel_11.jpg\" title=\"Foto: Michael Schwab\"><img decoding=\"async\" width=\"128\" src=\"http:\/\/www.schoene-nachrichten.de\/wp-content\/uploads\/2008\/02\/080210_Hutzel_11.thumbnail.jpg\" alt=\"080210_Hutzel_11.jpg\" \/><\/a>\u00c2\u00a0<a rel=\"lightbox[roadtrip]\" target=\"_blank\" href=\"http:\/\/www.schoene-nachrichten.de\/wp-content\/uploads\/2008\/02\/080210_Hutzel_01.jpg\" title=\"Foto: Michael Schwab\"><img decoding=\"async\" width=\"128\" src=\"http:\/\/www.schoene-nachrichten.de\/wp-content\/uploads\/2008\/02\/080210_Hutzel_01.thumbnail.jpg\" alt=\"080210_Hutzel_01.jpg\" \/><\/a>\u00c2\u00a0<\/p>\n","protected":false},"excerpt":{"rendered":"<div class=\"tmnf_excerpt\"><p>Steinau. Bereits seit vielen Jahren ist es Tradition, dass die M\u00e4dchen und Jungen der Jugendfeuerwehr des Ortsteils Steinau der Gemeinde Peterberg f\u00fcr das Hutzelfeuer zust\u00e4ndig sind. In vielen gemeinsamen Stunden wurde der Hutzelplatz hergerichtet, B\u00e4ume gesammelt und ein riesiger Hutzelberg, mit dem Hutzelmann, aufgeschichtet. Unter besten Bedingungen konnte auf das Kommando des Jugendfeuerwehrwartes dann endlich &hellip;<\/p>\n<\/div>","protected":false},"author":1,"featured_media":0,"comment_status":"closed","ping_status":"closed","sticky":false,"template":"","format":"standard","meta":{"footnotes":""},"categories":[1,54,71],"tags":[],"class_list":["post-7801","post","type-post","status-publish","format-standard","hentry","category-startseite","category-bildergalerien","category-feuerwehr"],"_links":{"self":[{"href":"https:\/\/www.fuldaernachrichten.de\/index.php?rest_route=\/wp\/v2\/posts\/7801","targetHints":{"allow":["GET"]}}],"collection":[{"href":"https:\/\/www.fuldaernachrichten.de\/index.php?rest_route=\/wp\/v2\/posts"}],"about":[{"href":"https:\/\/www.fuldaernachrichten.de\/index.php?rest_route=\/wp\/v2\/types\/post"}],"author":[{"embeddable":true,"href":"https:\/\/www.fuldaernachrichten.de\/index.php?rest_route=\/wp\/v2\/users\/1"}],"replies":[{"embeddable":true,"href":"https:\/\/www.fuldaernachrichten.de\/index.php?rest_route=%2Fwp%2Fv2%2Fcomments&post=7801"}],"version-history":[{"count":0,"href":"https:\/\/www.fuldaernachrichten.de\/index.php?rest_route=\/wp\/v2\/posts\/7801\/revisions"}],"wp:attachment":[{"href":"https:\/\/www.fuldaernachrichten.de\/index.php?rest_route=%2Fwp%2Fv2%2Fmedia&parent=7801"}],"wp:term":[{"taxonomy":"category","embeddable":true,"href":"https:\/\/www.fuldaernachrichten.de\/index.php?rest_route=%2Fwp%2Fv2%2Fcategories&post=7801"},{"taxonomy":"post_tag","embeddable":true,"href":"https:\/\/www.fuldaernachrichten.de\/index.php?rest_route=%2Fwp%2Fv2%2Ftags&post=7801"}],"curies":[{"name":"wp","href":"https:\/\/api.w.org\/{rel}","templated":true}]}}