{"id":7794,"date":"2008-02-10T00:08:00","date_gmt":"2008-02-09T23:08:00","guid":{"rendered":"http:\/\/www.schoene-nachrichten.de\/?p=7794"},"modified":"2008-02-10T00:08:00","modified_gmt":"2008-02-09T23:08:00","slug":"auch-in-burghaun-sollten-kindergartengebuehren-abgeschafft-werden","status":"publish","type":"post","link":"https:\/\/www.fuldaernachrichten.de\/?p=7794","title":{"rendered":"Auch in Burghaun sollten Kindergartengeb\u00fchren abgeschafft werden"},"content":{"rendered":"<p><strong>Burghaun.<\/strong>\u00c2\u00a0 \u201eIch werde mich in den kommenden Monaten daf\u00fcr einsetzen, dass auch in der Marktgemeinde Burghaun die Kindergartengeb\u00fchren abgeschafft werde. Nach den Sommerferien sollten alle Kindergartenpl\u00e4tze kostenfrei zur Verf\u00fcgung gestellt werden\u201c, so B\u00fcrgermeister Alexander Hohmann in einer Pressemitteilung.<!--more--><\/p>\n<p>Das j\u00fcngste Beispiel der Stadt Schlitz mit der dortigen Abschaffung der Kindergartengeb\u00fchren werde eine Lawine ausl\u00f6sen. Als direkter Nachbar zur Stadt Schlitz m\u00fcsse man in Burghaun mit erheblichen Auswirkungen gerade aus dem Bereich des Kiebitzgrundes rechnen. Aus diesem Grund seien nun die Gremien der Marktgemeinde aufgefordert, sich mit diesem Thema zu besch\u00e4ftigen und ein vergleichbares Angebot f\u00fcr die Eltern aus der gesamten Gro\u00dfgemeinde Burghaun zu schaffen.<\/p>\n<p>\u201eDie Entwicklung zu kostenfreien Kinderbetreuungsangeboten ist aus meiner Sicht nicht mehr aufzuhalten. PISA und die Folgen f\u00fcr unser deutsches Bildungssystem zeigten aber auch, wie wichtig es sei, das m\u00f6glichst alle Kinder, gleich welcher sozialen Herkunft, schon fr\u00fchzeitig und umfassend im Kindergartenalter auf die Schulzeit vorbereitet und m\u00f6gliche Defizite ausgeglichen werden\u201c, so Hohmann. Kindergartengeb\u00fchren k\u00f6nnten ein Hindernis f\u00fcr manche Eltern sein und m\u00f6glicherweise zu einer zu fr\u00fchen Auslese aus finanziellen Gr\u00fcnden f\u00fchren.<\/p>\n<p>\u201eIch m\u00f6chte, dass jedes Kind aus der Gro\u00dfgemeinde Burghaun das Angebot eines ortsnahen, qualitativ hochwertigen und dabei geb\u00fchrenfreien Kindergartenplatzes erh\u00e4lt\u201c, dies fordert B\u00fcrgermeister Hohmann.<\/p>\n<p>Burghaun sei als kinderfreundliche Gemeinde seit Jahren bekannt. Das Betreuungsangebot f\u00fcr Kinder von 2 bis 12 Jahren sei vorbildlich und erfreue sich auch \u00fcber Gemeindegrenzen hinaus gro\u00dfer Beliebtheit.<\/p>\n<p>In der Marktgemeinde Burghaun gibt es neben den beiden gemeindlichen Kinderbetreuungseinrichtungen in Burghaun und Gro\u00dfenmoor einen evangelischen Kindergarten in der Kerngemeinde und einen Kindergarten in Steinbach, der in der Tr\u00e4gerschaft der katholischen Kirche steht. Insgesamt k\u00f6nnen so rund 250 Kindergartenpl\u00e4tze angeboten werden.<\/p>\n<p>Der gesamte Aufwand f\u00fcr diese Einrichtungen bel\u00e4uft sich auf rund 545.000 EURO, wobei sich das Geb\u00fchrenaufkommen rund 114.000 EURO bel\u00e4uft. F\u00fcr die gemeindlichen Kinderg\u00e4rten werden rund 62.000 EURO Geb\u00fchren eingenommen, in den beiden kirchlichen Einrichtungen ca. 52.000 EURO. Bereits im letzten Kindergartenjahr sind Kinder in den gemeindlichen und kirchlichen Einrichtungen auf der Grundlage des Bambini-Programms sowieso von Geb\u00fchren befreit.<\/p>\n<p>\u201eBei einem Haushaltsvolumen im Jahr 2008 von rund 8 Mio. EURO belaufen sich die Einnahmen aus Kindergartengeb\u00fchren somit auf weniger als 1,5 % des Gesamtetats\u201c, erkl\u00e4rt B\u00fcrgermeister Hohmann. Ich sehe genug Einparpotential in unserem Haushalt um eine langfristig solide Finanzierung des Vorhabens zu\u00c2\u00a0 gew\u00e4hrleisten.<\/p>\n<p>Daneben m\u00fcsse man auch ber\u00fccksichtigen, dass sich der Verwaltungsaufwand f\u00fcr die Geb\u00fchrenerhebung deutlich reduziere, was auch zu Einsparungen f\u00fchre und das man gerade in den vergangenen Jahren auch deutlich Zuw\u00e4chse im Gemeindeanteil an der Einkommenssteuer zu verzeichnen habe. Dies gehe einher mit einem Zuwachs an Bev\u00f6lkerung und k\u00f6nne so gerade auch in Zukunft f\u00fcr junge Familien ein wichtiges Argument sein, sich in Burghaun niederzulassen.<\/p>\n<p>In den kommenden Wochen muss nun im Gemeindevorstand, in den Aussch\u00fcssen und in der Gemeindevertretung \u00fcber dieses Thema diskutiert werden. Auch m\u00fcsse man mit den kirchlichen Tr\u00e4gern Gespr\u00e4che f\u00fchren, um auch hier eine langfristig tragbare L\u00f6sung zu finden.<\/p>\n<p>\u201eBund, Land und Kreis k\u00f6nnen und d\u00fcrfen wir in dieser Frage aber auch nicht aus der Verantwortung entlassen. Auch sie haben sich den Ausbau des Betreuungsangebots und Familienf\u00f6rderung\u00c2\u00a0 auf die politischen Fahnen geschrieben. Hier m\u00fcssen nun nach den Ank\u00fcndigungen Taten folgen, damit die Kommunen nicht wieder einmal die Leidtragenden einer Entwicklung sind, die von oben her eingeleitet wurde und unten nun zur Umsetzung gelangt\u201c, fordert B\u00fcrgermeister Alexander Hohmann abschlie\u00dfend.<\/p>\n","protected":false},"excerpt":{"rendered":"<div class=\"tmnf_excerpt\"><p>Burghaun.\u00c2\u00a0 \u201eIch werde mich in den kommenden Monaten daf\u00fcr einsetzen, dass auch in der Marktgemeinde Burghaun die Kindergartengeb\u00fchren abgeschafft werde. Nach den Sommerferien sollten alle Kindergartenpl\u00e4tze kostenfrei zur Verf\u00fcgung gestellt werden\u201c, so B\u00fcrgermeister Alexander Hohmann in einer Pressemitteilung.<\/p>\n<\/div>","protected":false},"author":1,"featured_media":0,"comment_status":"closed","ping_status":"closed","sticky":false,"template":"","format":"standard","meta":{"footnotes":""},"categories":[1,29],"tags":[],"class_list":["post-7794","post","type-post","status-publish","format-standard","hentry","category-startseite","category-politik"],"_links":{"self":[{"href":"https:\/\/www.fuldaernachrichten.de\/index.php?rest_route=\/wp\/v2\/posts\/7794","targetHints":{"allow":["GET"]}}],"collection":[{"href":"https:\/\/www.fuldaernachrichten.de\/index.php?rest_route=\/wp\/v2\/posts"}],"about":[{"href":"https:\/\/www.fuldaernachrichten.de\/index.php?rest_route=\/wp\/v2\/types\/post"}],"author":[{"embeddable":true,"href":"https:\/\/www.fuldaernachrichten.de\/index.php?rest_route=\/wp\/v2\/users\/1"}],"replies":[{"embeddable":true,"href":"https:\/\/www.fuldaernachrichten.de\/index.php?rest_route=%2Fwp%2Fv2%2Fcomments&post=7794"}],"version-history":[{"count":0,"href":"https:\/\/www.fuldaernachrichten.de\/index.php?rest_route=\/wp\/v2\/posts\/7794\/revisions"}],"wp:attachment":[{"href":"https:\/\/www.fuldaernachrichten.de\/index.php?rest_route=%2Fwp%2Fv2%2Fmedia&parent=7794"}],"wp:term":[{"taxonomy":"category","embeddable":true,"href":"https:\/\/www.fuldaernachrichten.de\/index.php?rest_route=%2Fwp%2Fv2%2Fcategories&post=7794"},{"taxonomy":"post_tag","embeddable":true,"href":"https:\/\/www.fuldaernachrichten.de\/index.php?rest_route=%2Fwp%2Fv2%2Ftags&post=7794"}],"curies":[{"name":"wp","href":"https:\/\/api.w.org\/{rel}","templated":true}]}}