{"id":7793,"date":"2008-02-10T00:42:24","date_gmt":"2008-02-09T23:42:24","guid":{"rendered":"http:\/\/www.schoene-nachrichten.de\/?p=7793"},"modified":"2008-02-09T23:47:00","modified_gmt":"2008-02-09T22:47:00","slug":"agentur-fuer-arbeit-setzt-auf-praevention-und-integration","status":"publish","type":"post","link":"https:\/\/www.fuldaernachrichten.de\/?p=7793","title":{"rendered":"Agentur f\u00fcr Arbeit setzt auf Pr\u00e4vention und Integration"},"content":{"rendered":"<p><strong>Fulda.<\/strong> Dass die Agentur f\u00fcr Arbeit nicht ausschlie\u00dflich nur f\u00fcr Arbeitlose zust\u00e4ndig ist sondern auch Unternehmen und deren Mitarbeitern weiterhilft, dass hoben jetzt Arbeitsagenturchef Waldemar Dombrowski und Kurt Neubert, Teamleiter der Agentur, deutlich hervor. Rund eine halbe Million Euro flie\u00dfen alleine in diesem Jahr an Unternehmen, die in die Weiterbildung von Geringqualifizierten und \u00e4lteren Besch\u00e4ftigten investieren. <!--more--><\/p>\n<p>\u201eWeGebAU\u201c lautet die Kurzformel des Programms, das besonders auf Pr\u00e4vention und Integration setzt. Dabei sollen Menschen, die in einer Besch\u00e4ftigung sind, Weiterbildung erhalten, um Arbeitslosigkeit zu vermeiden. \u201eGerade in dieser Gruppe\u201c, so verdeutlichte Dombrowski, \u201e ist das Risiko, arbeitslos zu werden, f\u00fcnf-\u00c2\u00a0 bis sechsmal h\u00f6her als in anderen Berufsgruppen.\u201c Anl\u00e4sslich eines Pressegespr\u00e4chs informierten die Agentur f\u00fcr Arbeit \u00fcber die vielf\u00e4ltigen M\u00f6glichkeiten, das Programm zu nutzen.<\/p>\n<p>Dazu stellten die Bildungstr\u00e4ger, Mechthild Bleuel von der inlingua Sprachschule, Dr. Lothar Jordan f\u00fcr die Private Handelsschule Herrmann und Harald Hahner vom BBZ Educationcenter ihre Angebote vor. Diese Bildungstr\u00e4ger sind allesamt zertifiziert und ebenso die Ma\u00dfnahmen, die sie speziell f\u00fcr dieses Programm anbieten.\u00c2\u00a0<\/p>\n<p>Dass sich die Agentur f\u00fcr Arbeit hier erstmals in zukunftsweisender Form einbringe, unterstrich vom Arbeitgeberverband Osthessen Manfred Baumann: \u201eDemographisch wird uns gerade der Facharbeitermangel zuk\u00fcnftig \u00fcber Jahre besch\u00e4ftigen. Wer sich jetzt nicht darum k\u00fcmmert, wird das Nachsehen haben.\u201c F\u00fcr Baumann ein \u00fcberaus lobenswerter Ansatz, dass die Agentur f\u00fcr Arbeit in die Pr\u00e4vention investiere.<\/p>\n<p>\u201eDer Bedarf ist da und sehr gro\u00df, doch die Unternehmen sind noch viel zu wenig \u00fcber diese neuen M\u00f6glichkeiten informiert\u201c wei\u00df Mechthild Bleuel von der inlingua Sprachschule.\u00c2\u00a0 \u201eWir beraten die Unternehmen vor Ort, wir unterst\u00fctzen bei der Antragsformulierung \u2013 es fehlt lediglich die Beteiligung der Unternehmen.\u201c Dies kann auch Harald Hahner vom BBZ Educationcenter best\u00e4tigen.<\/p>\n<p>\u201eDie Unternehmen k\u00f6nnen einfach nicht glauben, dass die Agentur f\u00fcr Arbeit ein Programm f\u00fcr die Weiterbildung von Besch\u00e4ftigten anbietet und nicht ausschlie\u00dflich f\u00fcr Arbeitslose.\u201c Aufkl\u00e4rung ist also angesagt und eben dies m\u00f6chte auch Manfred Baumann unterst\u00fctzen. \u201eWir werden ein Rundschreiben an unsere Mitglieder formulieren, um nochmals auf diese einmalige Chance aufmerksam zu machen.\u201c<\/p>\n<p>Bei Geringqualifizierten unter 45 Jahren, das sind Mitarbeiter, die keinen Berufsabschluss haben oder l\u00e4nger als vier Jahre nicht mehr in ihrem erlernten Beruf gearbeitet haben, zahlt die Agentur einen Zuschuss zum Arbeitsentgelt. 50 Prozent k\u00f6nnten dies im H\u00f6chstfall sein, erl\u00e4utert von der Agentur f\u00fcr Arbeit, Kurt Neubert, \u201e100 Prozent, wenn die Fortbildung au\u00dferhalb des Betriebes stattfindet.\u201c<\/p>\n<p>Auch Besch\u00e4ftigte \u00fcber 45 Jahre k\u00f6nnen einen Zuschuss erhalten, allerdings darf der Betrieb dann nicht mehr als 250 Mitarbeiter besch\u00e4ftigen. H\u00f6rt sich kompliziert an, ist es jedoch nicht, betont Mechthild Bleuel: \u201eUnd wo trotzdem Fragen auftauchen, die Bildungstr\u00e4ger helfen gerne weiter, denn wir sind in diesem Thema fit.\u201c<\/p>\n","protected":false},"excerpt":{"rendered":"<div class=\"tmnf_excerpt\"><p>Fulda. Dass die Agentur f\u00fcr Arbeit nicht ausschlie\u00dflich nur f\u00fcr Arbeitlose zust\u00e4ndig ist sondern auch Unternehmen und deren Mitarbeitern weiterhilft, dass hoben jetzt Arbeitsagenturchef Waldemar Dombrowski und Kurt Neubert, Teamleiter der Agentur, deutlich hervor. Rund eine halbe Million Euro flie\u00dfen alleine in diesem Jahr an Unternehmen, die in die Weiterbildung von Geringqualifizierten und \u00e4lteren Besch\u00e4ftigten &hellip;<\/p>\n<\/div>","protected":false},"author":1,"featured_media":0,"comment_status":"closed","ping_status":"closed","sticky":false,"template":"","format":"standard","meta":{"footnotes":""},"categories":[1,29],"tags":[],"class_list":["post-7793","post","type-post","status-publish","format-standard","hentry","category-startseite","category-politik"],"_links":{"self":[{"href":"https:\/\/www.fuldaernachrichten.de\/index.php?rest_route=\/wp\/v2\/posts\/7793","targetHints":{"allow":["GET"]}}],"collection":[{"href":"https:\/\/www.fuldaernachrichten.de\/index.php?rest_route=\/wp\/v2\/posts"}],"about":[{"href":"https:\/\/www.fuldaernachrichten.de\/index.php?rest_route=\/wp\/v2\/types\/post"}],"author":[{"embeddable":true,"href":"https:\/\/www.fuldaernachrichten.de\/index.php?rest_route=\/wp\/v2\/users\/1"}],"replies":[{"embeddable":true,"href":"https:\/\/www.fuldaernachrichten.de\/index.php?rest_route=%2Fwp%2Fv2%2Fcomments&post=7793"}],"version-history":[{"count":0,"href":"https:\/\/www.fuldaernachrichten.de\/index.php?rest_route=\/wp\/v2\/posts\/7793\/revisions"}],"wp:attachment":[{"href":"https:\/\/www.fuldaernachrichten.de\/index.php?rest_route=%2Fwp%2Fv2%2Fmedia&parent=7793"}],"wp:term":[{"taxonomy":"category","embeddable":true,"href":"https:\/\/www.fuldaernachrichten.de\/index.php?rest_route=%2Fwp%2Fv2%2Fcategories&post=7793"},{"taxonomy":"post_tag","embeddable":true,"href":"https:\/\/www.fuldaernachrichten.de\/index.php?rest_route=%2Fwp%2Fv2%2Ftags&post=7793"}],"curies":[{"name":"wp","href":"https:\/\/api.w.org\/{rel}","templated":true}]}}