{"id":7792,"date":"2008-02-11T00:18:36","date_gmt":"2008-02-10T23:18:36","guid":{"rendered":"http:\/\/www.schoene-nachrichten.de\/?p=7792"},"modified":"2008-02-10T22:36:08","modified_gmt":"2008-02-10T21:36:08","slug":"lebenslagen-von-migrantinnen","status":"publish","type":"post","link":"https:\/\/www.fuldaernachrichten.de\/?p=7792","title":{"rendered":"Lebenslagen von Migrantinnen"},"content":{"rendered":"<p><strong>Termin. <\/strong>Lebenslagen von Migrantinnen in Deutschland sind Thema im Frauenzentrum, Schlossstr. 12, am 13. Februar um 19.15 Uhr. Unter dem Motto \u201eWir haben vergessen zur\u00fcckzukehren\u201c oder \u201eWir sind schon l\u00e4ngst angekommen\u201c? zeichnet die Veranstaltung 50 Jahre Migrationsgeschichte (vor allem) als Geschichte von Frauen nach. <!--more--><\/p>\n<p>Sie stellt unterschiedliche Migrantinnengruppen u. ihre Lebensentw\u00fcrfe vor. Sie l\u00e4sst dabei ausreichend Raum f\u00fcr die Diskussion eigener Erfahrungen und Haltungen. Es referiert Sabine Kriechhammer-Yagmur, Diplom-P\u00e4dagogin, Bildungsreferentin, Frankfurt\/Main. Es handelt sich um eine Kooperationsveranstaltung der AG Frauen und Migration, Fulda, Frauenb\u00fcro der Stadt Fulda und B\u00fcro f\u00fcr Staatsb\u00fcrgerliche Frauenarbeit, Wiesbaden.<\/p>\n","protected":false},"excerpt":{"rendered":"<div class=\"tmnf_excerpt\"><p>Termin. Lebenslagen von Migrantinnen in Deutschland sind Thema im Frauenzentrum, Schlossstr. 12, am 13. Februar um 19.15 Uhr. Unter dem Motto \u201eWir haben vergessen zur\u00fcckzukehren\u201c oder \u201eWir sind schon l\u00e4ngst angekommen\u201c? zeichnet die Veranstaltung 50 Jahre Migrationsgeschichte (vor allem) als Geschichte von Frauen nach.<\/p>\n<\/div>","protected":false},"author":1,"featured_media":0,"comment_status":"closed","ping_status":"closed","sticky":false,"template":"","format":"standard","meta":{"footnotes":""},"categories":[1],"tags":[],"class_list":["post-7792","post","type-post","status-publish","format-standard","hentry","category-startseite"],"_links":{"self":[{"href":"https:\/\/www.fuldaernachrichten.de\/index.php?rest_route=\/wp\/v2\/posts\/7792","targetHints":{"allow":["GET"]}}],"collection":[{"href":"https:\/\/www.fuldaernachrichten.de\/index.php?rest_route=\/wp\/v2\/posts"}],"about":[{"href":"https:\/\/www.fuldaernachrichten.de\/index.php?rest_route=\/wp\/v2\/types\/post"}],"author":[{"embeddable":true,"href":"https:\/\/www.fuldaernachrichten.de\/index.php?rest_route=\/wp\/v2\/users\/1"}],"replies":[{"embeddable":true,"href":"https:\/\/www.fuldaernachrichten.de\/index.php?rest_route=%2Fwp%2Fv2%2Fcomments&post=7792"}],"version-history":[{"count":0,"href":"https:\/\/www.fuldaernachrichten.de\/index.php?rest_route=\/wp\/v2\/posts\/7792\/revisions"}],"wp:attachment":[{"href":"https:\/\/www.fuldaernachrichten.de\/index.php?rest_route=%2Fwp%2Fv2%2Fmedia&parent=7792"}],"wp:term":[{"taxonomy":"category","embeddable":true,"href":"https:\/\/www.fuldaernachrichten.de\/index.php?rest_route=%2Fwp%2Fv2%2Fcategories&post=7792"},{"taxonomy":"post_tag","embeddable":true,"href":"https:\/\/www.fuldaernachrichten.de\/index.php?rest_route=%2Fwp%2Fv2%2Ftags&post=7792"}],"curies":[{"name":"wp","href":"https:\/\/api.w.org\/{rel}","templated":true}]}}