{"id":7791,"date":"2008-02-08T18:21:29","date_gmt":"2008-02-08T17:21:29","guid":{"rendered":"http:\/\/www.schoene-nachrichten.de\/?p=7791"},"modified":"2008-02-08T18:21:29","modified_gmt":"2008-02-08T17:21:29","slug":"jahrestagung-der-berufungspastoral-der-orden-in-huenfeld","status":"publish","type":"post","link":"https:\/\/www.fuldaernachrichten.de\/?p=7791","title":{"rendered":"Jahrestagung der Berufungspastoral der Orden in H\u00fcnfeld"},"content":{"rendered":"<p><strong>H\u00fcnfeld.<\/strong> Von Aschermittwoch bis zum heutigen Freitag fand im H\u00fcnfelder Bonifatiuskloster die Jahrestagung der Arbeitsgemeinschaft Berufungspastoral der Orden statt, an der rund 60 Ordensleute aus ganz Deutschland teilnahmen. Universit\u00e4tsprofessor Dr. Alexander Kaiser, Mitglied der Pallottinischen Gemeinschaft (UAC), referierte \u00fcber das Thema \u201eBerufungscoaching\u201c und stellte Bausteine vor, um einen Menschen auf seinem Berufungsweg zu begleiten. \u201eDabei ging es ihm um einen ganzheitlichen Ansatz bei der Berufung\u201c, so Pater Stephan M\u00f6llmann OMI, der im Oblatenkloster H\u00fcnfeld f\u00fcr die Jugendarbeit zust\u00e4ndig ist. Das \u201eBerufungscoaching\u201c wendet sich speziell an Menschen, die vor einer Neuorientierung bzw. Entscheidung stehen und sich in dieser Phase ihrer Lebensausrichtung und ihrer F\u00e4higkeiten bewu\u00dft werden wollen. (bpf)<\/p>\n","protected":false},"excerpt":{"rendered":"<div class=\"tmnf_excerpt\"><p>H\u00fcnfeld. Von Aschermittwoch bis zum heutigen Freitag fand im H\u00fcnfelder Bonifatiuskloster die Jahrestagung der Arbeitsgemeinschaft Berufungspastoral der Orden statt, an der rund 60 Ordensleute aus ganz Deutschland teilnahmen. Universit\u00e4tsprofessor Dr. Alexander Kaiser, Mitglied der Pallottinischen Gemeinschaft (UAC), referierte \u00fcber das Thema \u201eBerufungscoaching\u201c und stellte Bausteine vor, um einen Menschen auf seinem Berufungsweg zu begleiten. \u201eDabei &hellip;<\/p>\n<\/div>","protected":false},"author":1,"featured_media":0,"comment_status":"closed","ping_status":"closed","sticky":false,"template":"","format":"standard","meta":{"footnotes":""},"categories":[1,50],"tags":[],"class_list":["post-7791","post","type-post","status-publish","format-standard","hentry","category-startseite","category-kirche"],"_links":{"self":[{"href":"https:\/\/www.fuldaernachrichten.de\/index.php?rest_route=\/wp\/v2\/posts\/7791","targetHints":{"allow":["GET"]}}],"collection":[{"href":"https:\/\/www.fuldaernachrichten.de\/index.php?rest_route=\/wp\/v2\/posts"}],"about":[{"href":"https:\/\/www.fuldaernachrichten.de\/index.php?rest_route=\/wp\/v2\/types\/post"}],"author":[{"embeddable":true,"href":"https:\/\/www.fuldaernachrichten.de\/index.php?rest_route=\/wp\/v2\/users\/1"}],"replies":[{"embeddable":true,"href":"https:\/\/www.fuldaernachrichten.de\/index.php?rest_route=%2Fwp%2Fv2%2Fcomments&post=7791"}],"version-history":[{"count":0,"href":"https:\/\/www.fuldaernachrichten.de\/index.php?rest_route=\/wp\/v2\/posts\/7791\/revisions"}],"wp:attachment":[{"href":"https:\/\/www.fuldaernachrichten.de\/index.php?rest_route=%2Fwp%2Fv2%2Fmedia&parent=7791"}],"wp:term":[{"taxonomy":"category","embeddable":true,"href":"https:\/\/www.fuldaernachrichten.de\/index.php?rest_route=%2Fwp%2Fv2%2Fcategories&post=7791"},{"taxonomy":"post_tag","embeddable":true,"href":"https:\/\/www.fuldaernachrichten.de\/index.php?rest_route=%2Fwp%2Fv2%2Ftags&post=7791"}],"curies":[{"name":"wp","href":"https:\/\/api.w.org\/{rel}","templated":true}]}}