{"id":77874,"date":"2010-12-03T00:05:46","date_gmt":"2010-12-02T23:05:46","guid":{"rendered":"http:\/\/www.fuldaer-nachrichten.de\/?p=77874"},"modified":"2010-12-03T11:32:18","modified_gmt":"2010-12-03T10:32:18","slug":"ausbildungspakt-und-projekt-olov-stossen-in-der-region-auf-grosses-interesse-netzwerktreffen-im-itz","status":"publish","type":"post","link":"https:\/\/www.fuldaernachrichten.de\/?p=77874","title":{"rendered":"Ausbildungspakt und Projekt OloV sto\u00dfen in der Region auf gro\u00dfes Interesse &#8211; Netzwerktreffen im ITZ"},"content":{"rendered":"<p><a title=\"Foto: Max Colin Heydenreich\" rel=\"lightbox[roadtrip]\" href=\"..\/wp-content\/uploads\/2010\/12\/101202_Landkreis_003.jpg\" target=\"_blank\"><img decoding=\"async\" src=\"..\/wp-content\/uploads\/2010\/12\/101202_Landkreis_003.jpg\" alt=\"101202_Landkreis_003.jpg\" width=\"560\" \/><\/a><\/p>\n<p>Fulda. Metzger oder doch lieber Schreiner werden? Die Suche nach dem passenden Beruf ist f\u00fcr Jugendliche eine wichtige, aber auch sehr schwierige Aufgabe. Seit 2008 gibt es die hessenweite Strategie OloV &#8211; Optimierung der lokalen Vermittlungsarbeit bei der Schaffung und Besetzung von Ausbildungspl\u00e4tzen in Hessen. Mit OloV sollen nicht nur die regionalen Strukturen zur Berufsorientierung verbessert, sondern die Jugendlichen auch ganz gezielt auf die Anforderungen der Arbeitswelt vorbereitet werden.<\/p>\n<p><strong>Fotos (61):<\/strong> Max Colin Heydenreich<!--more--><\/p>\n<p><a title=\"Foto: Max Colin Heydenreich\" rel=\"lightbox[roadtrip]\" href=\"http:\/\/www.fuldaer-nachrichten.de\/wp-content\/uploads\/2010\/12\/101202_Landkreis_007.jpg\" target=\"_blank\"><img decoding=\"async\" src=\"http:\/\/www.fuldaer-nachrichten.de\/wp-content\/uploads\/2010\/12\/101202_Landkreis_007.thumbnail.jpg\" alt=\"101202_Landkreis_007.jpg\" width=\"265\" \/><\/a> <a title=\"Foto: Max Colin Heydenreich\" rel=\"lightbox[roadtrip]\" href=\"http:\/\/www.fuldaer-nachrichten.de\/wp-content\/uploads\/2010\/12\/101202_Landkreis_008.jpg\" target=\"_blank\"><img decoding=\"async\" src=\"http:\/\/www.fuldaer-nachrichten.de\/wp-content\/uploads\/2010\/12\/101202_Landkreis_008.thumbnail.jpg\" alt=\"101202_Landkreis_008.jpg\" width=\"265\" \/><\/a><\/p>\n<p>In der Stadt und beim Landkreis Fulda gibt es OloV-Koordinatoren. Sie leiten die regionale Steuerungsgruppe, in der verschiedene Ausbildungsmarkt-Akteure zusammenarbeiten. Die Koordinatoren hatten am Montag zu einem Netzwerktreffen in das ITZ Fulda eingeladen, um die bisherige Zusammenarbeit zu beleuchten, die weitere Vernetzung der Akteure zu f\u00f6rdern und der Frage nachzugehen, wie man die besonderen F\u00e4higkeiten der Sch\u00fclerinnen und Sch\u00fcler besser erkennen und die individuelle Berufswahl f\u00f6rdern kann. Moderiert wurde die Veranstaltung von Hermann Diel.<\/p>\n<p><a title=\"Foto: Max Colin Heydenreich\" rel=\"lightbox[roadtrip]\" href=\"http:\/\/www.fuldaer-nachrichten.de\/wp-content\/uploads\/2010\/12\/101202_Landkreis_009.jpg\" target=\"_blank\"><img decoding=\"async\" src=\"http:\/\/www.fuldaer-nachrichten.de\/wp-content\/uploads\/2010\/12\/101202_Landkreis_009.thumbnail.jpg\" alt=\"101202_Landkreis_009.jpg\" width=\"265\" \/><\/a> <a title=\"Foto: Max Colin Heydenreich\" rel=\"lightbox[roadtrip]\" href=\"http:\/\/www.fuldaer-nachrichten.de\/wp-content\/uploads\/2010\/12\/101202_Landkreis_010.jpg\" target=\"_blank\"><img decoding=\"async\" src=\"http:\/\/www.fuldaer-nachrichten.de\/wp-content\/uploads\/2010\/12\/101202_Landkreis_010.thumbnail.jpg\" alt=\"101202_Landkreis_010.jpg\" width=\"265\" \/><\/a><\/p>\n<p>B\u00fcrgermeister Dr. Wolfgang Dippel und Ilona L\u00f6wer, die die Fachstelle Jugendberufshilfe beim Landkreis Fulda leitet, konnten knapp 100 Teilnehmerinnen und Teilnehmer \u2013 darunter Schulleiter, OloV-Schulkoordinatoren, Berufsberater, Arbeitscoaches, Berufseinstiegsbegleiter sowie Vertreter aus heimischen Unternehmen begr\u00fc\u00dfen. Dr. Dippel betonte die Bedeutung der regionalen Netzwerke und dankte allen Beteiligten, die sich daf\u00fcr engagieren, eine bedarfsgerechte Berufsorientierung zu gestalten.<\/p>\n<p><a title=\"Foto: Max Colin Heydenreich\" rel=\"lightbox[roadtrip]\" href=\"http:\/\/www.fuldaer-nachrichten.de\/wp-content\/uploads\/2010\/12\/101202_Landkreis_011.jpg\" target=\"_blank\"><img decoding=\"async\" src=\"http:\/\/www.fuldaer-nachrichten.de\/wp-content\/uploads\/2010\/12\/101202_Landkreis_011.thumbnail.jpg\" alt=\"101202_Landkreis_011.jpg\" width=\"265\" \/><\/a> <a title=\"Foto: Max Colin Heydenreich\" rel=\"lightbox[roadtrip]\" href=\"http:\/\/www.fuldaer-nachrichten.de\/wp-content\/uploads\/2010\/12\/101202_Landkreis_012.jpg\" target=\"_blank\"><img decoding=\"async\" src=\"http:\/\/www.fuldaer-nachrichten.de\/wp-content\/uploads\/2010\/12\/101202_Landkreis_012.thumbnail.jpg\" alt=\"101202_Landkreis_012.jpg\" width=\"265\" \/><\/a><\/p>\n<p>Dass Berufsorientierung umfassende und abgestimmte Konzepte braucht, an denen viele Partner mitwirken, wurde in dem Vortrag von Kreishandwerksmeister Claus Gerhardt deutlich. Er thematisierte die Erwartungen der Wirtschaft an die Schulabg\u00e4nger unter Ber\u00fccksichtigung des drohenden Fachkr\u00e4ftemangels. Die Kreishandwerkerschaft betrachtet die Entwicklungen der Ausbildungsmarktzahlen mit Sorge. Obwohl die Ausbildungsbereitschaft im Handwerk unver\u00e4ndert hoch sei, blieben im Oktober 2010 ca. 40 Ausbildungspl\u00e4tze unbesetzt, so Gerhardt.<\/p>\n<p><a title=\"Foto: Max Colin Heydenreich\" rel=\"lightbox[roadtrip]\" href=\"http:\/\/www.fuldaer-nachrichten.de\/wp-content\/uploads\/2010\/12\/101202_Landkreis_013.jpg\" target=\"_blank\"><img decoding=\"async\" src=\"http:\/\/www.fuldaer-nachrichten.de\/wp-content\/uploads\/2010\/12\/101202_Landkreis_013.thumbnail.jpg\" alt=\"101202_Landkreis_013.jpg\" width=\"265\" \/><\/a> <a title=\"Foto: Max Colin Heydenreich\" rel=\"lightbox[roadtrip]\" href=\"http:\/\/www.fuldaer-nachrichten.de\/wp-content\/uploads\/2010\/12\/101202_Landkreis_014.jpg\" target=\"_blank\"><img decoding=\"async\" src=\"http:\/\/www.fuldaer-nachrichten.de\/wp-content\/uploads\/2010\/12\/101202_Landkreis_014.thumbnail.jpg\" alt=\"101202_Landkreis_014.jpg\" width=\"265\" \/><\/a><\/p>\n<p>\u201eFachkr\u00e4fte k\u00f6nnen wir nicht \u2013 auch bei noch so gro\u00dfen Bem\u00fchungen \u2013 aus Unwilligen machen. Deshalb sind f\u00fcr uns solche Jugendliche wichtig, die die n\u00f6tige Ausbildungsreife besitzen\u201c, betonte der Kreishandwerksmeister. Ausbildungsreife hei\u00dfe, eine Grundbereitschaft und den Willen zu haben, aus sich und seinem Leben etwas zu machen. \u201eDaf\u00fcr m\u00fcssen wir gemeinsam sorgen, ansonsten stehen wir vor der paradoxen Situation dass Ausbildungspl\u00e4tze unbesetzt bleiben, gleichzeitig aber Jugendliche keine Chance auf einen dieser Pl\u00e4tze erhalten\u201c, verdeutlichte Gerhardt. Notwendig sei es, dass sich die Schulabg\u00e4nger mit den Anforderungen der Unternehmen und der Gesellschaft auseinandersetzen. H\u00e4ufig fehle es an ganz elementaren Dingen, die einmal selbstverst\u00e4ndlich waren, wie beispielsweise H\u00f6flichkeit, P\u00fcnktlichkeit oder Zuverl\u00e4ssigkeit.<\/p>\n<p><a title=\"Foto: Max Colin Heydenreich\" rel=\"lightbox[roadtrip]\" href=\"http:\/\/www.fuldaer-nachrichten.de\/wp-content\/uploads\/2010\/12\/101202_Landkreis_015.jpg\" target=\"_blank\"><img decoding=\"async\" src=\"http:\/\/www.fuldaer-nachrichten.de\/wp-content\/uploads\/2010\/12\/101202_Landkreis_015.thumbnail.jpg\" alt=\"101202_Landkreis_015.jpg\" width=\"265\" \/><\/a> <a title=\"Foto: Max Colin Heydenreich\" rel=\"lightbox[roadtrip]\" href=\"http:\/\/www.fuldaer-nachrichten.de\/wp-content\/uploads\/2010\/12\/101202_Landkreis_018.jpg\" target=\"_blank\"><img decoding=\"async\" src=\"http:\/\/www.fuldaer-nachrichten.de\/wp-content\/uploads\/2010\/12\/101202_Landkreis_016.thumbnail.jpg\" alt=\"101202_Landkreis_016.jpg\" width=\"265\" \/><\/a> <a title=\"Foto: Max Colin Heydenreich\" rel=\"lightbox[roadtrip]\" href=\"http:\/\/www.fuldaer-nachrichten.de\/wp-content\/uploads\/2010\/12\/101202_Landkreis_063.jpg\" target=\"_blank\"><\/a><\/p>\n<p>Einen \u00dcberblick \u00fcber die OloV-Aktivit\u00e4ten in 2009 und 2010 gaben Ilona L\u00f6wer und Christiane Herchenhein, OloV-Koordinatorin der Stadt Fulda. Sie berichteten \u00fcber die verschiedenen Instrumente zur F\u00f6rderung der Ausbildungsreife sowie \u00fcber die Projekte, die eine passgenaue Vermittlung der Jugendlichen erm\u00f6glichen sollen. Im Rahmen von Workshops bearbeiteten die Teilnehmerinnen und Teilnehmer im Anschluss die Frage, wie die F\u00e4higkeiten der Sch\u00fclerinnen und Sch\u00fcler besser erkannt und eine individuelle Berufswahl gef\u00f6rdert werden kann. Dabei wurden mehrw\u00f6chige begleitete Betriebspraktika, ein kontinuierlicher Austausch zwischen Schulen und Betrieben sowie die Zusammenarbeit mit den Eltern als weitere Stellschrauben identifiziert, um die Jugendlichen systematisch an die Berufswahl heranzuf\u00fchren und ihnen gleichzeitig dabei zu helfen, die eigenen St\u00e4rken zu erkennen.<\/p>\n<p><a title=\"Foto: Max Colin Heydenreich\" rel=\"lightbox[roadtrip]\" href=\"http:\/\/www.fuldaer-nachrichten.de\/wp-content\/uploads\/2010\/12\/101202_Landkreis_063.jpg\" target=\"_blank\"><img decoding=\"async\" src=\"http:\/\/www.fuldaer-nachrichten.de\/wp-content\/uploads\/2010\/12\/101202_Landkreis_063.thumbnail.jpg\" alt=\"101202_Landkreis_063.jpg\" width=\"265\" \/> <\/a><a title=\"Foto: Max Colin Heydenreich\" rel=\"lightbox[roadtrip]\" href=\"http:\/\/www.fuldaer-nachrichten.de\/wp-content\/uploads\/2010\/12\/101202_Landkreis_018.jpg\" target=\"_blank\"><img decoding=\"async\" src=\"http:\/\/www.fuldaer-nachrichten.de\/wp-content\/uploads\/2010\/12\/101202_Landkreis_018.thumbnail.jpg\" alt=\"101202_Landkreis_018.jpg\" width=\"265\" \/><\/a><\/p>\n<p><!-- @font-face {   font-family: \"Arial\"; }@font-face {   font-family: \"Cambria\"; }p.MsoNormal, li.MsoNormal, div.MsoNormal { margin: 0cm 0cm 10pt; font-size: 12pt; font-family: \"Times New Roman\"; }div.Section1 { page: Section1; } --> \u201eMit den Ergebnissen des Netzwerktreffens k\u00f6nnen wir sehr zufrieden sein\u201c, erkl\u00e4rte Ilona L\u00f6wer abschlie\u00dfend. \u201eDenn die Zahl der Teilnehmer zeigt uns, dass das Interesse an dem Thema sehr gro\u00df ist und dass es noch viele Ideen und M\u00f6glichkeiten gibt, die Berufsorientierung im Rahmen von OloV zu verbessern.\u201c<\/p>\n<p><a title=\"Foto: Max Colin Heydenreich\" rel=\"lightbox[roadtrip]\" href=\"http:\/\/www.fuldaer-nachrichten.de\/wp-content\/uploads\/2010\/12\/101202_Landkreis_001.jpg\" target=\"_blank\"><img decoding=\"async\" src=\"http:\/\/www.fuldaer-nachrichten.de\/wp-content\/uploads\/2010\/12\/101202_Landkreis_001.thumbnail.jpg\" alt=\"101202_Landkreis_001.jpg\" width=\"265\" \/><\/a> <a title=\"Foto: Max Colin Heydenreich\" rel=\"lightbox[roadtrip]\" href=\"http:\/\/www.fuldaer-nachrichten.de\/wp-content\/uploads\/2010\/12\/101202_Landkreis_002.jpg\" target=\"_blank\"><img decoding=\"async\" src=\"http:\/\/www.fuldaer-nachrichten.de\/wp-content\/uploads\/2010\/12\/101202_Landkreis_002.thumbnail.jpg\" alt=\"101202_Landkreis_002.jpg\" width=\"265\" \/><\/a><\/p>\n<p><a title=\"Foto: Max Colin Heydenreich\" rel=\"lightbox[roadtrip]\" href=\"http:\/\/www.fuldaer-nachrichten.de\/wp-content\/uploads\/2010\/12\/101202_Landkreis_019.jpg\" target=\"_blank\"><img decoding=\"async\" src=\"http:\/\/www.fuldaer-nachrichten.de\/wp-content\/uploads\/2010\/12\/101202_Landkreis_019.thumbnail.jpg\" alt=\"101202_Landkreis_019.jpg\" width=\"265\" \/><\/a> <a title=\"Foto: Max Colin Heydenreich\" rel=\"lightbox[roadtrip]\" href=\"http:\/\/www.fuldaer-nachrichten.de\/wp-content\/uploads\/2010\/12\/101202_Landkreis_020.jpg\" target=\"_blank\"><img decoding=\"async\" src=\"http:\/\/www.fuldaer-nachrichten.de\/wp-content\/uploads\/2010\/12\/101202_Landkreis_020.thumbnail.jpg\" alt=\"101202_Landkreis_020.jpg\" width=\"265\" \/><\/a><\/p>\n<p><a title=\"Foto: Max Colin Heydenreich\" rel=\"lightbox[roadtrip]\" href=\"http:\/\/www.fuldaer-nachrichten.de\/wp-content\/uploads\/2010\/12\/101202_Landkreis_021.jpg\" target=\"_blank\"><img decoding=\"async\" src=\"http:\/\/www.fuldaer-nachrichten.de\/wp-content\/uploads\/2010\/12\/101202_Landkreis_021.thumbnail.jpg\" alt=\"101202_Landkreis_021.jpg\" width=\"265\" \/><\/a> <a title=\"Foto: Max Colin Heydenreich\" rel=\"lightbox[roadtrip]\" href=\"http:\/\/www.fuldaer-nachrichten.de\/wp-content\/uploads\/2010\/12\/101202_Landkreis_022.jpg\" target=\"_blank\"><img decoding=\"async\" src=\"http:\/\/www.fuldaer-nachrichten.de\/wp-content\/uploads\/2010\/12\/101202_Landkreis_022.thumbnail.jpg\" alt=\"101202_Landkreis_022.jpg\" width=\"265\" \/><\/a><\/p>\n<p><a title=\"Foto: Max Colin Heydenreich\" rel=\"lightbox[roadtrip]\" href=\"http:\/\/www.fuldaer-nachrichten.de\/wp-content\/uploads\/2010\/12\/101202_Landkreis_023.jpg\" target=\"_blank\"><img decoding=\"async\" src=\"http:\/\/www.fuldaer-nachrichten.de\/wp-content\/uploads\/2010\/12\/101202_Landkreis_023.thumbnail.jpg\" alt=\"101202_Landkreis_023.jpg\" width=\"265\" \/><\/a> <a title=\"Foto: Max Colin Heydenreich\" rel=\"lightbox[roadtrip]\" href=\"http:\/\/www.fuldaer-nachrichten.de\/wp-content\/uploads\/2010\/12\/101202_Landkreis_024.jpg\" target=\"_blank\"><img decoding=\"async\" src=\"http:\/\/www.fuldaer-nachrichten.de\/wp-content\/uploads\/2010\/12\/101202_Landkreis_024.thumbnail.jpg\" alt=\"101202_Landkreis_024.jpg\" width=\"265\" \/><\/a><\/p>\n<p><a title=\"Foto: Max Colin Heydenreich\" rel=\"lightbox[roadtrip]\" href=\"http:\/\/www.fuldaer-nachrichten.de\/wp-content\/uploads\/2010\/12\/101202_Landkreis_025.jpg\" target=\"_blank\"><img decoding=\"async\" src=\"http:\/\/www.fuldaer-nachrichten.de\/wp-content\/uploads\/2010\/12\/101202_Landkreis_025.thumbnail.jpg\" alt=\"101202_Landkreis_025.jpg\" width=\"265\" \/><\/a> <a title=\"Foto: Max Colin Heydenreich\" rel=\"lightbox[roadtrip]\" href=\"http:\/\/www.fuldaer-nachrichten.de\/wp-content\/uploads\/2010\/12\/101202_Landkreis_026.jpg\" target=\"_blank\"><img decoding=\"async\" src=\"http:\/\/www.fuldaer-nachrichten.de\/wp-content\/uploads\/2010\/12\/101202_Landkreis_026.thumbnail.jpg\" alt=\"101202_Landkreis_026.jpg\" width=\"265\" \/><\/a><\/p>\n<p><a title=\"Foto: Max Colin Heydenreich\" rel=\"lightbox[roadtrip]\" href=\"http:\/\/www.fuldaer-nachrichten.de\/wp-content\/uploads\/2010\/12\/101202_Landkreis_027.jpg\" target=\"_blank\"><img decoding=\"async\" src=\"http:\/\/www.fuldaer-nachrichten.de\/wp-content\/uploads\/2010\/12\/101202_Landkreis_027.thumbnail.jpg\" alt=\"101202_Landkreis_027.jpg\" width=\"265\" \/><\/a> <a title=\"Foto: Max Colin Heydenreich\" rel=\"lightbox[roadtrip]\" href=\"http:\/\/www.fuldaer-nachrichten.de\/wp-content\/uploads\/2010\/12\/101202_Landkreis_028.jpg\" target=\"_blank\"><img decoding=\"async\" src=\"http:\/\/www.fuldaer-nachrichten.de\/wp-content\/uploads\/2010\/12\/101202_Landkreis_028.thumbnail.jpg\" alt=\"101202_Landkreis_028.jpg\" width=\"265\" \/><\/a><\/p>\n<p><a title=\"Foto: Max Colin Heydenreich\" rel=\"lightbox[roadtrip]\" href=\"http:\/\/www.fuldaer-nachrichten.de\/wp-content\/uploads\/2010\/12\/101202_Landkreis_029.jpg\" target=\"_blank\"><img decoding=\"async\" src=\"http:\/\/www.fuldaer-nachrichten.de\/wp-content\/uploads\/2010\/12\/101202_Landkreis_029.thumbnail.jpg\" alt=\"101202_Landkreis_029.jpg\" width=\"265\" \/><\/a> <a title=\"Foto: Max Colin Heydenreich\" rel=\"lightbox[roadtrip]\" href=\"http:\/\/www.fuldaer-nachrichten.de\/wp-content\/uploads\/2010\/12\/101202_Landkreis_030.jpg\" target=\"_blank\"><img decoding=\"async\" src=\"http:\/\/www.fuldaer-nachrichten.de\/wp-content\/uploads\/2010\/12\/101202_Landkreis_030.thumbnail.jpg\" alt=\"101202_Landkreis_030.jpg\" width=\"265\" \/><\/a><\/p>\n<p><a title=\"Foto: Max Colin Heydenreich\" rel=\"lightbox[roadtrip]\" href=\"http:\/\/www.fuldaer-nachrichten.de\/wp-content\/uploads\/2010\/12\/101202_Landkreis_031.jpg\" target=\"_blank\"><img decoding=\"async\" src=\"http:\/\/www.fuldaer-nachrichten.de\/wp-content\/uploads\/2010\/12\/101202_Landkreis_031.thumbnail.jpg\" alt=\"101202_Landkreis_031.jpg\" width=\"265\" \/><\/a> <a title=\"Foto: Max Colin Heydenreich\" rel=\"lightbox[roadtrip]\" href=\"http:\/\/www.fuldaer-nachrichten.de\/wp-content\/uploads\/2010\/12\/101202_Landkreis_032.jpg\" target=\"_blank\"><img decoding=\"async\" src=\"http:\/\/www.fuldaer-nachrichten.de\/wp-content\/uploads\/2010\/12\/101202_Landkreis_032.thumbnail.jpg\" alt=\"101202_Landkreis_032.jpg\" width=\"265\" \/><\/a><\/p>\n<p><a title=\"Foto: Max Colin Heydenreich\" rel=\"lightbox[roadtrip]\" href=\"http:\/\/www.fuldaer-nachrichten.de\/wp-content\/uploads\/2010\/12\/101202_Landkreis_033.jpg\" target=\"_blank\"><img decoding=\"async\" src=\"http:\/\/www.fuldaer-nachrichten.de\/wp-content\/uploads\/2010\/12\/101202_Landkreis_033.thumbnail.jpg\" alt=\"101202_Landkreis_033.jpg\" width=\"265\" \/><\/a> <a title=\"Foto: Max Colin Heydenreich\" rel=\"lightbox[roadtrip]\" href=\"http:\/\/www.fuldaer-nachrichten.de\/wp-content\/uploads\/2010\/12\/101202_Landkreis_034.jpg\" target=\"_blank\"><img decoding=\"async\" src=\"http:\/\/www.fuldaer-nachrichten.de\/wp-content\/uploads\/2010\/12\/101202_Landkreis_034.thumbnail.jpg\" alt=\"101202_Landkreis_034.jpg\" width=\"265\" \/><\/a><\/p>\n<p><a title=\"Foto: Max Colin Heydenreich\" rel=\"lightbox[roadtrip]\" href=\"http:\/\/www.fuldaer-nachrichten.de\/wp-content\/uploads\/2010\/12\/101202_Landkreis_035.jpg\" target=\"_blank\"><img decoding=\"async\" src=\"http:\/\/www.fuldaer-nachrichten.de\/wp-content\/uploads\/2010\/12\/101202_Landkreis_035.thumbnail.jpg\" alt=\"101202_Landkreis_035.jpg\" width=\"265\" \/><\/a> <a title=\"Foto: Max Colin Heydenreich\" rel=\"lightbox[roadtrip]\" href=\"http:\/\/www.fuldaer-nachrichten.de\/wp-content\/uploads\/2010\/12\/101202_Landkreis_036.jpg\" target=\"_blank\"><img decoding=\"async\" src=\"http:\/\/www.fuldaer-nachrichten.de\/wp-content\/uploads\/2010\/12\/101202_Landkreis_036.thumbnail.jpg\" alt=\"101202_Landkreis_036.jpg\" width=\"265\" \/><\/a><\/p>\n<p><a title=\"Foto: Max Colin Heydenreich\" rel=\"lightbox[roadtrip]\" href=\"http:\/\/www.fuldaer-nachrichten.de\/wp-content\/uploads\/2010\/12\/101202_Landkreis_037.jpg\" target=\"_blank\"><img decoding=\"async\" src=\"http:\/\/www.fuldaer-nachrichten.de\/wp-content\/uploads\/2010\/12\/101202_Landkreis_037.thumbnail.jpg\" alt=\"101202_Landkreis_037.jpg\" width=\"265\" \/><\/a> <a title=\"Foto: Max Colin Heydenreich\" rel=\"lightbox[roadtrip]\" href=\"http:\/\/www.fuldaer-nachrichten.de\/wp-content\/uploads\/2010\/12\/101202_Landkreis_038.jpg\" target=\"_blank\"><img decoding=\"async\" src=\"http:\/\/www.fuldaer-nachrichten.de\/wp-content\/uploads\/2010\/12\/101202_Landkreis_038.thumbnail.jpg\" alt=\"101202_Landkreis_038.jpg\" width=\"265\" \/><\/a><\/p>\n<p><a title=\"Foto: Max Colin Heydenreich\" rel=\"lightbox[roadtrip]\" href=\"http:\/\/www.fuldaer-nachrichten.de\/wp-content\/uploads\/2010\/12\/101202_Landkreis_039.jpg\" target=\"_blank\"><img decoding=\"async\" src=\"http:\/\/www.fuldaer-nachrichten.de\/wp-content\/uploads\/2010\/12\/101202_Landkreis_039.thumbnail.jpg\" alt=\"101202_Landkreis_039.jpg\" width=\"265\" \/><\/a> <a title=\"Foto: Max Colin Heydenreich\" rel=\"lightbox[roadtrip]\" href=\"http:\/\/www.fuldaer-nachrichten.de\/wp-content\/uploads\/2010\/12\/101202_Landkreis_040.jpg\" target=\"_blank\"><img decoding=\"async\" src=\"http:\/\/www.fuldaer-nachrichten.de\/wp-content\/uploads\/2010\/12\/101202_Landkreis_040.thumbnail.jpg\" alt=\"101202_Landkreis_040.jpg\" width=\"265\" \/><\/a><\/p>\n<p><a title=\"Foto: Max Colin Heydenreich\" rel=\"lightbox[roadtrip]\" href=\"http:\/\/www.fuldaer-nachrichten.de\/wp-content\/uploads\/2010\/12\/101202_Landkreis_041.jpg\" target=\"_blank\"><img decoding=\"async\" src=\"http:\/\/www.fuldaer-nachrichten.de\/wp-content\/uploads\/2010\/12\/101202_Landkreis_041.thumbnail.jpg\" alt=\"101202_Landkreis_041.jpg\" width=\"265\" \/><\/a> <a title=\"Foto: Max Colin Heydenreich\" rel=\"lightbox[roadtrip]\" href=\"http:\/\/www.fuldaer-nachrichten.de\/wp-content\/uploads\/2010\/12\/101202_Landkreis_042.jpg\" target=\"_blank\"><img decoding=\"async\" src=\"http:\/\/www.fuldaer-nachrichten.de\/wp-content\/uploads\/2010\/12\/101202_Landkreis_042.thumbnail.jpg\" alt=\"101202_Landkreis_042.jpg\" width=\"265\" \/><\/a><\/p>\n<p><a title=\"Foto: Max Colin Heydenreich\" rel=\"lightbox[roadtrip]\" href=\"http:\/\/www.fuldaer-nachrichten.de\/wp-content\/uploads\/2010\/12\/101202_Landkreis_043.jpg\" target=\"_blank\"><img decoding=\"async\" src=\"http:\/\/www.fuldaer-nachrichten.de\/wp-content\/uploads\/2010\/12\/101202_Landkreis_043.thumbnail.jpg\" alt=\"101202_Landkreis_043.jpg\" width=\"265\" \/><\/a> <a title=\"Foto: Max Colin Heydenreich\" rel=\"lightbox[roadtrip]\" href=\"http:\/\/www.fuldaer-nachrichten.de\/wp-content\/uploads\/2010\/12\/101202_Landkreis_044.jpg\" target=\"_blank\"><img decoding=\"async\" src=\"http:\/\/www.fuldaer-nachrichten.de\/wp-content\/uploads\/2010\/12\/101202_Landkreis_044.thumbnail.jpg\" alt=\"101202_Landkreis_044.jpg\" width=\"265\" \/><\/a><\/p>\n<p><a title=\"Foto: Max Colin Heydenreich\" rel=\"lightbox[roadtrip]\" href=\"http:\/\/www.fuldaer-nachrichten.de\/wp-content\/uploads\/2010\/12\/101202_Landkreis_045.jpg\" target=\"_blank\"><img decoding=\"async\" src=\"http:\/\/www.fuldaer-nachrichten.de\/wp-content\/uploads\/2010\/12\/101202_Landkreis_045.thumbnail.jpg\" alt=\"101202_Landkreis_045.jpg\" width=\"265\" \/><\/a> <a title=\"Foto: Max Colin Heydenreich\" rel=\"lightbox[roadtrip]\" href=\"http:\/\/www.fuldaer-nachrichten.de\/wp-content\/uploads\/2010\/12\/101202_Landkreis_046.jpg\" target=\"_blank\"><img decoding=\"async\" src=\"http:\/\/www.fuldaer-nachrichten.de\/wp-content\/uploads\/2010\/12\/101202_Landkreis_046.thumbnail.jpg\" alt=\"101202_Landkreis_046.jpg\" width=\"265\" \/><\/a><\/p>\n<p><a title=\"Foto: Max Colin Heydenreich\" rel=\"lightbox[roadtrip]\" href=\"http:\/\/www.fuldaer-nachrichten.de\/wp-content\/uploads\/2010\/12\/101202_Landkreis_047.jpg\" target=\"_blank\"><img decoding=\"async\" src=\"http:\/\/www.fuldaer-nachrichten.de\/wp-content\/uploads\/2010\/12\/101202_Landkreis_047.thumbnail.jpg\" alt=\"101202_Landkreis_047.jpg\" width=\"265\" \/><\/a> <a title=\"Foto: Max Colin Heydenreich\" rel=\"lightbox[roadtrip]\" href=\"http:\/\/www.fuldaer-nachrichten.de\/wp-content\/uploads\/2010\/12\/101202_Landkreis_048.jpg\" target=\"_blank\"><img decoding=\"async\" src=\"http:\/\/www.fuldaer-nachrichten.de\/wp-content\/uploads\/2010\/12\/101202_Landkreis_048.thumbnail.jpg\" alt=\"101202_Landkreis_048.jpg\" width=\"265\" \/><\/a><\/p>\n<p><a title=\"Foto: Max Colin Heydenreich\" rel=\"lightbox[roadtrip]\" href=\"http:\/\/www.fuldaer-nachrichten.de\/wp-content\/uploads\/2010\/12\/101202_Landkreis_049.jpg\" target=\"_blank\"><img decoding=\"async\" src=\"http:\/\/www.fuldaer-nachrichten.de\/wp-content\/uploads\/2010\/12\/101202_Landkreis_049.thumbnail.jpg\" alt=\"101202_Landkreis_049.jpg\" width=\"265\" \/><\/a> <a title=\"Foto: Max Colin Heydenreich\" rel=\"lightbox[roadtrip]\" href=\"http:\/\/www.fuldaer-nachrichten.de\/wp-content\/uploads\/2010\/12\/101202_Landkreis_050.jpg\" target=\"_blank\"><img decoding=\"async\" src=\"http:\/\/www.fuldaer-nachrichten.de\/wp-content\/uploads\/2010\/12\/101202_Landkreis_050.thumbnail.jpg\" alt=\"101202_Landkreis_050.jpg\" width=\"265\" \/><\/a><\/p>\n<p><a title=\"Foto: Max Colin Heydenreich\" rel=\"lightbox[roadtrip]\" href=\"http:\/\/www.fuldaer-nachrichten.de\/wp-content\/uploads\/2010\/12\/101202_Landkreis_051.jpg\" target=\"_blank\"><img decoding=\"async\" src=\"http:\/\/www.fuldaer-nachrichten.de\/wp-content\/uploads\/2010\/12\/101202_Landkreis_051.thumbnail.jpg\" alt=\"101202_Landkreis_051.jpg\" width=\"265\" \/><\/a> <a title=\"Foto: Max Colin Heydenreich\" rel=\"lightbox[roadtrip]\" href=\"http:\/\/www.fuldaer-nachrichten.de\/wp-content\/uploads\/2010\/12\/101202_Landkreis_052.jpg\" target=\"_blank\"><img decoding=\"async\" src=\"http:\/\/www.fuldaer-nachrichten.de\/wp-content\/uploads\/2010\/12\/101202_Landkreis_052.thumbnail.jpg\" alt=\"101202_Landkreis_052.jpg\" width=\"265\" \/><\/a><\/p>\n<p><a title=\"Foto: Max Colin Heydenreich\" rel=\"lightbox[roadtrip]\" href=\"http:\/\/www.fuldaer-nachrichten.de\/wp-content\/uploads\/2010\/12\/101202_Landkreis_053.jpg\" target=\"_blank\"><img decoding=\"async\" src=\"http:\/\/www.fuldaer-nachrichten.de\/wp-content\/uploads\/2010\/12\/101202_Landkreis_053.thumbnail.jpg\" alt=\"101202_Landkreis_053.jpg\" width=\"265\" \/><\/a> <a title=\"Foto: Max Colin Heydenreich\" rel=\"lightbox[roadtrip]\" href=\"http:\/\/www.fuldaer-nachrichten.de\/wp-content\/uploads\/2010\/12\/101202_Landkreis_054.jpg\" target=\"_blank\"><img decoding=\"async\" src=\"http:\/\/www.fuldaer-nachrichten.de\/wp-content\/uploads\/2010\/12\/101202_Landkreis_054.thumbnail.jpg\" alt=\"101202_Landkreis_054.jpg\" width=\"265\" \/><\/a><\/p>\n<p><a title=\"Foto: Max Colin Heydenreich\" rel=\"lightbox[roadtrip]\" href=\"http:\/\/www.fuldaer-nachrichten.de\/wp-content\/uploads\/2010\/12\/101202_Landkreis_055.jpg\" target=\"_blank\"><img decoding=\"async\" src=\"http:\/\/www.fuldaer-nachrichten.de\/wp-content\/uploads\/2010\/12\/101202_Landkreis_055.thumbnail.jpg\" alt=\"101202_Landkreis_055.jpg\" width=\"265\" \/><\/a> <a title=\"Foto: Max Colin Heydenreich\" rel=\"lightbox[roadtrip]\" href=\"http:\/\/www.fuldaer-nachrichten.de\/wp-content\/uploads\/2010\/12\/101202_Landkreis_056.jpg\" target=\"_blank\"><img decoding=\"async\" src=\"http:\/\/www.fuldaer-nachrichten.de\/wp-content\/uploads\/2010\/12\/101202_Landkreis_056.thumbnail.jpg\" alt=\"101202_Landkreis_056.jpg\" width=\"265\" \/><\/a><\/p>\n<p><a title=\"Foto: Max Colin Heydenreich\" rel=\"lightbox[roadtrip]\" href=\"http:\/\/www.fuldaer-nachrichten.de\/wp-content\/uploads\/2010\/12\/101202_Landkreis_057.jpg\" target=\"_blank\"><img decoding=\"async\" src=\"http:\/\/www.fuldaer-nachrichten.de\/wp-content\/uploads\/2010\/12\/101202_Landkreis_057.thumbnail.jpg\" alt=\"101202_Landkreis_057.jpg\" width=\"265\" \/><\/a> <a title=\"Foto: Max Colin Heydenreich\" rel=\"lightbox[roadtrip]\" href=\"http:\/\/www.fuldaer-nachrichten.de\/wp-content\/uploads\/2010\/12\/101202_Landkreis_058.jpg\" target=\"_blank\"><img decoding=\"async\" src=\"http:\/\/www.fuldaer-nachrichten.de\/wp-content\/uploads\/2010\/12\/101202_Landkreis_058.thumbnail.jpg\" alt=\"101202_Landkreis_058.jpg\" width=\"265\" \/><\/a><\/p>\n<p><a title=\"Foto: Max Colin Heydenreich\" rel=\"lightbox[roadtrip]\" href=\"http:\/\/www.fuldaer-nachrichten.de\/wp-content\/uploads\/2010\/12\/101202_Landkreis_059.jpg\" target=\"_blank\"><img decoding=\"async\" src=\"http:\/\/www.fuldaer-nachrichten.de\/wp-content\/uploads\/2010\/12\/101202_Landkreis_059.thumbnail.jpg\" alt=\"101202_Landkreis_059.jpg\" width=\"265\" \/><\/a> <a title=\"Foto: Max Colin Heydenreich\" rel=\"lightbox[roadtrip]\" href=\"http:\/\/www.fuldaer-nachrichten.de\/wp-content\/uploads\/2010\/12\/101202_Landkreis_060.jpg\" target=\"_blank\"><img decoding=\"async\" src=\"http:\/\/www.fuldaer-nachrichten.de\/wp-content\/uploads\/2010\/12\/101202_Landkreis_060.thumbnail.jpg\" alt=\"101202_Landkreis_060.jpg\" width=\"265\" \/><\/a><\/p>\n<p><a title=\"Foto: Max Colin Heydenreich\" rel=\"lightbox[roadtrip]\" href=\"http:\/\/www.fuldaer-nachrichten.de\/wp-content\/uploads\/2010\/12\/101202_Landkreis_061.jpg\" target=\"_blank\"><img decoding=\"async\" src=\"http:\/\/www.fuldaer-nachrichten.de\/wp-content\/uploads\/2010\/12\/101202_Landkreis_061.thumbnail.jpg\" alt=\"101202_Landkreis_061.jpg\" width=\"265\" \/><\/a> <a title=\"Foto: Max Colin Heydenreich\" rel=\"lightbox[roadtrip]\" href=\"http:\/\/www.fuldaer-nachrichten.de\/wp-content\/uploads\/2010\/12\/101202_Landkreis_062.jpg\" target=\"_blank\"><img decoding=\"async\" src=\"http:\/\/www.fuldaer-nachrichten.de\/wp-content\/uploads\/2010\/12\/101202_Landkreis_062.thumbnail.jpg\" alt=\"101202_Landkreis_062.jpg\" width=\"265\" \/><\/a><\/p>\n<p><a title=\"Foto: Max Colin Heydenreich\" rel=\"lightbox[roadtrip]\" href=\"http:\/\/www.fuldaer-nachrichten.de\/wp-content\/uploads\/2010\/12\/101202_Landkreis_063.jpg\" target=\"_blank\"><br \/>\n<\/a><\/p>\n","protected":false},"excerpt":{"rendered":"<div class=\"tmnf_excerpt\"><p>Fulda. Metzger oder doch lieber Schreiner werden? Die Suche nach dem passenden Beruf ist f\u00fcr Jugendliche eine wichtige, aber auch sehr schwierige Aufgabe. Seit 2008 gibt es die hessenweite Strategie OloV &#8211; Optimierung der lokalen Vermittlungsarbeit bei der Schaffung und Besetzung von Ausbildungspl\u00e4tzen in Hessen. Mit OloV sollen nicht nur die regionalen Strukturen zur Berufsorientierung &hellip;<\/p>\n<\/div>","protected":false},"author":1,"featured_media":0,"comment_status":"closed","ping_status":"closed","sticky":false,"template":"","format":"standard","meta":{"footnotes":""},"categories":[1,54,78],"tags":[],"class_list":["post-77874","post","type-post","status-publish","format-standard","hentry","category-startseite","category-bildergalerien","category-topthema"],"_links":{"self":[{"href":"https:\/\/www.fuldaernachrichten.de\/index.php?rest_route=\/wp\/v2\/posts\/77874","targetHints":{"allow":["GET"]}}],"collection":[{"href":"https:\/\/www.fuldaernachrichten.de\/index.php?rest_route=\/wp\/v2\/posts"}],"about":[{"href":"https:\/\/www.fuldaernachrichten.de\/index.php?rest_route=\/wp\/v2\/types\/post"}],"author":[{"embeddable":true,"href":"https:\/\/www.fuldaernachrichten.de\/index.php?rest_route=\/wp\/v2\/users\/1"}],"replies":[{"embeddable":true,"href":"https:\/\/www.fuldaernachrichten.de\/index.php?rest_route=%2Fwp%2Fv2%2Fcomments&post=77874"}],"version-history":[{"count":5,"href":"https:\/\/www.fuldaernachrichten.de\/index.php?rest_route=\/wp\/v2\/posts\/77874\/revisions"}],"predecessor-version":[{"id":77945,"href":"https:\/\/www.fuldaernachrichten.de\/index.php?rest_route=\/wp\/v2\/posts\/77874\/revisions\/77945"}],"wp:attachment":[{"href":"https:\/\/www.fuldaernachrichten.de\/index.php?rest_route=%2Fwp%2Fv2%2Fmedia&parent=77874"}],"wp:term":[{"taxonomy":"category","embeddable":true,"href":"https:\/\/www.fuldaernachrichten.de\/index.php?rest_route=%2Fwp%2Fv2%2Fcategories&post=77874"},{"taxonomy":"post_tag","embeddable":true,"href":"https:\/\/www.fuldaernachrichten.de\/index.php?rest_route=%2Fwp%2Fv2%2Ftags&post=77874"}],"curies":[{"name":"wp","href":"https:\/\/api.w.org\/{rel}","templated":true}]}}