{"id":7784,"date":"2008-02-09T00:32:51","date_gmt":"2008-02-08T23:32:51","guid":{"rendered":"http:\/\/www.schoene-nachrichten.de\/?p=7784"},"modified":"2008-02-09T00:32:51","modified_gmt":"2008-02-08T23:32:51","slug":"vortrag-orchideen-der-rhoen-am-15-februar","status":"publish","type":"post","link":"https:\/\/www.fuldaernachrichten.de\/?p=7784","title":{"rendered":"Vortrag \u201eOrchideen der Rh\u00f6n\u201c am 15. Februar"},"content":{"rendered":"<p><strong>Termin.<\/strong> Der Naturfotograph und Orchideenexperte Marco Kl\u00fcber informiert am Freitag, 15. Februar 2008, um 19.00 Uhr im Groenhoff-Haus auf der Wasserkuppe \u00fcber die Orchideen der Rh\u00f6n. Die Rh\u00f6n z\u00e4hlt zu den Regionen Deutschlands mit der h\u00f6chsten Artenvielfalt an Orchidee. <!--more--><\/p>\n<p>43 Arten wurden bislang kartiert. Die meisten dieser \u201eEdelsteine\u201c unter den Blumen reagieren empfindliche auf Ver\u00e4nderungen ihres Lebensraumes. Der Schutz der Vorkommen in der Rh\u00f6n ist ein wichtiges Anliegen des Referenten und des Biosph\u00e4renreservates. Im Rahmen des Vortrags wird auch die aktuelle Brosch\u00fcre \u201eOrchideen in der Rh\u00f6n und ihre Lebensr\u00e4ume \u2013 sch\u00fctzen, pflegen, bewahren\u201c vorgestellt. Die Veranstaltung ist kostenfrei.<\/p>\n","protected":false},"excerpt":{"rendered":"<div class=\"tmnf_excerpt\"><p>Termin. Der Naturfotograph und Orchideenexperte Marco Kl\u00fcber informiert am Freitag, 15. Februar 2008, um 19.00 Uhr im Groenhoff-Haus auf der Wasserkuppe \u00fcber die Orchideen der Rh\u00f6n. Die Rh\u00f6n z\u00e4hlt zu den Regionen Deutschlands mit der h\u00f6chsten Artenvielfalt an Orchidee.<\/p>\n<\/div>","protected":false},"author":1,"featured_media":0,"comment_status":"closed","ping_status":"closed","sticky":false,"template":"","format":"standard","meta":{"footnotes":""},"categories":[1,52],"tags":[],"class_list":["post-7784","post","type-post","status-publish","format-standard","hentry","category-startseite","category-umwelt"],"_links":{"self":[{"href":"https:\/\/www.fuldaernachrichten.de\/index.php?rest_route=\/wp\/v2\/posts\/7784","targetHints":{"allow":["GET"]}}],"collection":[{"href":"https:\/\/www.fuldaernachrichten.de\/index.php?rest_route=\/wp\/v2\/posts"}],"about":[{"href":"https:\/\/www.fuldaernachrichten.de\/index.php?rest_route=\/wp\/v2\/types\/post"}],"author":[{"embeddable":true,"href":"https:\/\/www.fuldaernachrichten.de\/index.php?rest_route=\/wp\/v2\/users\/1"}],"replies":[{"embeddable":true,"href":"https:\/\/www.fuldaernachrichten.de\/index.php?rest_route=%2Fwp%2Fv2%2Fcomments&post=7784"}],"version-history":[{"count":0,"href":"https:\/\/www.fuldaernachrichten.de\/index.php?rest_route=\/wp\/v2\/posts\/7784\/revisions"}],"wp:attachment":[{"href":"https:\/\/www.fuldaernachrichten.de\/index.php?rest_route=%2Fwp%2Fv2%2Fmedia&parent=7784"}],"wp:term":[{"taxonomy":"category","embeddable":true,"href":"https:\/\/www.fuldaernachrichten.de\/index.php?rest_route=%2Fwp%2Fv2%2Fcategories&post=7784"},{"taxonomy":"post_tag","embeddable":true,"href":"https:\/\/www.fuldaernachrichten.de\/index.php?rest_route=%2Fwp%2Fv2%2Ftags&post=7784"}],"curies":[{"name":"wp","href":"https:\/\/api.w.org\/{rel}","templated":true}]}}