{"id":7782,"date":"2008-02-09T00:23:41","date_gmt":"2008-02-08T23:23:41","guid":{"rendered":"http:\/\/www.schoene-nachrichten.de\/?p=7782"},"modified":"2008-02-09T00:01:42","modified_gmt":"2008-02-08T23:01:42","slug":"uewag-praesentiert-ausbildungsangebote-auf-fuldaer-bildungsmesse","status":"publish","type":"post","link":"https:\/\/www.fuldaernachrichten.de\/?p=7782","title":{"rendered":"\u00dcWAG pr\u00e4sentiert Ausbildungsangebote auf Fuldaer Bildungsmesse"},"content":{"rendered":"<p><strong>Fulda.<\/strong> Als einer der gro\u00dfen Arbeitgeber der Region pr\u00e4sentiert sich die \u00dcWAG-Gruppe am Freitag, 15. und Samstag, 16. Februar 2008, mit einem Messestand (Stand Nummer 57) auf der Fuldaer Bildungsmesse 2008. Interessierte Schulabsolventen und Berufseinsteiger k\u00f6nnen sich dort \u00fcber das breite Ausbildungsangebot des f\u00fchrenden osthessischen Energieversorgers und seiner Tochterunternehmen informieren.<!--more--><\/p>\n<p>Im Zuge einer Ausbildungsoffensive haben die Unternehmen der \u00dcWAG-Gruppe im vergangenen Jahr das Angebot an Ausbildungspl\u00e4tzen innerhalb der Unternehmensgruppe deutlich ausgeweitet. Derzeit k\u00f6nnen die Auszubildenden in der \u00dcWAG-Gruppe in neun verschiedenen Ausbildungsberufen ihren Abschluss machen: als Industriekaufleute, Elektroniker\/innen f\u00fcr Betriebstechnik, Kaufleute f\u00fcr B\u00fcrokommunikation, als Mechaniker\/innen f\u00fcr Karosserieinstandhaltungstechnik, Kraftfahrzeugmechatroniker\/innen oder als Fachkraft f\u00fcr Abwassertechnik. Au\u00dferdem gibt es in der \u00dcWAG-Gruppe Ausbildungspl\u00e4tze f\u00fcr Anlagenmechaniker\/innen f\u00fcr Sanit\u00e4r-, Heizungs- und Klimatechnik, f\u00fcr Brunnenbauer\/innen sowie f\u00fcr K\u00f6che bzw. K\u00f6chinnen.<\/p>\n<p>Zus\u00e4tzlich absolviert seit 1. Oktober 2007 ein junger Mann den praktischen Teil seines Studiums zum \u201eBachelor of Engineering\u201c innerhalb der Unternehmensgruppe. Die Ausbildung erfolgt in Zusammenarbeit mit der Berufsakademie Erfurt. Ausbildungskooperationen bestehen au\u00dferdem mit dem Polizeipr\u00e4sidium Osthessen, dem Amtsgericht Fulda sowie mit verschiedenen Unternehmen aus der Region. Ab August 2008 bereitet die \u00dcWAG-Gruppe in einem dreij\u00e4hrigen Ausbildungsgang au\u00dferdem einen Berufskraftfahrer oder eine Berufskraftfahrerin auf den Einsatz im Linien- und Reisebusverkehr vor.<\/p>\n<p>An dem Stand der \u00dcWAG-Gruppe bei der Fuldaer Bildungsmesse 2008 k\u00f6nnen sich interessierte Jugendliche praxisnah \u00fcber die angebotenen Ausbildungsg\u00e4nge, \u00fcber Inhalte und Anforderungen sowie \u00fcber die Bewerbungsmodalit\u00e4ten informieren. Erfahrene Mitarbeiter, die bei der \u00dcWAG f\u00fcr die Ausbildung zust\u00e4ndig sind, stehen f\u00fcr Fragen und individuelle Gespr\u00e4che gerne zur Verf\u00fcgung. Auch Azubis aus der \u00dcWAG-Gruppe berichten \u00fcber ihren Berufsalltag und ihre Erfahrungen und haben f\u00fcr Sch\u00fclerinnen und Sch\u00fcler viele hilfreiche Tipps f\u00fcr die Berufswahl.<\/p>\n<p>Au\u00dferdem gibt es am \u00dcWAG-Stand eine Steckwand mit verschiedenen Schaltungssystemen, an der sich die Messebesucher am korrekten Verdrahten \u00fcben k\u00f6nnen. F\u00fcr interessante Einblicke in die Praxis der Energieversorgung sorgt zudem der Nachbau eines Freileitungsmastes mit einem batteriebetriebenen Leistungsschalter.<\/p>\n<p>Informationen \u00fcber das Ausbildungs-Engagement der \u00dcWAG und Berufseinstiegsm\u00f6glichkeiten in die Unternehmensgruppe gibt es auch unter <a target=\"_blank\" href=\"http:\/\/www.uewag.de\">www.uewag.de<\/a> (Rubrik \u201eDas Unternehmen\u201c, Men\u00fcpunkt \u201eKarriere\u201c) im Internet.<\/p>\n","protected":false},"excerpt":{"rendered":"<div class=\"tmnf_excerpt\"><p>Fulda. Als einer der gro\u00dfen Arbeitgeber der Region pr\u00e4sentiert sich die \u00dcWAG-Gruppe am Freitag, 15. und Samstag, 16. Februar 2008, mit einem Messestand (Stand Nummer 57) auf der Fuldaer Bildungsmesse 2008. Interessierte Schulabsolventen und Berufseinsteiger k\u00f6nnen sich dort \u00fcber das breite Ausbildungsangebot des f\u00fchrenden osthessischen Energieversorgers und seiner Tochterunternehmen informieren.<\/p>\n<\/div>","protected":false},"author":1,"featured_media":0,"comment_status":"closed","ping_status":"closed","sticky":false,"template":"","format":"standard","meta":{"footnotes":""},"categories":[1],"tags":[],"class_list":["post-7782","post","type-post","status-publish","format-standard","hentry","category-startseite"],"_links":{"self":[{"href":"https:\/\/www.fuldaernachrichten.de\/index.php?rest_route=\/wp\/v2\/posts\/7782","targetHints":{"allow":["GET"]}}],"collection":[{"href":"https:\/\/www.fuldaernachrichten.de\/index.php?rest_route=\/wp\/v2\/posts"}],"about":[{"href":"https:\/\/www.fuldaernachrichten.de\/index.php?rest_route=\/wp\/v2\/types\/post"}],"author":[{"embeddable":true,"href":"https:\/\/www.fuldaernachrichten.de\/index.php?rest_route=\/wp\/v2\/users\/1"}],"replies":[{"embeddable":true,"href":"https:\/\/www.fuldaernachrichten.de\/index.php?rest_route=%2Fwp%2Fv2%2Fcomments&post=7782"}],"version-history":[{"count":0,"href":"https:\/\/www.fuldaernachrichten.de\/index.php?rest_route=\/wp\/v2\/posts\/7782\/revisions"}],"wp:attachment":[{"href":"https:\/\/www.fuldaernachrichten.de\/index.php?rest_route=%2Fwp%2Fv2%2Fmedia&parent=7782"}],"wp:term":[{"taxonomy":"category","embeddable":true,"href":"https:\/\/www.fuldaernachrichten.de\/index.php?rest_route=%2Fwp%2Fv2%2Fcategories&post=7782"},{"taxonomy":"post_tag","embeddable":true,"href":"https:\/\/www.fuldaernachrichten.de\/index.php?rest_route=%2Fwp%2Fv2%2Ftags&post=7782"}],"curies":[{"name":"wp","href":"https:\/\/api.w.org\/{rel}","templated":true}]}}