{"id":7781,"date":"2008-02-09T00:25:14","date_gmt":"2008-02-08T23:25:14","guid":{"rendered":"http:\/\/www.schoene-nachrichten.de\/?p=7781"},"modified":"2008-02-09T00:25:14","modified_gmt":"2008-02-08T23:25:14","slug":"programm-der-18-fuldaer-frauenwoche-im-buergerbuero-erhaeltlich","status":"publish","type":"post","link":"https:\/\/www.fuldaernachrichten.de\/?p=7781","title":{"rendered":"Programm der 18. Fuldaer Frauenwoche im B\u00fcrgerb\u00fcro erh\u00e4ltlich"},"content":{"rendered":"<p><strong>Tipp.<\/strong> Das Programm der 18. Fuldaer Frauenwoche ist ab sofort im B\u00fcrgerb\u00fcro erh\u00e4ltlich. Das 16-seitige Programmheft verspricht ein vielseitiges und unterhaltsames Wochenende um den 8. und 9. M\u00e4rz 2008 im Stadtschloss. <!--more--><\/p>\n<p>Wichtig ist rechtzeitige Anmeldung zu den 10 Workshops von Entspannung, Krisenbew\u00e4ltigung und Pers\u00f6nlichkeitsentwicklung bis hin zu Auseinandersetzung mit Macht und Politik, da die Teilnahmepl\u00e4tze begrenzt sind. Anmeldeformulare sind im Programmheft enthalten.<\/p>\n<p>Eintrittskarten f\u00fcr das Kabarettprogramm mit den Avantgardinen am Samstagabend und die Modeperformance von CREA-TIME am Sonntagnachmittag gibt es im B\u00fcrgerb\u00fcro.<\/p>\n","protected":false},"excerpt":{"rendered":"<div class=\"tmnf_excerpt\"><p>Tipp. Das Programm der 18. Fuldaer Frauenwoche ist ab sofort im B\u00fcrgerb\u00fcro erh\u00e4ltlich. Das 16-seitige Programmheft verspricht ein vielseitiges und unterhaltsames Wochenende um den 8. und 9. M\u00e4rz 2008 im Stadtschloss.<\/p>\n<\/div>","protected":false},"author":1,"featured_media":0,"comment_status":"closed","ping_status":"closed","sticky":false,"template":"","format":"standard","meta":{"footnotes":""},"categories":[1,44,29],"tags":[],"class_list":["post-7781","post","type-post","status-publish","format-standard","hentry","category-startseite","category-kultur","category-politik"],"_links":{"self":[{"href":"https:\/\/www.fuldaernachrichten.de\/index.php?rest_route=\/wp\/v2\/posts\/7781","targetHints":{"allow":["GET"]}}],"collection":[{"href":"https:\/\/www.fuldaernachrichten.de\/index.php?rest_route=\/wp\/v2\/posts"}],"about":[{"href":"https:\/\/www.fuldaernachrichten.de\/index.php?rest_route=\/wp\/v2\/types\/post"}],"author":[{"embeddable":true,"href":"https:\/\/www.fuldaernachrichten.de\/index.php?rest_route=\/wp\/v2\/users\/1"}],"replies":[{"embeddable":true,"href":"https:\/\/www.fuldaernachrichten.de\/index.php?rest_route=%2Fwp%2Fv2%2Fcomments&post=7781"}],"version-history":[{"count":0,"href":"https:\/\/www.fuldaernachrichten.de\/index.php?rest_route=\/wp\/v2\/posts\/7781\/revisions"}],"wp:attachment":[{"href":"https:\/\/www.fuldaernachrichten.de\/index.php?rest_route=%2Fwp%2Fv2%2Fmedia&parent=7781"}],"wp:term":[{"taxonomy":"category","embeddable":true,"href":"https:\/\/www.fuldaernachrichten.de\/index.php?rest_route=%2Fwp%2Fv2%2Fcategories&post=7781"},{"taxonomy":"post_tag","embeddable":true,"href":"https:\/\/www.fuldaernachrichten.de\/index.php?rest_route=%2Fwp%2Fv2%2Ftags&post=7781"}],"curies":[{"name":"wp","href":"https:\/\/api.w.org\/{rel}","templated":true}]}}