{"id":7780,"date":"2008-02-09T00:18:07","date_gmt":"2008-02-08T23:18:07","guid":{"rendered":"http:\/\/www.schoene-nachrichten.de\/?p=7780"},"modified":"2008-02-08T23:55:13","modified_gmt":"2008-02-08T22:55:13","slug":"stadtgespraech-mit-ob-moeller-im-offenen-kanal-2","status":"publish","type":"post","link":"https:\/\/www.fuldaernachrichten.de\/?p=7780","title":{"rendered":"&#8220;Stadtgespr\u00e4ch&#8221; mit OB M\u00f6ller im Offenen Kanal"},"content":{"rendered":"<p><strong>Termin.<\/strong> Am Freitag, 15. Februar 2008, wird Oberb\u00fcrgermeister Gerhard M\u00f6ller ab 18.00 Uhr zum ersten Mal in diesem Jahr im Rahmen der OK-Reihe \u201eDas Stadtgespr\u00e4ch\u201c vor der Kamera stehen. M\u00f6ller wird an diesem Freitagabend Moderator Volker Nies Rede und Antwort zu aktuellen stadtpolitischen Themen stehen, etwa zu den aktuellen st\u00e4dtebaulichen Themen wie dem Westring, der Innenstadtentwicklung oder Projekten wie dem Netzwerk EVA (Erziehung von Anfang an). Auch dieses Mal wieder besteht f\u00fcr die Zuschauer des Offenen Kanals die M\u00f6glichkeit, sich live in die Sendung einzuw\u00e4hlen (Ruf-Nr. 0661\/9013888) und Fragen an das Fuldaer Stadtoberhaupt zu stellen.<\/p>\n","protected":false},"excerpt":{"rendered":"<div class=\"tmnf_excerpt\"><p>Termin. Am Freitag, 15. Februar 2008, wird Oberb\u00fcrgermeister Gerhard M\u00f6ller ab 18.00 Uhr zum ersten Mal in diesem Jahr im Rahmen der OK-Reihe \u201eDas Stadtgespr\u00e4ch\u201c vor der Kamera stehen. M\u00f6ller wird an diesem Freitagabend Moderator Volker Nies Rede und Antwort zu aktuellen stadtpolitischen Themen stehen, etwa zu den aktuellen st\u00e4dtebaulichen Themen wie dem Westring, der &hellip;<\/p>\n<\/div>","protected":false},"author":1,"featured_media":0,"comment_status":"closed","ping_status":"closed","sticky":false,"template":"","format":"standard","meta":{"footnotes":""},"categories":[1,29],"tags":[],"class_list":["post-7780","post","type-post","status-publish","format-standard","hentry","category-startseite","category-politik"],"_links":{"self":[{"href":"https:\/\/www.fuldaernachrichten.de\/index.php?rest_route=\/wp\/v2\/posts\/7780","targetHints":{"allow":["GET"]}}],"collection":[{"href":"https:\/\/www.fuldaernachrichten.de\/index.php?rest_route=\/wp\/v2\/posts"}],"about":[{"href":"https:\/\/www.fuldaernachrichten.de\/index.php?rest_route=\/wp\/v2\/types\/post"}],"author":[{"embeddable":true,"href":"https:\/\/www.fuldaernachrichten.de\/index.php?rest_route=\/wp\/v2\/users\/1"}],"replies":[{"embeddable":true,"href":"https:\/\/www.fuldaernachrichten.de\/index.php?rest_route=%2Fwp%2Fv2%2Fcomments&post=7780"}],"version-history":[{"count":0,"href":"https:\/\/www.fuldaernachrichten.de\/index.php?rest_route=\/wp\/v2\/posts\/7780\/revisions"}],"wp:attachment":[{"href":"https:\/\/www.fuldaernachrichten.de\/index.php?rest_route=%2Fwp%2Fv2%2Fmedia&parent=7780"}],"wp:term":[{"taxonomy":"category","embeddable":true,"href":"https:\/\/www.fuldaernachrichten.de\/index.php?rest_route=%2Fwp%2Fv2%2Fcategories&post=7780"},{"taxonomy":"post_tag","embeddable":true,"href":"https:\/\/www.fuldaernachrichten.de\/index.php?rest_route=%2Fwp%2Fv2%2Ftags&post=7780"}],"curies":[{"name":"wp","href":"https:\/\/api.w.org\/{rel}","templated":true}]}}