{"id":7779,"date":"2008-02-09T00:31:27","date_gmt":"2008-02-08T23:31:27","guid":{"rendered":"http:\/\/www.schoene-nachrichten.de\/?p=7779"},"modified":"2008-02-09T00:58:06","modified_gmt":"2008-02-08T23:58:06","slug":"lll-maria-wurdak-feierte-101-geburtstag","status":"publish","type":"post","link":"https:\/\/www.fuldaernachrichten.de\/?p=7779","title":{"rendered":"Maria Wurdak feierte 101. Geburtstag"},"content":{"rendered":"<p><strong><a href=\"http:\/\/www.schoene-nachrichten.de\/wp-content\/uploads\/2008\/02\/080208_jubilarin.jpg\" rel=\"lightbox[roadtrip]\" target=\"_blank\" title=\"080208_jubilarin.jpg\"><img decoding=\"async\" src=\"http:\/\/www.schoene-nachrichten.de\/wp-content\/uploads\/2008\/02\/080208_jubilarin.thumbnail.jpg\" alt=\"080208_jubilarin.jpg\" align=\"left\" hspace=\"5\" \/><\/a>Leute.<\/strong> Am Donnerstag, dem 07. Februar 2008, \u00fcberbrachten Fliedens B\u00fcrgermeister Winfried Kre\u00df, die R\u00fcckerser Ortsvorsteherin Eliabeth Sch\u00e4fer und der Kreisbeigeordnete Winfried M\u00f6ller in Vertretung von Landrat Bernd Woide der R\u00fcckerser B\u00fcrgerin Maria Wurdak die besten Gl\u00fcck- und Segensw\u00fcnsche anl\u00e4\u00dflich ihres 101. Geburtstages.<\/p>\n<p><!--more-->Frau Wurdak war leider am Tage ihres 101-j\u00e4hrigen Wiegenfestes am 31. Januar erkrankt. Die geb\u00fcrtige Egerl\u00e4nderin, die von ihrer Tochter Luitgard Puhr liebevoll gepflegt und betreut wird, freute sich \u00fcber netten Worte der &#8220;Offiziellen&#8221;, die Urkunde des Hessischen Ministerpr\u00e4sidenten Roland Koch, das Pr\u00e4sent der Gemeinde Flieden, die Flasche Saft der Ortsvorsteherin Sch\u00e4fer und den von M\u00f6ller \u00fcbergebenen Geldbetrag des Kreises. Noch w\u00e4hrend des Besuchs las sie die Gl\u00fcckwunschschreiben und zeigte sich sehr interessiert am Tagesgeschehen.<\/p>\n<p>Das Foto zeigt hinter der Jubilarin Frau Wurdak v.li.: Kreisbeigeordneter Winfried M\u00f6ller, B\u00fcrgermeister Winfried Kre\u00df, Ortsvorsteherin Elisabeth Sch\u00e4fer und Tochter Luitgard Puhr<\/p>\n","protected":false},"excerpt":{"rendered":"<div class=\"tmnf_excerpt\"><p>Leute. Am Donnerstag, dem 07. Februar 2008, \u00fcberbrachten Fliedens B\u00fcrgermeister Winfried Kre\u00df, die R\u00fcckerser Ortsvorsteherin Eliabeth Sch\u00e4fer und der Kreisbeigeordnete Winfried M\u00f6ller in Vertretung von Landrat Bernd Woide der R\u00fcckerser B\u00fcrgerin Maria Wurdak die besten Gl\u00fcck- und Segensw\u00fcnsche anl\u00e4\u00dflich ihres 101. Geburtstages.<\/p>\n<\/div>","protected":false},"author":1,"featured_media":0,"comment_status":"closed","ping_status":"closed","sticky":false,"template":"","format":"standard","meta":{"footnotes":""},"categories":[1,29],"tags":[],"class_list":["post-7779","post","type-post","status-publish","format-standard","hentry","category-startseite","category-politik"],"_links":{"self":[{"href":"https:\/\/www.fuldaernachrichten.de\/index.php?rest_route=\/wp\/v2\/posts\/7779","targetHints":{"allow":["GET"]}}],"collection":[{"href":"https:\/\/www.fuldaernachrichten.de\/index.php?rest_route=\/wp\/v2\/posts"}],"about":[{"href":"https:\/\/www.fuldaernachrichten.de\/index.php?rest_route=\/wp\/v2\/types\/post"}],"author":[{"embeddable":true,"href":"https:\/\/www.fuldaernachrichten.de\/index.php?rest_route=\/wp\/v2\/users\/1"}],"replies":[{"embeddable":true,"href":"https:\/\/www.fuldaernachrichten.de\/index.php?rest_route=%2Fwp%2Fv2%2Fcomments&post=7779"}],"version-history":[{"count":0,"href":"https:\/\/www.fuldaernachrichten.de\/index.php?rest_route=\/wp\/v2\/posts\/7779\/revisions"}],"wp:attachment":[{"href":"https:\/\/www.fuldaernachrichten.de\/index.php?rest_route=%2Fwp%2Fv2%2Fmedia&parent=7779"}],"wp:term":[{"taxonomy":"category","embeddable":true,"href":"https:\/\/www.fuldaernachrichten.de\/index.php?rest_route=%2Fwp%2Fv2%2Fcategories&post=7779"},{"taxonomy":"post_tag","embeddable":true,"href":"https:\/\/www.fuldaernachrichten.de\/index.php?rest_route=%2Fwp%2Fv2%2Ftags&post=7779"}],"curies":[{"name":"wp","href":"https:\/\/api.w.org\/{rel}","templated":true}]}}