{"id":77758,"date":"2010-12-18T00:35:33","date_gmt":"2010-12-18T00:35:33","guid":{"rendered":"http:\/\/www.fuldaer-nachrichten.de\/?p=77758"},"modified":"2010-12-18T08:40:15","modified_gmt":"2010-12-18T08:40:15","slug":"reise-durchs-heilige-land-serie-im-advent-heute-yad-vashem","status":"publish","type":"post","link":"https:\/\/www.fuldaernachrichten.de\/?p=77758","title":{"rendered":"Reise durchs Heilige Land \u2013 Serie im Advent \u2013 Heute: Yad Vashem"},"content":{"rendered":"<p>SERIE. Schmelztiegel der Religionen, Pilgerst\u00e4tte f\u00fcr Gl\u00e4ubige und       immer im Brennpunkt des Weltinteresses \u2013 das ist Israel. Elisabeth       Miller hat das Heilige Land besucht und m\u00f6chte die Eindr\u00fccke ihres       viermonatigen Aufenthaltes mit unseren Leserinnen und Lesern teilen.       Elisabeth Miller hat biblische Schaupl\u00e4tze, antike Pal\u00e4ste,       au\u00dfergew\u00f6hnliche Naturph\u00e4nomene und Alltagssituationen im Bild       festgehalten. Erg\u00e4nzend dazu hat sie Zahlen, Daten und Fakten       zusammengestellt. Die \u201eIsrael-Serie\u201c wird uns durch die Adventszeit       begleiten.<\/p>\n<p><strong>Heute: Yad Vashem <\/strong><\/p>\n<p>Das Neue Jerusalem beherbergt auf dem Herzlberg das Holocaustmuseum &#8220;Yad Vashem&#8221;.\u00c2\u00a0 Yad Vashem wurde 1953 als ein Zentrum f\u00fcr Dokumentation, Erforschung, P\u00e4dagogik und Gedenken an den Holocaust gegr\u00fcndet. Das Gel\u00e4nde beherbergt Museen, Ausstellungen, Denkm\u00e4ler, Forschungs- und Lehrzentren, Archive und Bibliotheken. Zu den Aufgaben der Gedenkst\u00e4tte geh\u00f6ren die  Initiierung von Gedenkprojekten, die Beschaffung, Erforschung und  Ver\u00f6ffentlichung geschichtlicher Zeugnisse des Holocausts, die  Veranstaltung von Bildungsangeboten, die Einb\u00fcrgerung der Opfer und die  Vertretung Israels bei internationalen Gedenkveranstaltungen. Yad Vashem hat j\u00e4hrlich mehr als eine Million Besucher. Man sollte viel Zeit mitbringen, um dieses Denkmal intensiv zu erleben. Bei aller Sachlichkeit des Museums wird man sp\u00e4testens im &#8220;Children Memorial &#8221; zu Tr\u00e4nen ger\u00fchrt.<\/p>\n<p><strong>Fotos (13):<\/strong> Elisabeth Miller<\/p>\n<p><a title=\"Foto: Elisabeth Miller\" rel=\"lightbox[roadtrip]\" href=\"http:\/\/www.fuldaer-nachrichten.de\/wp-content\/uploads\/2010\/12\/101202_Vashem_001.jpg\" target=\"_blank\"><img decoding=\"async\" src=\"http:\/\/www.fuldaer-nachrichten.de\/wp-content\/uploads\/2010\/12\/101202_Vashem_001.thumbnail.jpg\" alt=\"101202_Vashem_001.jpg\" width=\"265\" \/><\/a> <a title=\"Foto: Elisabeth Miller\" rel=\"lightbox[roadtrip]\" href=\"http:\/\/www.fuldaer-nachrichten.de\/wp-content\/uploads\/2010\/12\/101202_Vashem_002.jpg\" target=\"_blank\"><img decoding=\"async\" src=\"http:\/\/www.fuldaer-nachrichten.de\/wp-content\/uploads\/2010\/12\/101202_Vashem_002.thumbnail.jpg\" alt=\"101202_Vashem_002.jpg\" width=\"265\" \/><\/a><\/p>\n<p><a title=\"Foto: Elisabeth Miller\" rel=\"lightbox[roadtrip]\" href=\"http:\/\/www.fuldaer-nachrichten.de\/wp-content\/uploads\/2010\/12\/101202_Vashem_003.jpg\" target=\"_blank\"><img decoding=\"async\" src=\"http:\/\/www.fuldaer-nachrichten.de\/wp-content\/uploads\/2010\/12\/101202_Vashem_003.thumbnail.jpg\" alt=\"101202_Vashem_003.jpg\" width=\"265\" \/><\/a> <a title=\"Foto: Elisabeth Miller\" rel=\"lightbox[roadtrip]\" href=\"http:\/\/www.fuldaer-nachrichten.de\/wp-content\/uploads\/2010\/12\/101202_Vashem_004.jpg\" target=\"_blank\"><img decoding=\"async\" src=\"http:\/\/www.fuldaer-nachrichten.de\/wp-content\/uploads\/2010\/12\/101202_Vashem_004.thumbnail.jpg\" alt=\"101202_Vashem_004.jpg\" width=\"265\" \/><\/a><\/p>\n<p><a title=\"Foto: Elisabeth Miller\" rel=\"lightbox[roadtrip]\" href=\"http:\/\/www.fuldaer-nachrichten.de\/wp-content\/uploads\/2010\/12\/101202_Vashem_005.jpg\" target=\"_blank\"><img decoding=\"async\" src=\"http:\/\/www.fuldaer-nachrichten.de\/wp-content\/uploads\/2010\/12\/101202_Vashem_005.thumbnail.jpg\" alt=\"101202_Vashem_005.jpg\" width=\"265\" \/><\/a> <a title=\"Foto: Elisabeth Miller\" rel=\"lightbox[roadtrip]\" href=\"http:\/\/www.fuldaer-nachrichten.de\/wp-content\/uploads\/2010\/12\/101202_Vashem_006.jpg\" target=\"_blank\"><img decoding=\"async\" src=\"http:\/\/www.fuldaer-nachrichten.de\/wp-content\/uploads\/2010\/12\/101202_Vashem_006.thumbnail.jpg\" alt=\"101202_Vashem_006.jpg\" width=\"265\" \/><\/a><\/p>\n<p><a title=\"Foto: Elisabeth Miller\" rel=\"lightbox[roadtrip]\" href=\"http:\/\/www.fuldaer-nachrichten.de\/wp-content\/uploads\/2010\/12\/101202_Vashem_007.jpg\" target=\"_blank\"><img decoding=\"async\" src=\"http:\/\/www.fuldaer-nachrichten.de\/wp-content\/uploads\/2010\/12\/101202_Vashem_007.thumbnail.jpg\" alt=\"101202_Vashem_007.jpg\" width=\"265\" \/><\/a> <a title=\"Foto: Elisabeth Miller\" rel=\"lightbox[roadtrip]\" href=\"http:\/\/www.fuldaer-nachrichten.de\/wp-content\/uploads\/2010\/12\/101202_Vashem_008.jpg\" target=\"_blank\"><img decoding=\"async\" src=\"http:\/\/www.fuldaer-nachrichten.de\/wp-content\/uploads\/2010\/12\/101202_Vashem_008.thumbnail.jpg\" alt=\"101202_Vashem_008.jpg\" width=\"265\" \/><\/a><\/p>\n<p><a title=\"Foto: Elisabeth Miller\" rel=\"lightbox[roadtrip]\" href=\"http:\/\/www.fuldaer-nachrichten.de\/wp-content\/uploads\/2010\/12\/101202_Vashem_009.jpg\" target=\"_blank\"><img decoding=\"async\" src=\"http:\/\/www.fuldaer-nachrichten.de\/wp-content\/uploads\/2010\/12\/101202_Vashem_009.thumbnail.jpg\" alt=\"101202_Vashem_009.jpg\" width=\"265\" \/><\/a> <a title=\"Foto: Elisabeth Miller\" rel=\"lightbox[roadtrip]\" href=\"http:\/\/www.fuldaer-nachrichten.de\/wp-content\/uploads\/2010\/12\/101202_Vashem_010.jpg\" target=\"_blank\"><img decoding=\"async\" src=\"http:\/\/www.fuldaer-nachrichten.de\/wp-content\/uploads\/2010\/12\/101202_Vashem_010.thumbnail.jpg\" alt=\"101202_Vashem_010.jpg\" width=\"265\" \/><\/a><\/p>\n<p><a title=\"Foto: Elisabeth Miller\" rel=\"lightbox[roadtrip]\" href=\"http:\/\/www.fuldaer-nachrichten.de\/wp-content\/uploads\/2010\/12\/101202_Vashem_011.jpg\" target=\"_blank\"><img decoding=\"async\" src=\"http:\/\/www.fuldaer-nachrichten.de\/wp-content\/uploads\/2010\/12\/101202_Vashem_011.thumbnail.jpg\" alt=\"101202_Vashem_011.jpg\" width=\"265\" \/><\/a> <a title=\"Foto: Elisabeth Miller\" rel=\"lightbox[roadtrip]\" href=\"http:\/\/www.fuldaer-nachrichten.de\/wp-content\/uploads\/2010\/12\/101202_Vashem_012.jpg\" target=\"_blank\"><img decoding=\"async\" src=\"http:\/\/www.fuldaer-nachrichten.de\/wp-content\/uploads\/2010\/12\/101202_Vashem_012.thumbnail.jpg\" alt=\"101202_Vashem_012.jpg\" width=\"265\" \/><\/a><\/p>\n<p><a title=\"Foto: Elisabeth Miller\" rel=\"lightbox[roadtrip]\" href=\"http:\/\/www.fuldaer-nachrichten.de\/wp-content\/uploads\/2010\/12\/101202_Vashem_013.jpg\" target=\"_blank\"><img decoding=\"async\" src=\"http:\/\/www.fuldaer-nachrichten.de\/wp-content\/uploads\/2010\/12\/101202_Vashem_013.thumbnail.jpg\" alt=\"101202_Vashem_013.jpg\" width=\"265\" \/><\/a><\/p>\n","protected":false},"excerpt":{"rendered":"<div class=\"tmnf_excerpt\"><p>SERIE. Schmelztiegel der Religionen, Pilgerst\u00e4tte f\u00fcr Gl\u00e4ubige und immer im Brennpunkt des Weltinteresses \u2013 das ist Israel. Elisabeth Miller hat das Heilige Land besucht und m\u00f6chte die Eindr\u00fccke ihres viermonatigen Aufenthaltes mit unseren Leserinnen und Lesern teilen. Elisabeth Miller hat biblische Schaupl\u00e4tze, antike Pal\u00e4ste, au\u00dfergew\u00f6hnliche Naturph\u00e4nomene und Alltagssituationen im Bild festgehalten. Erg\u00e4nzend dazu hat sie &hellip;<\/p>\n<\/div>","protected":false},"author":1,"featured_media":0,"comment_status":"closed","ping_status":"closed","sticky":false,"template":"","format":"standard","meta":{"footnotes":""},"categories":[1],"tags":[],"class_list":["post-77758","post","type-post","status-publish","format-standard","hentry","category-startseite"],"_links":{"self":[{"href":"https:\/\/www.fuldaernachrichten.de\/index.php?rest_route=\/wp\/v2\/posts\/77758","targetHints":{"allow":["GET"]}}],"collection":[{"href":"https:\/\/www.fuldaernachrichten.de\/index.php?rest_route=\/wp\/v2\/posts"}],"about":[{"href":"https:\/\/www.fuldaernachrichten.de\/index.php?rest_route=\/wp\/v2\/types\/post"}],"author":[{"embeddable":true,"href":"https:\/\/www.fuldaernachrichten.de\/index.php?rest_route=\/wp\/v2\/users\/1"}],"replies":[{"embeddable":true,"href":"https:\/\/www.fuldaernachrichten.de\/index.php?rest_route=%2Fwp%2Fv2%2Fcomments&post=77758"}],"version-history":[{"count":3,"href":"https:\/\/www.fuldaernachrichten.de\/index.php?rest_route=\/wp\/v2\/posts\/77758\/revisions"}],"predecessor-version":[{"id":79385,"href":"https:\/\/www.fuldaernachrichten.de\/index.php?rest_route=\/wp\/v2\/posts\/77758\/revisions\/79385"}],"wp:attachment":[{"href":"https:\/\/www.fuldaernachrichten.de\/index.php?rest_route=%2Fwp%2Fv2%2Fmedia&parent=77758"}],"wp:term":[{"taxonomy":"category","embeddable":true,"href":"https:\/\/www.fuldaernachrichten.de\/index.php?rest_route=%2Fwp%2Fv2%2Fcategories&post=77758"},{"taxonomy":"post_tag","embeddable":true,"href":"https:\/\/www.fuldaernachrichten.de\/index.php?rest_route=%2Fwp%2Fv2%2Ftags&post=77758"}],"curies":[{"name":"wp","href":"https:\/\/api.w.org\/{rel}","templated":true}]}}