{"id":7774,"date":"2008-02-08T00:19:23","date_gmt":"2008-02-07T23:19:23","guid":{"rendered":"http:\/\/www.schoene-nachrichten.de\/?p=7774"},"modified":"2008-02-08T00:19:23","modified_gmt":"2008-02-07T23:19:23","slug":"sportplatz-in-bachrain-wird-saniert","status":"publish","type":"post","link":"https:\/\/www.fuldaernachrichten.de\/?p=7774","title":{"rendered":"Sportplatz in Bachrain wird saniert"},"content":{"rendered":"<p><strong>K\u00fcnzell.<\/strong> Die Gemeinde K\u00fcnzell m\u00f6chte den Sportplatz im Ortsteil Bachrain, der durch die intensive Nutzung in die Jahren gekommen ist, sanieren. In seiner gestrigen Sitzung hat der Kreisausschuss beschlossen, dass sich der Landkreis Fulda mit einer zehnprozentigen Beihilfe an den zuwendungsf\u00e4higen Kosten von 33.800 Euro beteiligt. Damit betr\u00e4gt der Kreiszuschuss 3.380 Euro.<!--more--><\/p>\n<p>Wie Erster Kreisbeigeordneter Dr. Heiko Wingenfeld mitteilte, habe das Land Hessen eine Zuwendung von 10.000 Euro aus dem Sonderprogramm \u201eSportland Hessen\u201c an die Bedingung gekn\u00fcpft, dass sich der Landkreis ebenfalls in angemessenem Umfang beteilige. \u201eWir kommen der Bitte gerne nach und dokumentieren auf diese Weise den hohen Stellenwert der Sportf\u00f6rderung im Landkreis.\u201c<\/p>\n","protected":false},"excerpt":{"rendered":"<div class=\"tmnf_excerpt\"><p>K\u00fcnzell. Die Gemeinde K\u00fcnzell m\u00f6chte den Sportplatz im Ortsteil Bachrain, der durch die intensive Nutzung in die Jahren gekommen ist, sanieren. In seiner gestrigen Sitzung hat der Kreisausschuss beschlossen, dass sich der Landkreis Fulda mit einer zehnprozentigen Beihilfe an den zuwendungsf\u00e4higen Kosten von 33.800 Euro beteiligt. Damit betr\u00e4gt der Kreiszuschuss 3.380 Euro.<\/p>\n<\/div>","protected":false},"author":1,"featured_media":0,"comment_status":"closed","ping_status":"closed","sticky":false,"template":"","format":"standard","meta":{"footnotes":""},"categories":[1,29,46],"tags":[],"class_list":["post-7774","post","type-post","status-publish","format-standard","hentry","category-startseite","category-politik","category-sport"],"_links":{"self":[{"href":"https:\/\/www.fuldaernachrichten.de\/index.php?rest_route=\/wp\/v2\/posts\/7774","targetHints":{"allow":["GET"]}}],"collection":[{"href":"https:\/\/www.fuldaernachrichten.de\/index.php?rest_route=\/wp\/v2\/posts"}],"about":[{"href":"https:\/\/www.fuldaernachrichten.de\/index.php?rest_route=\/wp\/v2\/types\/post"}],"author":[{"embeddable":true,"href":"https:\/\/www.fuldaernachrichten.de\/index.php?rest_route=\/wp\/v2\/users\/1"}],"replies":[{"embeddable":true,"href":"https:\/\/www.fuldaernachrichten.de\/index.php?rest_route=%2Fwp%2Fv2%2Fcomments&post=7774"}],"version-history":[{"count":0,"href":"https:\/\/www.fuldaernachrichten.de\/index.php?rest_route=\/wp\/v2\/posts\/7774\/revisions"}],"wp:attachment":[{"href":"https:\/\/www.fuldaernachrichten.de\/index.php?rest_route=%2Fwp%2Fv2%2Fmedia&parent=7774"}],"wp:term":[{"taxonomy":"category","embeddable":true,"href":"https:\/\/www.fuldaernachrichten.de\/index.php?rest_route=%2Fwp%2Fv2%2Fcategories&post=7774"},{"taxonomy":"post_tag","embeddable":true,"href":"https:\/\/www.fuldaernachrichten.de\/index.php?rest_route=%2Fwp%2Fv2%2Ftags&post=7774"}],"curies":[{"name":"wp","href":"https:\/\/api.w.org\/{rel}","templated":true}]}}