{"id":7773,"date":"2008-02-08T00:28:17","date_gmt":"2008-02-07T23:28:17","guid":{"rendered":"http:\/\/www.schoene-nachrichten.de\/?p=7773"},"modified":"2008-02-07T20:19:22","modified_gmt":"2008-02-07T19:19:22","slug":"neue-doppelspitze-fuer-das-elisabethenhaus","status":"publish","type":"post","link":"https:\/\/www.fuldaernachrichten.de\/?p=7773","title":{"rendered":"Neue \u201eDoppelspitze\u201c f\u00fcr das Elisabethenhaus"},"content":{"rendered":"<p><strong><a rel=\"lightbox[roadtrip]\" target=\"_blank\" href=\"http:\/\/www.schoene-nachrichten.de\/wp-content\/uploads\/2008\/02\/080208_hanau.jpg\" title=\"080208_hanau.jpg\"><img decoding=\"async\" align=\"left\" src=\"http:\/\/www.schoene-nachrichten.de\/wp-content\/uploads\/2008\/02\/080208_hanau.thumbnail.jpg\" hspace=\"5\" alt=\"080208_hanau.jpg\" \/><\/a>Hanau.<\/strong> Das Elisabethenhaus in Hanau, Vor der Kinzigbr\u00fccke 19, hat wieder eine neue Heim- und Pflegedienstleitung sowie eine neue Kindertagesst\u00e4ttenleitung. Im Rahmen eines Wortgottesdienstes und einer kleinen Feierstunde f\u00fchrte die Generaloberin des Hauses der barmherzigen Schwestern vom hl. Vinzenz von Paul in Fulda, Sr. Brunhilde Wehner, Carina Weiner f\u00fcr das Alten- und Pflegeheim und Sylvia Kircher f\u00fcr die Kindertagesst\u00e4tte nun auch offiziell in ihre neuen \u00c4mter sozusagen als \u201eDoppelspitze\u201c ein.<!--more--><\/p>\n<p>W\u00e4hrend der Feierstunde wies Sr. Brunhilde Wehner vor vielen G\u00e4sten nochmals auf die schwierige personelle Situation f\u00fcr die beiden kleinen Einrichtungen hin, die durch den Tod des fr\u00fcheren Leiters Roland Nink entstanden war. Roland Nink hatte beide Einrichtungen in Personalunion gef\u00fchrt. \u201eIch w\u00fcnsche Ihnen eine gl\u00fcckliche Hand, und auch das Gott seine segensreiche Hand \u00fcber dem Elisabethenhaus ausbreite, damit die Bewohner weiterhin ein umsorgtes Zuhause finden und die Kinder einen Lernort, an dem neben Wissen und K\u00f6nnen auch Werte und christliche Grundhaltungen vermittelt werden\u201c, so die Generaloberin abschlie\u00dfend. In einem Gru\u00dfwort w\u00fcnschte Gisela Gaspari vom Caritasverband Hanau dem Elisabethenhaus alles Gute. Eine Kindergruppe der Kita hatte die beiden neuen Leitungen mit einem Singspiel begr\u00fc\u00dft.<br \/>\n\u00c2\u00a0<br \/>\nCarina Weiner und Sylvia Kircher f\u00fchlen sich dem Leitbild des Mutterhauses Fulda &#8211; Liebe sei Tat &#8211; verpflichtet und brachten beide zum Ausdruck, dass man wann immer versuchen werde, die Generationen zusammen zu bringen und die famili\u00e4re Atmosph\u00e4re des Elisabethenhauses zu erhalten.<br \/>\n\u00c2\u00a0<br \/>\nDem Festakt war ein Wortgottesdienst voran gegangen, der von Pfarrer Andreas Weber zelebriert worden war. Pfarrer Weber w\u00fcnschte beiden neuen Leitungen eine gute Zusammenarbeit und dankte den Barmherzigen Schwestern f\u00fcr ihre soziale Arbeit in Hanau. Der Wortgottesdienst war an der Orgel von Wolfgang Kurzschenkel begleitet worden. F\u00fcr die musikalische Umrahmung der Feierstunde hatte Sr. Maria Weber gesorgt.<br \/>\n\u00c2\u00a0<br \/>\nIm Alten- und Pflegeheim Elisabethenhaus werden 37 Bewohnerinnen und Bewohner aller Pflegestufen betreut. Die Kindertagesst\u00e4tte Elisabethenhaus bietet in 2 Gruppen Platz f\u00fcr die Betreuung von 50 Kindern.<\/p>\n<p><strong>Zum Foto:<\/strong> Carina Weiner, Generaloberin Sr. Brunhilde Wehner, Sylvia Kircher (v.l.n.r.)<\/p>\n","protected":false},"excerpt":{"rendered":"<div class=\"tmnf_excerpt\"><p>Hanau. Das Elisabethenhaus in Hanau, Vor der Kinzigbr\u00fccke 19, hat wieder eine neue Heim- und Pflegedienstleitung sowie eine neue Kindertagesst\u00e4ttenleitung. Im Rahmen eines Wortgottesdienstes und einer kleinen Feierstunde f\u00fchrte die Generaloberin des Hauses der barmherzigen Schwestern vom hl. Vinzenz von Paul in Fulda, Sr. Brunhilde Wehner, Carina Weiner f\u00fcr das Alten- und Pflegeheim und Sylvia &hellip;<\/p>\n<\/div>","protected":false},"author":1,"featured_media":0,"comment_status":"closed","ping_status":"closed","sticky":false,"template":"","format":"standard","meta":{"footnotes":""},"categories":[1,50],"tags":[],"class_list":["post-7773","post","type-post","status-publish","format-standard","hentry","category-startseite","category-kirche"],"_links":{"self":[{"href":"https:\/\/www.fuldaernachrichten.de\/index.php?rest_route=\/wp\/v2\/posts\/7773","targetHints":{"allow":["GET"]}}],"collection":[{"href":"https:\/\/www.fuldaernachrichten.de\/index.php?rest_route=\/wp\/v2\/posts"}],"about":[{"href":"https:\/\/www.fuldaernachrichten.de\/index.php?rest_route=\/wp\/v2\/types\/post"}],"author":[{"embeddable":true,"href":"https:\/\/www.fuldaernachrichten.de\/index.php?rest_route=\/wp\/v2\/users\/1"}],"replies":[{"embeddable":true,"href":"https:\/\/www.fuldaernachrichten.de\/index.php?rest_route=%2Fwp%2Fv2%2Fcomments&post=7773"}],"version-history":[{"count":0,"href":"https:\/\/www.fuldaernachrichten.de\/index.php?rest_route=\/wp\/v2\/posts\/7773\/revisions"}],"wp:attachment":[{"href":"https:\/\/www.fuldaernachrichten.de\/index.php?rest_route=%2Fwp%2Fv2%2Fmedia&parent=7773"}],"wp:term":[{"taxonomy":"category","embeddable":true,"href":"https:\/\/www.fuldaernachrichten.de\/index.php?rest_route=%2Fwp%2Fv2%2Fcategories&post=7773"},{"taxonomy":"post_tag","embeddable":true,"href":"https:\/\/www.fuldaernachrichten.de\/index.php?rest_route=%2Fwp%2Fv2%2Ftags&post=7773"}],"curies":[{"name":"wp","href":"https:\/\/api.w.org\/{rel}","templated":true}]}}