{"id":7771,"date":"2008-02-08T00:05:24","date_gmt":"2008-02-07T23:05:24","guid":{"rendered":"http:\/\/www.schoene-nachrichten.de\/?p=7771"},"modified":"2008-02-07T19:54:29","modified_gmt":"2008-02-07T18:54:29","slug":"traditionelles-heringsessen-der-spd-flieden-am-aschermittwoch-2","status":"publish","type":"post","link":"https:\/\/www.fuldaernachrichten.de\/?p=7771","title":{"rendered":"Traditionelles Heringsessen der SPD Flieden am Aschermittwoch"},"content":{"rendered":"<p><strong>Flieden.<\/strong> Zum traditionellen Heringsessen der Fliedener SPD in der H\u00e4hnchenstube Stumpf in Flieden Struth konnte Vorsitzender M\u00f6ller neben zahlreichen Mitgliedern und Freunden ganz besonders die SPD-Landtagsabgeordnete Sabine Waschke, MdL, den Kreistagsfraktionsvorsitzenden G\u00fcnter Strelitz, den Bezirksvorsitzenden der Gewerkschaft der Polizei (GdP) Ewald Gerk, das Mitglied im Bundesvorstand der SPD-Arbeitsgemeinschaft der Selbst\u00e4ndigen Rosi Eichler, die Vorsitzende der SPD-AG 60plus im Unterbezirk, Renata Schirmer, die R\u00fcckerser Ortsvorsteherin Elisabeth Sch\u00e4fer, den R\u00fcckerser OV-Vorsitzende Peter R\u00f6ssler und den \u00f6rtlichen Vorsitzenden der Gewerkschaft Bauen, Agrar Umwelt (IG BAU) Josef Eich, willkommen hei\u00dfen.<!--more--><\/p>\n<p>Waschke brachte ihre Freunde dar\u00fcber zum Ausdruck, dass sie pers\u00f6nlich, aber auch die SPD insgesamt im Kreis Fulda erheblich an Stimmen hinzugewinnen konnte. Mit Andrea Ypsilanti stehe eine Kandidatin f\u00fcr das Ministerpr\u00e4sidentinnen Amt bereit, die bei allen politischen Entscheidungen den Menschen wieder in den Mittelpunkt stellen wird. Angefangen \u00fcber eine neue zeitgem\u00e4\u00dfe Bildungspolitik, einer zukunftsf\u00e4higen Energie- und Wirtschaftspolitik mit menschenw\u00fcrdigen Arbeitsbedingungen und ausk\u00f6mmlichen Mindestl\u00f6hnen bis hin zu mehr Sicherheit durch eine personelle Aufstockung der Polizei wird Ypsilanti Hessen wieder nach vorn bringen, so Waschke \u00fcberzeugt.<\/p>\n<p>\u201eDie FDP k\u00f6nne dem von ihr bef\u00fcrchteten Linksrutsch durch die Tolerierung der Linken nur durch eigene Bereitschaft zur Regierungsverantwortung zusammen mit den GR\u00dcNEN unter SPD-F\u00fchrung verhindern\u201c, betont die SPD-Abgeordnete abschlie\u00dfend.<\/p>\n<p>Kreistagsfraktionschef Strelitz kritisierte das parteiliche Verhalten von Landrat Woide im zur\u00fcckliegenden Landtags- und B\u00fcrgermeisterwahlkampf in Eichenzell. In der n\u00e4chsten Kreistagssitzung am 3. M\u00e4rz werden die vom Landrat gemachten finanziellen Zusagen am Parlament vorbei ebenso noch einmal thematisiert, wie der seitens der SPD geforderte und von der Mehrheit abgelehnte Sozialfond in H\u00f6he von 1 Million Euro zur Unterst\u00fctzung von sozialschwachen Sch\u00fclerinnen und Sch\u00fclern an den Kreisschulen.<\/p>\n<p>Ewald Gerk verspricht sich von einer SPD-gef\u00fchrten Landesregierung wieder mehr gut ausgebildete Polizeibeamte, eine Verbesserung der beruflichen Perspektiven, den Erhalt der Polizeistationen in der Fl\u00e4che und insgesamt mehr Bewusstsein \u00fcber die Bedeutung der Inneren Sicherheit als Voraussetzung f\u00fcr eine zukunftsf\u00e4hige und menschliche Gesellschaft. Bei hausgemachtem Heringsalat von Christine Stumpf schloss sich eine rege Diskussion an.<\/p>\n","protected":false},"excerpt":{"rendered":"<div class=\"tmnf_excerpt\"><p>Flieden. Zum traditionellen Heringsessen der Fliedener SPD in der H\u00e4hnchenstube Stumpf in Flieden Struth konnte Vorsitzender M\u00f6ller neben zahlreichen Mitgliedern und Freunden ganz besonders die SPD-Landtagsabgeordnete Sabine Waschke, MdL, den Kreistagsfraktionsvorsitzenden G\u00fcnter Strelitz, den Bezirksvorsitzenden der Gewerkschaft der Polizei (GdP) Ewald Gerk, das Mitglied im Bundesvorstand der SPD-Arbeitsgemeinschaft der Selbst\u00e4ndigen Rosi Eichler, die Vorsitzende der &hellip;<\/p>\n<\/div>","protected":false},"author":1,"featured_media":0,"comment_status":"closed","ping_status":"closed","sticky":false,"template":"","format":"standard","meta":{"footnotes":""},"categories":[1,29],"tags":[],"class_list":["post-7771","post","type-post","status-publish","format-standard","hentry","category-startseite","category-politik"],"_links":{"self":[{"href":"https:\/\/www.fuldaernachrichten.de\/index.php?rest_route=\/wp\/v2\/posts\/7771","targetHints":{"allow":["GET"]}}],"collection":[{"href":"https:\/\/www.fuldaernachrichten.de\/index.php?rest_route=\/wp\/v2\/posts"}],"about":[{"href":"https:\/\/www.fuldaernachrichten.de\/index.php?rest_route=\/wp\/v2\/types\/post"}],"author":[{"embeddable":true,"href":"https:\/\/www.fuldaernachrichten.de\/index.php?rest_route=\/wp\/v2\/users\/1"}],"replies":[{"embeddable":true,"href":"https:\/\/www.fuldaernachrichten.de\/index.php?rest_route=%2Fwp%2Fv2%2Fcomments&post=7771"}],"version-history":[{"count":0,"href":"https:\/\/www.fuldaernachrichten.de\/index.php?rest_route=\/wp\/v2\/posts\/7771\/revisions"}],"wp:attachment":[{"href":"https:\/\/www.fuldaernachrichten.de\/index.php?rest_route=%2Fwp%2Fv2%2Fmedia&parent=7771"}],"wp:term":[{"taxonomy":"category","embeddable":true,"href":"https:\/\/www.fuldaernachrichten.de\/index.php?rest_route=%2Fwp%2Fv2%2Fcategories&post=7771"},{"taxonomy":"post_tag","embeddable":true,"href":"https:\/\/www.fuldaernachrichten.de\/index.php?rest_route=%2Fwp%2Fv2%2Ftags&post=7771"}],"curies":[{"name":"wp","href":"https:\/\/api.w.org\/{rel}","templated":true}]}}