{"id":7768,"date":"2008-02-08T00:18:59","date_gmt":"2008-02-07T23:18:59","guid":{"rendered":"http:\/\/www.schoene-nachrichten.de\/?p=7768"},"modified":"2008-02-07T19:46:42","modified_gmt":"2008-02-07T18:46:42","slug":"optionsmodell-laeuft-im-landkreis-fulda-erfolgreich","status":"publish","type":"post","link":"https:\/\/www.fuldaernachrichten.de\/?p=7768","title":{"rendered":"Optionsmodell l\u00e4uft im Landkreis Fulda erfolgreich"},"content":{"rendered":"<p><strong>Fulda.<\/strong>\u00c2\u00a0Seit etwas mehr als drei Jahren geh\u00f6rt der Landkreis Fulda zu den bundesweit 69 Optionskommunen, die &#8211; im Gegensatz zu den sogenannten Arbeitsgemeinschaften aus Arbeitsagenturen und Kommunen &#8211; Langzeitarbeitslose in Eigenregie betreuen und vermitteln. Innerhalb der Kreisverwaltung wird diese Aufgabe vom Fachdienst Arbeit wahrgenommen.<!--more--><\/p>\n<p>Nach Angaben von Landrat Bernd Woide h\u00e4tten die gezielte Beratung, F\u00f6rderung und Qualifizierung von Langzeitarbeitslosen sowie die N\u00e4he zur heimischen Wirtschaft das Optionsmodell zum Erfolgsmodell werden lassen. Als Beispiel verweist Landrat Woide auf den Abbau der Jugendarbeitslosigkeit, wo der Landkreis Fulda hessenweit an der Spitze liege.<\/p>\n<p>Zurzeit werden vom Fachdienst 3.374 Langzeitarbeitslose betreut. Dies sind 612 oder 16 Prozent Arbeitslose weniger als vor zwei Jahren. Bei den unter 25-j\u00e4hrigen nimmt der Landkreis Fulda mit derzeit 158 Langzeitarbeitslosen und einer Arbeitslosenquote von 1,2 Prozent im Bereich der Empf\u00e4nger von Arbeitslosengeld II die Schlussposition in ganz Hessen ein.<\/p>\n<p>F\u00fcr Landrat Woide ist dieser Erfolg die Konsequenz eines effektiven und zielgerichteten Hilfesystems. \u201eEine breite Angebotspalette an F\u00f6rderinstrumenten sowie die gut funktionierenden regionalen Netzwerke in den Bereichen Schule, Basis der erfolgreichen Vermittlungst\u00e4tigkeit.\u201c<\/p>\n<p>Weitere Kennzahlen und Entwicklungstrends finden sich unter <a target=\"_blank\" href=\"http:\/\/www.job-fulda.de\">www.job-fulda.de<\/a>. Hier werden zuk\u00fcnftig jeweils am Monatsbeginn detaillierte statistische Informationen \u00fcber die Arbeit des Fachdienstes eingestellt und kontinuierlich fortgeschrieben.<\/p>\n","protected":false},"excerpt":{"rendered":"<div class=\"tmnf_excerpt\"><p>Fulda.\u00c2\u00a0Seit etwas mehr als drei Jahren geh\u00f6rt der Landkreis Fulda zu den bundesweit 69 Optionskommunen, die &#8211; im Gegensatz zu den sogenannten Arbeitsgemeinschaften aus Arbeitsagenturen und Kommunen &#8211; Langzeitarbeitslose in Eigenregie betreuen und vermitteln. Innerhalb der Kreisverwaltung wird diese Aufgabe vom Fachdienst Arbeit wahrgenommen.<\/p>\n<\/div>","protected":false},"author":1,"featured_media":0,"comment_status":"closed","ping_status":"closed","sticky":false,"template":"","format":"standard","meta":{"footnotes":""},"categories":[1,29],"tags":[],"class_list":["post-7768","post","type-post","status-publish","format-standard","hentry","category-startseite","category-politik"],"_links":{"self":[{"href":"https:\/\/www.fuldaernachrichten.de\/index.php?rest_route=\/wp\/v2\/posts\/7768","targetHints":{"allow":["GET"]}}],"collection":[{"href":"https:\/\/www.fuldaernachrichten.de\/index.php?rest_route=\/wp\/v2\/posts"}],"about":[{"href":"https:\/\/www.fuldaernachrichten.de\/index.php?rest_route=\/wp\/v2\/types\/post"}],"author":[{"embeddable":true,"href":"https:\/\/www.fuldaernachrichten.de\/index.php?rest_route=\/wp\/v2\/users\/1"}],"replies":[{"embeddable":true,"href":"https:\/\/www.fuldaernachrichten.de\/index.php?rest_route=%2Fwp%2Fv2%2Fcomments&post=7768"}],"version-history":[{"count":0,"href":"https:\/\/www.fuldaernachrichten.de\/index.php?rest_route=\/wp\/v2\/posts\/7768\/revisions"}],"wp:attachment":[{"href":"https:\/\/www.fuldaernachrichten.de\/index.php?rest_route=%2Fwp%2Fv2%2Fmedia&parent=7768"}],"wp:term":[{"taxonomy":"category","embeddable":true,"href":"https:\/\/www.fuldaernachrichten.de\/index.php?rest_route=%2Fwp%2Fv2%2Fcategories&post=7768"},{"taxonomy":"post_tag","embeddable":true,"href":"https:\/\/www.fuldaernachrichten.de\/index.php?rest_route=%2Fwp%2Fv2%2Ftags&post=7768"}],"curies":[{"name":"wp","href":"https:\/\/api.w.org\/{rel}","templated":true}]}}