{"id":7766,"date":"2008-02-08T00:14:28","date_gmt":"2008-02-07T23:14:28","guid":{"rendered":"http:\/\/www.schoene-nachrichten.de\/?p=7766"},"modified":"2008-02-07T19:43:59","modified_gmt":"2008-02-07T18:43:59","slug":"zauberei-und-comedy-in-eichenzell","status":"publish","type":"post","link":"https:\/\/www.fuldaernachrichten.de\/?p=7766","title":{"rendered":"Zauberei und Comedy in Eichenzell"},"content":{"rendered":"<p><strong><a rel=\"lightbox[roadtrip]\" target=\"_blank\" href=\"http:\/\/www.schoene-nachrichten.de\/wp-content\/uploads\/2008\/02\/080207_saxer-mit-bar.jpg\" title=\"080207_saxer-mit-bar.jpg\"><img decoding=\"async\" align=\"left\" src=\"http:\/\/www.schoene-nachrichten.de\/wp-content\/uploads\/2008\/02\/080207_saxer-mit-bar.thumbnail.jpg\" hspace=\"5\" alt=\"080207_saxer-mit-bar.jpg\" \/><\/a>Eichenzell.<\/strong> Angefreundet haben sie sich bereits letztes Jahr: Die Kinder von Eichenzell und Didi Saxer. Und es k\u00fcndigt sich ein wahrlich magisches Wiedersehen an. Am Sonntag, 17.02.2008, um 15.00 Uhr, kommt Didi Saxer diesmal in die Kulturscheune in Eichenzell und verbl\u00fcfft mit seinem humorvollen Zauberprogramm. In rasantem Tempo surft Saxer von Trick zu Trick und von Gag zu Gag. Dabei spielt er sein Gesp\u00fcr f\u00fcr skurrile Komik und Mimik gekonnt aus und erweist sich im Umgang mit dem verbl\u00fcfften Publikum als ausgesprochen schlagfertig und improvisationsfreudig. Wieder sind es die Kinder, die ihm dabei aktiv zur Seite stehen werden, damit so manches r\u00e4tselhafte Kunstst\u00fcck gelingen mag.<!--more--><\/p>\n<p>Seit 1994 ist Didi Saxer mit verschiedenen kabarettistischen Zaubersolos unterwegs. Einige seiner Produktionen wurden bei nationalen und internationalen Wettbewerben ausgezeichnet. U.a. war er auch Stipendiat der Kunststiftung Baden-W\u00fcrttemberg und der Friedrich-Ebert-Stiftung. Saxer gibt Theater- und Zauberworkshops und promoviert zur Zeit an der Universit\u00e4t der K\u00fcnste in Berlin<\/p>\n<p>Karten und Infos:\u00c2\u00a0Gemeinde Eichenzell, Tel. 06659\/ 979-43<br \/>\nLotto-Annahmestelle G\u00fcnther, Tel. 06659\/ 3781<br \/>\nEintritt: \u00c2\u00a0\u00c2\u00a0Kinder \/ Erwachsene 3,00 \u00e2\u201a\u00ac<br \/>\n\u00c2\u00a0<\/p>\n","protected":false},"excerpt":{"rendered":"<div class=\"tmnf_excerpt\"><p>Eichenzell. Angefreundet haben sie sich bereits letztes Jahr: Die Kinder von Eichenzell und Didi Saxer. Und es k\u00fcndigt sich ein wahrlich magisches Wiedersehen an. Am Sonntag, 17.02.2008, um 15.00 Uhr, kommt Didi Saxer diesmal in die Kulturscheune in Eichenzell und verbl\u00fcfft mit seinem humorvollen Zauberprogramm. In rasantem Tempo surft Saxer von Trick zu Trick und &hellip;<\/p>\n<\/div>","protected":false},"author":1,"featured_media":0,"comment_status":"closed","ping_status":"closed","sticky":false,"template":"","format":"standard","meta":{"footnotes":""},"categories":[1,44],"tags":[],"class_list":["post-7766","post","type-post","status-publish","format-standard","hentry","category-startseite","category-kultur"],"_links":{"self":[{"href":"https:\/\/www.fuldaernachrichten.de\/index.php?rest_route=\/wp\/v2\/posts\/7766","targetHints":{"allow":["GET"]}}],"collection":[{"href":"https:\/\/www.fuldaernachrichten.de\/index.php?rest_route=\/wp\/v2\/posts"}],"about":[{"href":"https:\/\/www.fuldaernachrichten.de\/index.php?rest_route=\/wp\/v2\/types\/post"}],"author":[{"embeddable":true,"href":"https:\/\/www.fuldaernachrichten.de\/index.php?rest_route=\/wp\/v2\/users\/1"}],"replies":[{"embeddable":true,"href":"https:\/\/www.fuldaernachrichten.de\/index.php?rest_route=%2Fwp%2Fv2%2Fcomments&post=7766"}],"version-history":[{"count":0,"href":"https:\/\/www.fuldaernachrichten.de\/index.php?rest_route=\/wp\/v2\/posts\/7766\/revisions"}],"wp:attachment":[{"href":"https:\/\/www.fuldaernachrichten.de\/index.php?rest_route=%2Fwp%2Fv2%2Fmedia&parent=7766"}],"wp:term":[{"taxonomy":"category","embeddable":true,"href":"https:\/\/www.fuldaernachrichten.de\/index.php?rest_route=%2Fwp%2Fv2%2Fcategories&post=7766"},{"taxonomy":"post_tag","embeddable":true,"href":"https:\/\/www.fuldaernachrichten.de\/index.php?rest_route=%2Fwp%2Fv2%2Ftags&post=7766"}],"curies":[{"name":"wp","href":"https:\/\/api.w.org\/{rel}","templated":true}]}}