{"id":7763,"date":"2008-02-07T00:20:49","date_gmt":"2008-02-06T23:20:49","guid":{"rendered":"http:\/\/www.schoene-nachrichten.de\/?p=7763"},"modified":"2008-02-07T00:20:49","modified_gmt":"2008-02-06T23:20:49","slug":"hessischer-landesjugendchor-gegruendet-gut-investierte-mittel-fuer-die-bildung-junger-menschen","status":"publish","type":"post","link":"https:\/\/www.fuldaernachrichten.de\/?p=7763","title":{"rendered":"Hessischer Landesjugendchor gegr\u00fcndet &#8211; &#8220;Gut investierte Mittel f\u00fcr die Bildung junger Menschen&#8221;"},"content":{"rendered":"<p><strong>Wiesbaden.<\/strong> In Hessen wird ein Landesjugendchor gegr\u00fcndet. Das hat Staatsminister Udo Corts heute in Wiesbaden mitgeteilt: \u201eDer Hessische Landesjugendchor ist zur F\u00f6rderung junger und begabter S\u00e4ngerinnen und S\u00e4nger im Alter von 16 bis 27 Jahren gedacht. Er will das Einstudieren anspruchsvoller Chorliteratur erm\u00f6glichen und auch auf ein sp\u00e4teres Gesangsstudium vorbereiten.\u201c Sein Deb\u00fct wird der neue Landesjugendchor mit einem Konzert im Herbst 2008 geben. K\u00fcnftig sind auch Auftritte beim Tag der Musik auf dem Hessentag, bei Landesveranstaltungen und bei den regionalen Kultursommern vorgesehen.<\/p>\n<p><!--more-->Die Tr\u00e4gerschaft wird der Hessische S\u00e4ngerbund e.V. \u00fcbernehmen, der mit seinen \u00fcber 74.000 S\u00e4ngerinnen und S\u00e4ngern in rund 2.400 Ch\u00f6ren daf\u00fcr pr\u00e4destiniert ist. In den Arbeits- und Probephasen des Landesjugendchors werden die Mitglieder mit erfahrenen Dirigenten, Dozenten und Stimmbildnern zu besonderer Leistungsst\u00e4rke gef\u00fchrt und k\u00f6nnen an die in ihren Heimatch\u00f6ren gewonnenen, allgemein hohen Ma\u00dfst\u00e4be des Chorsingens nahtlos ankn\u00fcpfen. F\u00fcr die Startphase 2008 stellt das Ministerium f\u00fcr Wissenschaft und Kunst 15.000 Euro bereit; in Zukunft ist eine j\u00e4hrliche F\u00f6rderung vorgesehen.<\/p>\n<p>Der Landesjugendchor erg\u00e4nzt die bisherigen F\u00f6rderprojekte im Instrumentalmusizieren. Die f\u00fcnf hessischen Jugendorchester \u2013 Landesjugendsinfonieorchester und Landesjugendjazzorchester, das neu gegr\u00fcndete Landesjugendblasorchester sowie das Zupf- und Akkordeonorchester \u2013 arbeiten bereits erfolgreich in der musischen Bildung von jungen hochbegabten Musikerinnen und Musikern. Insgesamt wendet das Land zur F\u00f6rderung des musikalischen Nachwuchses 267.000 Euro auf.<\/p>\n<p>\u201eDas sind gut investierte Mittel f\u00fcr die Bildung junger Menschen\u201c, sagte der Minister. \u201eGemeinsames Singen in einem Chor und die \u00f6ffentliche Auff\u00fchrung des Erarbeiteten erfordern neben der stimmlichen Qualit\u00e4t auch das Ein\u00fcben von sozialem Rollenverhalten. Das verlangt R\u00fccksichtnahme, aufeinander eingehen und manchmal auch, sich zum Wohl der Gemeinschaft selbst etwas zur\u00fcckzunehmen. Diese Kompetenzen spielen auch im gesellschaftlichen Leben eine wichtige Rolle.\u201c\u00c2\u00a0<\/p>\n","protected":false},"excerpt":{"rendered":"<div class=\"tmnf_excerpt\"><p>Wiesbaden. In Hessen wird ein Landesjugendchor gegr\u00fcndet. Das hat Staatsminister Udo Corts heute in Wiesbaden mitgeteilt: \u201eDer Hessische Landesjugendchor ist zur F\u00f6rderung junger und begabter S\u00e4ngerinnen und S\u00e4nger im Alter von 16 bis 27 Jahren gedacht. Er will das Einstudieren anspruchsvoller Chorliteratur erm\u00f6glichen und auch auf ein sp\u00e4teres Gesangsstudium vorbereiten.\u201c Sein Deb\u00fct wird der neue &hellip;<\/p>\n<\/div>","protected":false},"author":1,"featured_media":0,"comment_status":"closed","ping_status":"closed","sticky":false,"template":"","format":"standard","meta":{"footnotes":""},"categories":[1,72,44,29],"tags":[],"class_list":["post-7763","post","type-post","status-publish","format-standard","hentry","category-startseite","category-jugend","category-kultur","category-politik"],"_links":{"self":[{"href":"https:\/\/www.fuldaernachrichten.de\/index.php?rest_route=\/wp\/v2\/posts\/7763","targetHints":{"allow":["GET"]}}],"collection":[{"href":"https:\/\/www.fuldaernachrichten.de\/index.php?rest_route=\/wp\/v2\/posts"}],"about":[{"href":"https:\/\/www.fuldaernachrichten.de\/index.php?rest_route=\/wp\/v2\/types\/post"}],"author":[{"embeddable":true,"href":"https:\/\/www.fuldaernachrichten.de\/index.php?rest_route=\/wp\/v2\/users\/1"}],"replies":[{"embeddable":true,"href":"https:\/\/www.fuldaernachrichten.de\/index.php?rest_route=%2Fwp%2Fv2%2Fcomments&post=7763"}],"version-history":[{"count":0,"href":"https:\/\/www.fuldaernachrichten.de\/index.php?rest_route=\/wp\/v2\/posts\/7763\/revisions"}],"wp:attachment":[{"href":"https:\/\/www.fuldaernachrichten.de\/index.php?rest_route=%2Fwp%2Fv2%2Fmedia&parent=7763"}],"wp:term":[{"taxonomy":"category","embeddable":true,"href":"https:\/\/www.fuldaernachrichten.de\/index.php?rest_route=%2Fwp%2Fv2%2Fcategories&post=7763"},{"taxonomy":"post_tag","embeddable":true,"href":"https:\/\/www.fuldaernachrichten.de\/index.php?rest_route=%2Fwp%2Fv2%2Ftags&post=7763"}],"curies":[{"name":"wp","href":"https:\/\/api.w.org\/{rel}","templated":true}]}}