{"id":77589,"date":"2010-12-01T00:05:27","date_gmt":"2010-11-30T23:05:27","guid":{"rendered":"http:\/\/www.fuldaer-nachrichten.de\/?p=77589"},"modified":"2010-12-01T08:46:15","modified_gmt":"2010-12-01T07:46:15","slug":"servicestelle-rund-um-ehrenamt-und-buergerschaftliches-engagement","status":"publish","type":"post","link":"https:\/\/www.fuldaernachrichten.de\/?p=77589","title":{"rendered":"Servicestelle rund um Ehrenamt und b\u00fcrgerschaftliches Engagement"},"content":{"rendered":"<p><a href=\"http:\/\/www.fuldaer-nachrichten.de\/wp-content\/uploads\/2010\/12\/081205_Landkreis_001.jpg\"><img decoding=\"async\" class=\"alignnone size-thumbnail wp-image-77709\" title=\"081205_Landkreis_001\" src=\"http:\/\/www.fuldaer-nachrichten.de\/wp-content\/uploads\/2010\/12\/081205_Landkreis_001.jpg\" alt=\"\" width=\"560\" srcset=\"https:\/\/www.fuldaernachrichten.de\/wp-content\/uploads\/2010\/12\/081205_Landkreis_001.jpg 592w, https:\/\/www.fuldaernachrichten.de\/wp-content\/uploads\/2010\/12\/081205_Landkreis_001-265x175.jpg 265w\" sizes=\"(max-width: 592px) 100vw, 592px\" \/><\/a><\/p>\n<p><strong>Fulda. <\/strong>Ob in Vereinen, Jugendgruppen, Organisationen, Kirchen, Verb\u00e4nden oder Projekten \u2013\u00c2\u00a0 \u00fcberall engagieren sich ehrenamtliche Mitarbeiter, um ein lebendiges Miteinander zu erm\u00f6glichen. Seit 1998 ist der Treffpunkt Aktiv eine kompetente und offene Anlauf- und Servicestelle f\u00fcr freiwillig Engagierte im Landkreis Fulda. Das breite Aufgabengebiet der Servicestelle deckt nahezu alle Themenbereiche ab, die im Zusammenhang mit ehrenamtlicher Arbeit stehen. <!--more--><\/p>\n<p><strong>Alle Formen ehrenamtlicher Arbeit f\u00f6rdern<\/strong><\/p>\n<p>\u201eUnsere Zielsetzung ist es, alle Formen ehrenamtlicher Arbeit zu f\u00f6rdern\u201c, unterstreicht Sandra Buresch, die seit knapp drei Jahren als Mitarbeiterin des Fachdienstes Jugend, Familie, Sport, Ehrenamt den Treffpunkt Aktiv leitet und Anlaufstelle f\u00fcr ehrenamtlich Aktive im Landkreis ist. \u201eWir haben eine breite potentielle Zielgruppe\u201c, sagt Sandra Buresch, die betont, dass alle Altersgruppen angesprochen werden sollen. Die pers\u00f6nliche Beratung richtet sich nicht nur an Vereine und Verb\u00e4nde, diese nutzen sie aber am h\u00e4ufigsten, etwa bei Vereinsneugr\u00fcndungen, Versicherungs- und Satzungsfragen oder Unsicherheiten rund um das Thema Gemeinn\u00fctzigkeit.<\/p>\n<p>Vielfach thematisiert wird auch das Problem des Mitgliederschwunds und der \u00dcberalterung. \u201eWir haben in Fulda eine sehr gute Vereinslandschaft und es gibt viele Menschen, die sich in verschiedenen Formen ehrenamtlich engagieren. Dennoch kann man beobachten, dass besonders junge Leute sich vermehrt aus Vereinen zur\u00fcckziehen beziehungsweise keine langfristigen Vereinsaufgaben mehr \u00fcbernehmen k\u00f6nnen.\u201c Die Leiterin des Treffpunkts Aktiv wei\u00df, dass dies h\u00e4ufig mit den gesteigerten Anforderungen an Mobilit\u00e4t, Unabh\u00e4ngigkeit und Flexibilit\u00e4t einhergeht. Die Bereitschaft, sich zu engagieren, sei unver\u00e4ndert hoch, nur die Form des Engagements habe sich ver\u00e4ndert. \u201eJunge Menschen brauchen es flexibler.\u201c<\/p>\n<p><strong>Ehrenamtssuchmaschine<\/strong><\/p>\n<p>Mit einer bundesweiten Datenbank, der so genannten \u201eEhrenamtssuchmaschine\u201c, soll diesem Ph\u00e4nomen begegnet werden. Die Suchmaschine b\u00fcndelt Angebot und Nachfrage nach b\u00fcrgerschaftlichem Engagement, h\u00e4ufig in zeitlich begrenzten Projekten. \u201eEs sind auch Vereine aus der Region eingepflegt und ich hoffe, dass besonders junge Leute die Datenbank nutzen, denn sie reagiert auf die Anforderungen unserer Zeit: schnell, flexibel und online verf\u00fcgbar.\u201c Auf die r\u00e4umliche Mobilit\u00e4t junger Menschen zugeschnitten ist auch ein weiteres Aufgabenfeld der Servicestelle, der \u201eEurop\u00e4ische Freiwilligendienst\u201c. Sandra Buresch beobachtet, dass dieses Angebot sehr gut angenommen wird, weil es sich um eine fachkundig organisierte und umfassend betreute M\u00f6glichkeit handelt, erste Auslandserfahrungen zu sammeln.<\/p>\n<p>\u201eWir legen den Fokus aber nicht nur auf Jugendarbeit\u201c, hebt Sandra Buresch hervor und berichtet \u00fcber das Projekt \u201eSeniorguides\u201c, das ein Qualifizierungsprogramm f\u00fcr \u00e4ltere Menschen bietet. In Kooperation mit dem Sozialdienst Katholischer Frauen sollen Senioren durch Schulungen bef\u00e4higt werden, f\u00fcr gleichaltrige Mitmenschen Touren, Besichtigungen oder F\u00fchrungen zu organisieren \u2013 abh\u00e4ngig vom individuellem Wissens- und Interessensgebiet. \u201eEs ist sehr spannend zu sehen, welche Vorstellungen und Ideen es in diesem Bereich gibt und vor welche neuen Herausforderungen, zum Beispiel durch die eingeschr\u00e4nkte Mobilit\u00e4t der Senioren, die Arbeit gestellt wird.\u201c<\/p>\n<p><strong>Ehrenamts-Card<\/strong><\/p>\n<p>Generations\u00fcbergreifend wird im Rahmen der \u201eFreiwilligendienste aller Generationen\u201c gearbeitet. Etwa in Projekten, bei denen sich Senioren in Schulbibliotheken oder in Kinderg\u00e4rten engagieren k\u00f6nnen. Das Projekt bietet die M\u00f6glichkeit, f\u00fcr einen begrenzten Zeitraum in b\u00fcrgerschaftliches Engagement hineinzuschnuppern. \u201eIm Rahmen dieses Programms engagieren sich Menschen f\u00fcr sechs Monate mindestens zehn Stunden pro Woche\u201c, erz\u00e4hlt Sandra Buresch, die berichtet, dass dieses Projekt gerade anl\u00e4uft und momentan viele Erstgespr\u00e4che stattfinden.<\/p>\n<p>Viele weitere Angebote, wie die Unterst\u00fctzung bei der Suche nach Finanzierungsm\u00f6glichkeiten, die Auszeichnung mit der Jugendleiter- und der Ehrenamts-Card sowie der Verleih von Spielsachen, Beamern, einem Kleinbus und anderen n\u00fctzlichen Ger\u00e4ten, runden die Palette ab. \u201eJeder, der sich f\u00fcr b\u00fcrgerschaftliches Engagement interessiert, kann sich bei uns melden. Durch eine gute Vernetzung k\u00f6nnen wir vielf\u00e4ltige Unterst\u00fctzung anbieten\u201c, unterstreicht Sandra Buresch.<\/p>\n","protected":false},"excerpt":{"rendered":"<div class=\"tmnf_excerpt\"><p>Fulda. Ob in Vereinen, Jugendgruppen, Organisationen, Kirchen, Verb\u00e4nden oder Projekten \u2013\u00c2\u00a0 \u00fcberall engagieren sich ehrenamtliche Mitarbeiter, um ein lebendiges Miteinander zu erm\u00f6glichen. Seit 1998 ist der Treffpunkt Aktiv eine kompetente und offene Anlauf- und Servicestelle f\u00fcr freiwillig Engagierte im Landkreis Fulda. Das breite Aufgabengebiet der Servicestelle deckt nahezu alle Themenbereiche ab, die im Zusammenhang mit &hellip;<\/p>\n<\/div>","protected":false},"author":1,"featured_media":0,"comment_status":"closed","ping_status":"closed","sticky":false,"template":"","format":"standard","meta":{"footnotes":""},"categories":[1,44,29,78],"tags":[],"class_list":["post-77589","post","type-post","status-publish","format-standard","hentry","category-startseite","category-kultur","category-politik","category-topthema"],"_links":{"self":[{"href":"https:\/\/www.fuldaernachrichten.de\/index.php?rest_route=\/wp\/v2\/posts\/77589","targetHints":{"allow":["GET"]}}],"collection":[{"href":"https:\/\/www.fuldaernachrichten.de\/index.php?rest_route=\/wp\/v2\/posts"}],"about":[{"href":"https:\/\/www.fuldaernachrichten.de\/index.php?rest_route=\/wp\/v2\/types\/post"}],"author":[{"embeddable":true,"href":"https:\/\/www.fuldaernachrichten.de\/index.php?rest_route=\/wp\/v2\/users\/1"}],"replies":[{"embeddable":true,"href":"https:\/\/www.fuldaernachrichten.de\/index.php?rest_route=%2Fwp%2Fv2%2Fcomments&post=77589"}],"version-history":[{"count":4,"href":"https:\/\/www.fuldaernachrichten.de\/index.php?rest_route=\/wp\/v2\/posts\/77589\/revisions"}],"predecessor-version":[{"id":77710,"href":"https:\/\/www.fuldaernachrichten.de\/index.php?rest_route=\/wp\/v2\/posts\/77589\/revisions\/77710"}],"wp:attachment":[{"href":"https:\/\/www.fuldaernachrichten.de\/index.php?rest_route=%2Fwp%2Fv2%2Fmedia&parent=77589"}],"wp:term":[{"taxonomy":"category","embeddable":true,"href":"https:\/\/www.fuldaernachrichten.de\/index.php?rest_route=%2Fwp%2Fv2%2Fcategories&post=77589"},{"taxonomy":"post_tag","embeddable":true,"href":"https:\/\/www.fuldaernachrichten.de\/index.php?rest_route=%2Fwp%2Fv2%2Ftags&post=77589"}],"curies":[{"name":"wp","href":"https:\/\/api.w.org\/{rel}","templated":true}]}}