{"id":7751,"date":"2008-02-06T00:30:08","date_gmt":"2008-02-05T23:30:08","guid":{"rendered":"http:\/\/www.schoene-nachrichten.de\/?p=7751"},"modified":"2008-02-06T15:37:42","modified_gmt":"2008-02-06T14:37:42","slug":"buergermeister-dr-dippel-besuchte-caritas-lehranstalt","status":"publish","type":"post","link":"https:\/\/www.fuldaernachrichten.de\/?p=7751","title":{"rendered":"B\u00fcrgermeister Dr. Dippel besuchte Caritas Lehranstalt"},"content":{"rendered":"<p><strong><a rel=\"lightbox[roadtrip]\" target=\"_blank\" href=\"http:\/\/www.schoene-nachrichten.de\/wp-content\/uploads\/2008\/02\/080206_dippel.jpg\" title=\"080206_dippel.jpg\"><img decoding=\"async\" align=\"left\" src=\"http:\/\/www.schoene-nachrichten.de\/wp-content\/uploads\/2008\/02\/080206_dippel.thumbnail.jpg\" hspace=\"5\" alt=\"080206_dippel.jpg\" \/><\/a>Fulda.<\/strong> Einen Informationsbesuch stattete B\u00fcrgermeister Dr. Wolfgang Dippel der Caritas Lehranstalt f\u00fcr Altenpflege in der Fuldaer Ratgarstra\u00dfe ab. Dabei traf er neben Schulleiterin Gabriele Krieg-Hartmann auch mit Di\u00f6zesan-Caritasdirektor Dr. Markus Juch sowie mit Achim Eng, Ressortleiter der Caritas Altenhilfe, zu einem Gedankenaustausch zusammen.<!--more--><\/p>\n<p>Zun\u00e4chst f\u00fchrte Frau Krieg-Hartmann den B\u00fcrgermeister durch die Einrichtung. Bestandteil dieses Rundganges waren auch Stippvisiten im Klassenraum der im Herbst 2007 angelaufenen dreij\u00e4hrigen Ausbildung zur examinierten Altenpflegerin \/zum Altenpfleger sowie in der Klasse des einj\u00e4hrigen Altenpflegehelferkurses, der jetzt im Februar unmittelbar vor der Pr\u00fcfung steht. Dr. Dippel befragte die meist jugendlichen Sch\u00fclerinnen und Sch\u00fcler, ob sie mit der Ausbildung in Lehranstalt und Altenpflegeheimen zufrieden sind. Auch lie\u00df er sich ihre weiter gehenden Berufspl\u00e4ne schildern.<\/p>\n<p>Das anschlie\u00dfende Gespr\u00e4ch im Dozentenzimmer nutzten der B\u00fcrgermeister und die Vertreter des Caritasverbandes, um verschiedene Aspekte der Vernetzung von Stadt und Lehranstalt f\u00fcr Altenpflege zu er\u00f6rtern. Caritasdirektor Dr. Juch betonte, dass die allgemeine Akademisierung auch des Ausbildungsbereiches \u201ePflege\u201c sicher mittelfristig zu Verschiebungen im Konzept der Lehranstalt f\u00fchren werde.<\/p>\n<p>So denke man daran, zur verbesserten Verzahnung des Fuldaer Hochschulangebotes und des st\u00e4dtischen Klinikums mit der praktischen Ausbildung der Lehranstalt als Zusatzangebot Lehrg\u00e4nge f\u00fcr Praxisanleiter anzubieten. Auch in Hinblick auf Zusatzausbildungen zur Spezialisierung \u2013 etwa im Bereich \u201eUmgang mit dementen Menschen\u201c, so erg\u00e4nzte der Ressortleiter der Caritas\u00c2\u00a0 Altenhilfe, Achim Eng, sei ein zuk\u00fcnftiges Engagement der Lehranstalt denkbar.<\/p>\n<p>B\u00fcrgermeister Dr. Dippel betonte seinerseits, dass ihm an einer engen Zusammenarbeit relevanter kommunaler Gremien und Institutionen mit der Caritas Lehranstalt sehr gelegen sei, und dass er bereit w\u00e4re, entsprechende Kontakte herzustellen beziehungsweise zu unterst\u00fctzen.<\/p>\n<p>Einig waren sich der B\u00fcrgermeister und die Caritas-Vertreter darin, dass der Besuch in der Lehranstalt ein guter Ansatz war, den Status der Ausbidlungssituation \u201eAltenpflege\u201c im Gro\u00dfraum Fulda zu beleuchten und erste Weichen f\u00fcr eine weitere effiziente und den Menschen der Region Nutzen bringende Zusammenarbeit gestellt zu haben.\u00c2\u00a0(cif)\u00c2\u00a0\u00c2\u00a0<\/p>\n","protected":false},"excerpt":{"rendered":"<div class=\"tmnf_excerpt\"><p>Fulda. Einen Informationsbesuch stattete B\u00fcrgermeister Dr. Wolfgang Dippel der Caritas Lehranstalt f\u00fcr Altenpflege in der Fuldaer Ratgarstra\u00dfe ab. Dabei traf er neben Schulleiterin Gabriele Krieg-Hartmann auch mit Di\u00f6zesan-Caritasdirektor Dr. Markus Juch sowie mit Achim Eng, Ressortleiter der Caritas Altenhilfe, zu einem Gedankenaustausch zusammen.<\/p>\n<\/div>","protected":false},"author":1,"featured_media":0,"comment_status":"closed","ping_status":"closed","sticky":false,"template":"","format":"standard","meta":{"footnotes":""},"categories":[1,29],"tags":[],"class_list":["post-7751","post","type-post","status-publish","format-standard","hentry","category-startseite","category-politik"],"_links":{"self":[{"href":"https:\/\/www.fuldaernachrichten.de\/index.php?rest_route=\/wp\/v2\/posts\/7751","targetHints":{"allow":["GET"]}}],"collection":[{"href":"https:\/\/www.fuldaernachrichten.de\/index.php?rest_route=\/wp\/v2\/posts"}],"about":[{"href":"https:\/\/www.fuldaernachrichten.de\/index.php?rest_route=\/wp\/v2\/types\/post"}],"author":[{"embeddable":true,"href":"https:\/\/www.fuldaernachrichten.de\/index.php?rest_route=\/wp\/v2\/users\/1"}],"replies":[{"embeddable":true,"href":"https:\/\/www.fuldaernachrichten.de\/index.php?rest_route=%2Fwp%2Fv2%2Fcomments&post=7751"}],"version-history":[{"count":0,"href":"https:\/\/www.fuldaernachrichten.de\/index.php?rest_route=\/wp\/v2\/posts\/7751\/revisions"}],"wp:attachment":[{"href":"https:\/\/www.fuldaernachrichten.de\/index.php?rest_route=%2Fwp%2Fv2%2Fmedia&parent=7751"}],"wp:term":[{"taxonomy":"category","embeddable":true,"href":"https:\/\/www.fuldaernachrichten.de\/index.php?rest_route=%2Fwp%2Fv2%2Fcategories&post=7751"},{"taxonomy":"post_tag","embeddable":true,"href":"https:\/\/www.fuldaernachrichten.de\/index.php?rest_route=%2Fwp%2Fv2%2Ftags&post=7751"}],"curies":[{"name":"wp","href":"https:\/\/api.w.org\/{rel}","templated":true}]}}